{"id":48636,"date":"2012-02-11T08:32:55","date_gmt":"2012-02-11T06:32:55","guid":{"rendered":"http:\/\/www.korhanyilmaz.com\/?p=48636"},"modified":"2012-02-11T13:15:08","modified_gmt":"2012-02-11T11:15:08","slug":"erdogan-ikinci-kez-ameliyat-oldu","status":"publish","type":"post","link":"http:\/\/www.korhanyilmaz.com\/?p=48636","title":{"rendered":"Erdo\u011fan ikinci kez ameliyat oldu"},"content":{"rendered":"<p style=\"text-align: center;\"><a href=\"http:\/\/www.korhanyilmaz.com\/wp-content\/uploads\/2012\/02\/9742.jpg\"  class=\"lightview\"><img loading=\"lazy\" decoding=\"async\" class=\"aligncenter  wp-image-48637\" src=\"http:\/\/www.korhanyilmaz.com\/wp-content\/uploads\/2012\/02\/9742.jpg\" alt=\"\" width=\"396\" height=\"180\" \/><\/a><\/p>\n<p style=\"text-align: justify;\">Ba\u015fbakan Erdo\u011fan, 26 Kas\u0131m 2011\u2019de ge\u00e7irdi\u011fi sindirim sistemi ameliyat\u0131n\u0131n ard\u0131ndan d\u00fcn ak\u015fam ikinci bir ameliyat ge\u00e7irdi. Ba\u015fbakanl\u0131k&#8217;tan yap\u0131lan a\u00e7\u0131klamada ameliyat\u0131n tamamlay\u0131c\u0131 t\u0131bbi m\u00fcdahale oldu\u011fu bildirildi.<\/p>\n<p style=\"text-align: justify;\">\u0130STANBUL &#8211; Ba\u015fbakan Erdo\u011fan, 26 Kas\u0131m 2011\u2019de ge\u00e7irdi\u011fi sindirim sistemi ameliyat\u0131n\u0131n ard\u0131ndan d\u00fcn ak\u015fam ikinci bir ameliyat ge\u00e7irdi. Ba\u015fbakanl\u0131k\u2019tan yap\u0131lan a\u00e7\u0131klamada ameliyat\u0131n tamamlay\u0131c\u0131 t\u0131bbi m\u00fcdahale oldu\u011fu ve Erdo\u011fan&#8217;\u0131n sa\u011fl\u0131k durumunun iyi oldu\u011fu bildirildi.\u00a0<!--more--><\/p>\n<p style=\"text-align: justify;\"><strong>M\u0130T SORU\u015eTURMASI ERTELETT\u0130<\/strong><\/p>\n<p style=\"text-align: justify;\">Per\u015fembe g\u00fcn\u00fc yap\u0131lmas\u0131 planlanan ameliyat\u0131n, M\u0130T y\u00f6neticilerine ili\u015fkin ya\u015fanan geli\u015fmeler sebebiyle Ba\u015fbakan Erdo\u011fan taraf\u0131ndan bir g\u00fcn ertelendi\u011fi \u00f6\u011frenildi. Hafta sonunu \u0130stanbul\u2019da ge\u00e7iren Erdo\u011fan, cuma namaz\u0131n\u0131n ard\u0131ndan Dolmabah\u00e7e\u2019deki ofisine ge\u00e7ti. Ofisinde 1 saat kalan Ba\u015fbakan, daha sonra Karacaahmet Mezarl\u0131\u011f\u0131\u2019nda anne ve babas\u0131n\u0131n kabirlerini ziyaret etti. Erdo\u011fan, buradan dan\u0131\u015fman\u0131 M\u00fccahit Aslan ile birlikte K\u0131s\u0131kl\u0131\u2019daki konutuna gitti. Gazetecilere Ba\u015fbakan\u2019\u0131n ak\u015fam herhangi bir program\u0131n\u0131n olmad\u0131\u011f\u0131 ve d\u0131\u015far\u0131 \u00e7\u0131kmayaca\u011f\u0131 bilgisi verildi.<\/p>\n<p style=\"text-align: justify;\"><strong>\u0130Y\u0130LE\u015eME S\u00dcREC\u0130<\/strong><\/p>\n<p style=\"text-align: justify;\">Ak\u015fam saatlerinde K\u0131s\u0131kl\u0131\u2019daki konutundan sivil bir ara\u00e7la ayr\u0131lan Ba\u015fbakan Erdo\u011fan, Ko\u015fuyolu\u2019ndaki Medipol Hastanesi\u2019ne gitti. Erdo\u011fan, burada daha \u00f6nceki ameliyat\u0131n\u0131 ba\u015far\u0131 ile ger\u00e7ekle\u015ftiren Prof. Dr. Dursun Bu\u011fra ve ekibi taraf\u0131ndan iyile\u015fme s\u00fcrecinde tedavisinin devam\u0131 olarak ikinci bir ameliyat ge\u00e7irdi.<\/p>\n<p style=\"text-align: justify;\"><strong>BA\u015eBAKANLIK&#8217;TAN A\u00c7IKLAMA<\/strong><\/p>\n<p style=\"text-align: justify;\">Ba\u015fbakanl\u0131k Bas\u0131n Merkezi, Ba\u015fbakan Erdo\u011fan&#8217;\u0131n, 26 Kas\u0131m 2011&#8217;de ger\u00e7ekle\u015fen sindirim sistemi operasyonunun ikinci ve son a\u015famas\u0131n\u0131n yakla\u015f\u0131k 30 dakikal\u0131k bir giri\u015fimle ba\u015far\u0131yla tamamland\u0131\u011f\u0131n\u0131, ba\u015flang\u0131\u00e7ta planland\u0131\u011f\u0131 \u00fczere tedavinin bu \u015fekilde nihayete erdirildi\u011fini bildirdi.<\/p>\n<p style=\"text-align: justify;\"><span style=\"text-decoration: underline;\">A\u00e7\u0131klama \u015f\u00f6yle<\/span>:<\/p>\n<p style=\"text-align: justify;\">&#8221;Say\u0131n Ba\u015fbakan\u0131m\u0131z\u0131n 26 Kas\u0131m 2011&#8217;de ger\u00e7ekle\u015fen sindirim sistemi operasyonunun ikinci ve son a\u015famas\u0131, yakla\u015f\u0131k 30 dakikal\u0131k bir giri\u015fimle ba\u015far\u0131yla tamamlanm\u0131\u015f; ba\u015flang\u0131\u00e7ta planland\u0131\u011f\u0131 \u00fczere tedavi bu \u015fekilde nihayete ermi\u015ftir.<\/p>\n<p style=\"text-align: justify;\">Ba\u015fbakan\u0131m\u0131z\u0131n sa\u011fl\u0131\u011f\u0131 son derece iyidir. Kendisi, hafta i\u00e7inde rutin mesaisine ba\u015flamay\u0131 planlamaktad\u0131r.&#8221;<\/p>\n<p style=\"text-align: justify;\"><a href=\"http:\/\/www.gazeteport.com.tr\/haber\/78590\/erdogan_ikinci_kez_ameliyat_oldu\" target=\"_blank\">Kaynak : GAZETEPORT<\/a><\/p>\n","protected":false},"excerpt":{"rendered":"<p style=\"text-align: center;\">\n<p style=\"text-align: justify;\">Ba\u015fbakan Erdo\u011fan, 26 Kas\u0131m 2011\u2019de ge\u00e7irdi\u011fi sindirim sistemi ameliyat\u0131n\u0131n ard\u0131ndan d\u00fcn ak\u015fam ikinci bir ameliyat ge\u00e7irdi. Ba\u015fbakanl\u0131k&#8217;tan yap\u0131lan a\u00e7\u0131klamada ameliyat\u0131n tamamlay\u0131c\u0131 t\u0131bbi m\u00fcdahale oldu\u011fu bildirildi.<\/p>\n<p style=\"text-align: justify;\">\u0130STANBUL &#8211; Ba\u015fbakan Erdo\u011fan, 26 Kas\u0131m 2011\u2019de ge\u00e7irdi\u011fi sindirim sistemi ameliyat\u0131n\u0131n ard\u0131ndan d\u00fcn ak\u015fam ikinci bir ameliyat ge\u00e7irdi. Ba\u015fbakanl\u0131k\u2019tan yap\u0131lan a\u00e7\u0131klamada ameliyat\u0131n tamamlay\u0131c\u0131 <\/p>\n","protected":false},"author":1,"featured_media":0,"comment_status":"open","ping_status":"open","sticky":false,"template":"","format":"standard","meta":{"footnotes":""},"categories":[105],"tags":[929,423,930,12],"class_list":["post-48636","post","type-post","status-publish","format-standard","hentry","category-gundem","tag-dursun-bugra","tag-medipol-hastanesi","tag-mucahit-aslan","tag-recep-tayyip-erdogan","odd"],"_links":{"self":[{"href":"http:\/\/www.korhanyilmaz.com\/index.php?rest_route=\/wp\/v2\/posts\/48636","targetHints":{"allow":["GET"]}}],"collection":[{"href":"http:\/\/www.korhanyilmaz.com\/index.php?rest_route=\/wp\/v2\/posts"}],"about":[{"href":"http:\/\/www.korhanyilmaz.com\/index.php?rest_route=\/wp\/v2\/types\/post"}],"author":[{"embeddable":true,"href":"http:\/\/www.korhanyilmaz.com\/index.php?rest_route=\/wp\/v2\/users\/1"}],"replies":[{"embeddable":true,"href":"http:\/\/www.korhanyilmaz.com\/index.php?rest_route=%2Fwp%2Fv2%2Fcomments&post=48636"}],"version-history":[{"count":0,"href":"http:\/\/www.korhanyilmaz.com\/index.php?rest_route=\/wp\/v2\/posts\/48636\/revisions"}],"wp:attachment":[{"href":"http:\/\/www.korhanyilmaz.com\/index.php?rest_route=%2Fwp%2Fv2%2Fmedia&parent=48636"}],"wp:term":[{"taxonomy":"category","embeddable":true,"href":"http:\/\/www.korhanyilmaz.com\/index.php?rest_route=%2Fwp%2Fv2%2Fcategories&post=48636"},{"taxonomy":"post_tag","embeddable":true,"href":"http:\/\/www.korhanyilmaz.com\/index.php?rest_route=%2Fwp%2Fv2%2Ftags&post=48636"}],"curies":[{"name":"wp","href":"https:\/\/api.w.org\/{rel}","templated":true}]}}