{"id":48632,"date":"2012-02-11T08:14:17","date_gmt":"2012-02-11T06:14:17","guid":{"rendered":"http:\/\/www.korhanyilmaz.com\/?p=48632"},"modified":"2012-02-11T11:16:30","modified_gmt":"2012-02-11T09:16:30","slug":"4-mitciye-yakalama-emri","status":"publish","type":"post","link":"http:\/\/www.korhanyilmaz.com\/?p=48632","title":{"rendered":"4 M\u0130T&#8217;\u00e7iye yakalama emri"},"content":{"rendered":"<p style=\"text-align: center;\"><a href=\"http:\/\/www.korhanyilmaz.com\/wp-content\/uploads\/2012\/02\/9741.jpg\"  class=\"lightview\"><img loading=\"lazy\" decoding=\"async\" class=\"aligncenter  wp-image-48633\" src=\"http:\/\/www.korhanyilmaz.com\/wp-content\/uploads\/2012\/02\/9741.jpg\" alt=\"\" width=\"370\" height=\"245\" \/><\/a><\/p>\n<p style=\"text-align: justify;\">ANKARA- \u0130stanbul \u00d6zel Yetkili Cumhuriyet Ba\u015fsavc\u0131 vekilli\u011fi, KCK soru\u015fturmas\u0131 kapsam\u0131nda M\u0130T M\u00fcste\u015far\u0131 Hakan Fidan\u2019\u0131n \u015f\u00fcpheli s\u0131fat\u0131yla ifadesinin al\u0131nmas\u0131n\u0131 isterken, emekli M\u0130T mensuplar\u0131 Emre Taner, Afet G\u00fcne\u015f ile iki M\u0130T mensubu i\u00e7in de tutuklama karar\u0131 \u00e7\u0131kard\u0131. Kararlar \u00d6zel Yetkili Ankara Cumhuriyet Ba\u015fsavc\u0131vekilli\u011fi\u2019ne g\u00f6nderildi. Savc\u0131l\u0131k kaynaklar\u0131 Fidan\u2019\u0131n ifadeye gelmemesi durumunda talimat evrak\u0131n\u0131 \u0130stanbul\u2019a geri g\u00f6nderece\u011fi belirtildi.<!--more--><\/p>\n<p style=\"text-align: justify;\">Bu bilginin resmen Ankara\u2019ya ula\u015fmas\u0131ndan sonra Ankara Adliyesi\u2019nde hareketli saatler ya\u015fanmaya ba\u015fland\u0131. Ter\u00f6rle M\u00fccadele \u015eube M\u00fcd\u00fcrl\u00fc\u011f\u00fc yetkilileri savc\u0131l\u0131\u011fa \u00e7a\u011fr\u0131larak \u0130stanbul Savc\u0131l\u0131\u011f\u0131n\u0131n karar\u0131 do\u011frultusunda Taner ve G\u00fcne\u015f\u2019in yakalanmas\u0131 i\u00e7in i\u015flem ba\u015flat\u0131lmas\u0131 talimat\u0131 verildi. Ankara \u00d6zel Yetkili Ba\u015fsavc\u0131 vekili H\u00fcseyin G\u00f6r\u00fc\u015fen talimat\u0131n ard\u0131ndan Ankara Cumhuriyet Ba\u015fsavc\u0131s\u0131 Ethem Kuri\u015f ile k\u0131sa bir de\u011ferlendirme yapt\u0131. Talimat yaz\u0131s\u0131n\u0131n g\u00f6nderilmesinden sonra Ankara Savc\u0131l\u0131\u011f\u0131\u2019n\u0131n, Fidan i\u00e7in Ba\u015fbakanl\u0131ktan izin al\u0131p almayaca\u011f\u0131 sorusu da g\u00fcndeme geldi. Ba\u015fsavc\u0131l\u0131k yetkilileri bu soruya \u201cBizim b\u00f6yle bir yetkimiz olamaz\u201d yan\u0131t\u0131n\u0131 verdi.<\/p>\n<p style=\"text-align: justify;\"><strong>K\u00f6pr\u00fc g\u00f6revi g\u00f6r\u00fcr\u00fcz<\/strong><\/p>\n<p style=\"text-align: justify;\">Sav\u0131l\u0131k yetkilileri, CMK\u2019da 161. maddesinde d\u00fczenlenen \u201cCumhuriyet savc\u0131s\u0131, adl\u00ee g\u00f6revi gere\u011fince nezdinde g\u00f6rev yapt\u0131\u011f\u0131 mahkemenin yarg\u0131 \u00e7evresi d\u0131\u015f\u0131nda bir i\u015flem yapmak ihtiyac\u0131 ortaya \u00e7\u0131k\u0131nca, bu hususta o yer Cumhuriyet savc\u0131s\u0131ndan s\u00f6z konusu i\u015flemi yapmas\u0131n\u0131 ister\u201d h\u00fckm\u00fcne vurgu yapt\u0131. Savc\u0131l\u0131k yetkilileri bu h\u00fck\u00fcm nedeniyle sadece \u0130stanbul Savc\u0131l\u0131\u011f\u0131 talimat\u0131n\u0131 yerine getirmekle y\u00fck\u00fcml\u00fc olduklar\u0131n\u0131 \u201cbir k\u00f6pr\u00fc g\u00f6revi\u201d g\u00f6receklerinin alt\u0131n\u0131 \u00e7izdi.<\/p>\n<p style=\"text-align: justify;\">Fidan\u2019\u0131n Ankara Savc\u0131l\u0131\u011f\u0131\u2019na ifade vermeye gelmemesi durumunda ne yap\u0131laca\u011f\u0131, konusu da tart\u0131\u015f\u0131ld\u0131. Ba\u015fsavc\u0131l\u0131k yetkilileri bu y\u00f6ndeki sorulara, bu durumun tutanak alt\u0131na al\u0131narak talimat evrak\u0131n\u0131n \u201cikmalen\u201d \u0130stanbul Ba\u015fsavc\u0131l\u0131\u011f\u0131\u2019na iade edilece\u011fini belirtti.<\/p>\n<p style=\"text-align: justify;\"><a href=\"http:\/\/www.radikal.com.tr\/Radikal.aspx?aType=RadikalDetayV3&amp;ArticleID=1078400&amp;CategoryID=77\" target=\"_blank\">Kaynak : Radikal.com.tr<\/a><\/p>\n","protected":false},"excerpt":{"rendered":"<p style=\"text-align: center;\">\n<p style=\"text-align: justify;\">ANKARA- \u0130stanbul \u00d6zel Yetkili Cumhuriyet Ba\u015fsavc\u0131 vekilli\u011fi, KCK soru\u015fturmas\u0131 kapsam\u0131nda M\u0130T M\u00fcste\u015far\u0131 Hakan Fidan\u2019\u0131n \u015f\u00fcpheli s\u0131fat\u0131yla ifadesinin al\u0131nmas\u0131n\u0131 isterken, emekli M\u0130T mensuplar\u0131 Emre Taner, Afet G\u00fcne\u015f ile iki M\u0130T mensubu i\u00e7in de tutuklama karar\u0131 \u00e7\u0131kard\u0131. Kararlar \u00d6zel Yetkili Ankara Cumhuriyet Ba\u015fsavc\u0131vekilli\u011fi\u2019ne g\u00f6nderildi. Savc\u0131l\u0131k kaynaklar\u0131 Fidan\u2019\u0131n ifadeye gelmemesi durumunda talimat evrak\u0131n\u0131 <\/p>\n","protected":false},"author":1,"featured_media":0,"comment_status":"open","ping_status":"open","sticky":false,"template":"","format":"standard","meta":{"footnotes":""},"categories":[105],"tags":[],"class_list":["post-48632","post","type-post","status-publish","format-standard","hentry","category-gundem","odd"],"_links":{"self":[{"href":"http:\/\/www.korhanyilmaz.com\/index.php?rest_route=\/wp\/v2\/posts\/48632","targetHints":{"allow":["GET"]}}],"collection":[{"href":"http:\/\/www.korhanyilmaz.com\/index.php?rest_route=\/wp\/v2\/posts"}],"about":[{"href":"http:\/\/www.korhanyilmaz.com\/index.php?rest_route=\/wp\/v2\/types\/post"}],"author":[{"embeddable":true,"href":"http:\/\/www.korhanyilmaz.com\/index.php?rest_route=\/wp\/v2\/users\/1"}],"replies":[{"embeddable":true,"href":"http:\/\/www.korhanyilmaz.com\/index.php?rest_route=%2Fwp%2Fv2%2Fcomments&post=48632"}],"version-history":[{"count":0,"href":"http:\/\/www.korhanyilmaz.com\/index.php?rest_route=\/wp\/v2\/posts\/48632\/revisions"}],"wp:attachment":[{"href":"http:\/\/www.korhanyilmaz.com\/index.php?rest_route=%2Fwp%2Fv2%2Fmedia&parent=48632"}],"wp:term":[{"taxonomy":"category","embeddable":true,"href":"http:\/\/www.korhanyilmaz.com\/index.php?rest_route=%2Fwp%2Fv2%2Fcategories&post=48632"},{"taxonomy":"post_tag","embeddable":true,"href":"http:\/\/www.korhanyilmaz.com\/index.php?rest_route=%2Fwp%2Fv2%2Ftags&post=48632"}],"curies":[{"name":"wp","href":"https:\/\/api.w.org\/{rel}","templated":true}]}}