{"id":48624,"date":"2012-02-11T09:48:19","date_gmt":"2012-02-11T07:48:19","guid":{"rendered":"http:\/\/www.korhanyilmaz.com\/?p=48624"},"modified":"2012-02-11T11:05:12","modified_gmt":"2012-02-11T09:05:12","slug":"kozinoglunun-olum-nedeni-belli-oldu","status":"publish","type":"post","link":"http:\/\/www.korhanyilmaz.com\/?p=48624","title":{"rendered":"Kozino\u011flu&#8217;nun \u00f6l\u00fcm nedeni belli oldu"},"content":{"rendered":"<p style=\"text-align: center;\"><a href=\"http:\/\/www.korhanyilmaz.com\/wp-content\/uploads\/2012\/02\/9739.jpg\"  class=\"lightview\"><img loading=\"lazy\" decoding=\"async\" class=\"aligncenter  wp-image-48625\" src=\"http:\/\/www.korhanyilmaz.com\/wp-content\/uploads\/2012\/02\/9739.jpg\" alt=\"\" width=\"320\" height=\"214\" \/><\/a><\/p>\n<p style=\"text-align: justify;\">Ergenekon soru\u015fturmas\u0131nda tutuklanan M\u0130T&#8217;\u00e7i Kozino\u011flu&#8217;nun kalp hastal\u0131\u011f\u0131 nedeniyle \u00f6l\u00fcm\u00fcn ger\u00e7ekle\u015fti\u011fi belirlendi.<\/p>\n<p style=\"text-align: justify;\">\u0130STANBUL &#8211; Habert\u00fcrk gazetesinin haberine g\u00f6re, Adli T\u0131p Kurumu, Ergenekon soru\u015fturmas\u0131 kapsam\u0131nda tutuklanan M\u0130T\u2019\u00e7i Ka\u015fif Kozino\u011flu\u2019nun 12 Kas\u0131m 2011 tarihinde Silivri Cezaevi\u2019ndeki ani \u00f6l\u00fcm\u00fcyle ilgili yakla\u015f\u0131k 3 ay s\u00fcren kapsaml\u0131 otopsi \u00e7al\u0131\u015fmas\u0131n\u0131 tamamlad\u0131. Kozino\u011flu\u2019nun kronik iskemik kalp hastal\u0131\u011f\u0131 nedeniyle \u00f6ld\u00fc\u011f\u00fc tespit edildi.\u00a0<!--more--><\/p>\n<p style=\"text-align: justify;\">Ka\u015fif Kozino\u011flu\u2019nun hayat\u0131n\u0131 kaybetmesinden sonra, \u00f6ld\u00fcr\u00fcld\u00fc\u011f\u00fc y\u00f6n\u00fcnde iddialar ortaya at\u0131lm\u0131\u015f, bu nedenle Adli T\u0131p Kurumu, b\u00fct\u00e7esinide a\u015farak Amerikan laboratuvarlar\u0131nda kullan\u0131lan y\u00f6ntemlerle zehir taramas\u0131 yapm\u0131\u015ft\u0131.<\/p>\n<p style=\"text-align: justify;\">Kozino\u011flu\u2019ndan al\u0131nan doku \u00f6rneklerinde, boyama y\u00f6ntemiyle yiyecek, i\u00e7ecek ya da kulland\u0131\u011f\u0131 ila\u00e7lardan kaynaklanan kimyasal etkile\u015fimlerle zehir olup olmad\u0131\u011f\u0131 ara\u015ft\u0131r\u0131lm\u0131\u015ft\u0131. Bu analizler, tekrar tekrar yap\u0131larak sonu\u00e7lar teyit edildi. Kozino\u011flu\u2019nun kesin \u00f6l\u00fcm raporuna g\u00f6re kalp hastal\u0131\u011f\u0131 nedeniyle \u00f6l\u00fcm\u00fcn ger\u00e7ekle\u015fti\u011fi belirlendi. Adli T\u0131p raporu d\u00fcn, soru\u015fturmay\u0131 yapan savc\u0131ya g\u00f6nderdi.<\/p>\n<p style=\"text-align: justify;\"><strong>KRON\u0130K \u0130SKEM\u0130K KALP KR\u0130Z\u0130\u00a0<\/strong><\/p>\n<p style=\"text-align: justify;\">Kalbin kanlanmas\u0131n\u0131 ve oksijenlenmesini sa\u011flayan koronerarterin, \u00e7o\u011funlukla ya\u011fl\u0131 plak (aterompla\u011f\u0131) y\u00fcz\u00fcnden mekanik olrak daralmas\u0131d\u0131r. Koronerarterdeki daralman\u0131n \u015fiddeti hastal\u0131\u011f\u0131n seyrin de \u00f6nemli olmakla birlikte, daralma \u015fiddeti az olsa bile ya\u011fl\u0131 plaklarda ani \u00e7atlama, damar\u0131n tamamen aniden t\u0131kanmas\u0131 ile kalp krizi ne yol a\u00e7abilir.<\/p>\n<p style=\"text-align: justify;\"><a href=\"http:\/\/www.radikal.com.tr\/Radikal.aspx?aType=RadikalDetayV3&amp;ArticleID=1078410&amp;CategoryID=77\" target=\"_blank\">Kaynak : Radikal.com.tr<\/a><\/p>\n","protected":false},"excerpt":{"rendered":"<p style=\"text-align: center;\">\n<p style=\"text-align: justify;\">Ergenekon soru\u015fturmas\u0131nda tutuklanan M\u0130T&#8217;\u00e7i Kozino\u011flu&#8217;nun kalp hastal\u0131\u011f\u0131 nedeniyle \u00f6l\u00fcm\u00fcn ger\u00e7ekle\u015fti\u011fi belirlendi.<\/p>\n<p style=\"text-align: justify;\">\u0130STANBUL &#8211; Habert\u00fcrk gazetesinin haberine g\u00f6re, Adli T\u0131p Kurumu, Ergenekon soru\u015fturmas\u0131 kapsam\u0131nda tutuklanan M\u0130T\u2019\u00e7i Ka\u015fif Kozino\u011flu\u2019nun 12 Kas\u0131m 2011 tarihinde Silivri Cezaevi\u2019ndeki ani \u00f6l\u00fcm\u00fcyle ilgili yakla\u015f\u0131k 3 ay s\u00fcren kapsaml\u0131 otopsi \u00e7al\u0131\u015fmas\u0131n\u0131 tamamlad\u0131. Kozino\u011flu\u2019nun kronik iskemik kalp <\/p>\n","protected":false},"author":1,"featured_media":0,"comment_status":"open","ping_status":"open","sticky":false,"template":"","format":"standard","meta":{"footnotes":""},"categories":[105],"tags":[473],"class_list":["post-48624","post","type-post","status-publish","format-standard","hentry","category-gundem","tag-kasif-kozinoglu","odd"],"_links":{"self":[{"href":"http:\/\/www.korhanyilmaz.com\/index.php?rest_route=\/wp\/v2\/posts\/48624","targetHints":{"allow":["GET"]}}],"collection":[{"href":"http:\/\/www.korhanyilmaz.com\/index.php?rest_route=\/wp\/v2\/posts"}],"about":[{"href":"http:\/\/www.korhanyilmaz.com\/index.php?rest_route=\/wp\/v2\/types\/post"}],"author":[{"embeddable":true,"href":"http:\/\/www.korhanyilmaz.com\/index.php?rest_route=\/wp\/v2\/users\/1"}],"replies":[{"embeddable":true,"href":"http:\/\/www.korhanyilmaz.com\/index.php?rest_route=%2Fwp%2Fv2%2Fcomments&post=48624"}],"version-history":[{"count":0,"href":"http:\/\/www.korhanyilmaz.com\/index.php?rest_route=\/wp\/v2\/posts\/48624\/revisions"}],"wp:attachment":[{"href":"http:\/\/www.korhanyilmaz.com\/index.php?rest_route=%2Fwp%2Fv2%2Fmedia&parent=48624"}],"wp:term":[{"taxonomy":"category","embeddable":true,"href":"http:\/\/www.korhanyilmaz.com\/index.php?rest_route=%2Fwp%2Fv2%2Fcategories&post=48624"},{"taxonomy":"post_tag","embeddable":true,"href":"http:\/\/www.korhanyilmaz.com\/index.php?rest_route=%2Fwp%2Fv2%2Ftags&post=48624"}],"curies":[{"name":"wp","href":"https:\/\/api.w.org\/{rel}","templated":true}]}}