{"id":48620,"date":"2012-02-10T17:40:16","date_gmt":"2012-02-10T15:40:16","guid":{"rendered":"http:\/\/www.korhanyilmaz.com\/?p=48620"},"modified":"2012-02-10T22:05:29","modified_gmt":"2012-02-10T20:05:29","slug":"bahceliden-mit-yorumu","status":"publish","type":"post","link":"http:\/\/www.korhanyilmaz.com\/?p=48620","title":{"rendered":"Bah\u00e7eli&#8217;den &#8216;M\u0130T&#8217; yorumu"},"content":{"rendered":"<p style=\"text-align: justify;\"><a href=\"http:\/\/www.korhanyilmaz.com\/wp-content\/uploads\/2012\/02\/9738.jpg\"  class=\"lightview\"><img loading=\"lazy\" decoding=\"async\" class=\"aligncenter size-full wp-image-48621\" title=\"\" src=\"http:\/\/www.korhanyilmaz.com\/wp-content\/uploads\/2012\/02\/9738.jpg\" alt=\"\" width=\"292\" height=\"201\" \/><\/a><\/p>\n<p style=\"text-align: justify;\">MHP lideri Devlet Bah\u00e7eli, M\u0130T M\u00fcste\u015far\u0131 Hakan Fidan ve baz\u0131 eski y\u00f6neticilerin ifadeye \u00e7a\u011fr\u0131lmas\u0131yla ilgili olarak, &#8220;Mahkeme nezdinde ifade vermekten ka\u00e7\u0131nmak, hukuki k\u0131l\u0131f bulma aray\u0131\u015f\u0131na tevess\u00fcl etmek do\u011fru ve makul bir yol olmayacakt\u0131r&#8221; dedi.<\/p>\n<p style=\"text-align: justify;\">Bah\u00e7eli, yapt\u0131\u011f\u0131 yaz\u0131l\u0131 a\u00e7\u0131klamada, &#8220;\u00dclkemiz, istikrars\u0131zl\u0131k, itibars\u0131zl\u0131k ve insicams\u0131zl\u0131ktan beslenen siyaset ve y\u00f6netim alg\u0131s\u0131n\u0131n izd\u00fc\u015f\u00fcm\u00fcnde; k\u00f6kle\u015fen a\u00e7mazlar\u0131n ve anormalliklerin ileri d\u00fczeyde bask\u0131s\u0131 ve tesiri alt\u0131na girmi\u015ftir&#8221; iddias\u0131nda bulundu.\u00a0<!--more--><\/p>\n<p style=\"text-align: justify;\">T\u00fcrkiye&#8217;nin, a\u011f\u0131r ve vahim bir iddiayla \u00e7alkaland\u0131\u011f\u0131n\u0131 ileri s\u00fcren Bah\u00e7eli, M\u0130T M\u00fcste\u015far\u0131 Hakan Fidan, eski m\u00fcste\u015far ve yard\u0131mc\u0131s\u0131n\u0131n da aralar\u0131nda bulundu\u011fu be\u015f ki\u015finin \u0130stanbul \u00d6zel Yetkili Cumhuriyet Savc\u0131l\u0131\u011f\u0131nca ifadeye \u00e7a\u011fr\u0131lmas\u0131n\u0131n, KCK davas\u0131na bahsi ge\u00e7en M\u0130T g\u00f6revlilerinin de dahil edildi\u011fini ortaya koydu\u011funu savundu.<\/p>\n<p style=\"text-align: justify;\">Savc\u0131l\u0131\u011f\u0131n, davan\u0131n seyri i\u00e7inde &#8220;KCK yap\u0131lanmas\u0131n\u0131n eylemlerinde ve i\u015fleyi\u015finde M\u0130T&#8217;in ve mensuplar\u0131n\u0131n parma\u011f\u0131 oldu\u011funa dair ku\u015fkular\u0131 netle\u015ftirmeye \u00e7al\u0131\u015ft\u0131\u011f\u0131n\u0131&#8221; iddia eden Bah\u00e7eli a\u00e7\u0131klamas\u0131nda, &#8220;Bu g\u00f6revlilerin, soru\u015fturma kapsam\u0131na al\u0131nabilmeleri i\u00e7in idari izin gerekti\u011fi hususunu ileri s\u00fcrerek \u00d6zel Yetkili Savc\u0131l\u0131\u011f\u0131n \u00e7a\u011fr\u0131s\u0131na icabet etmemeleri adalet kurumundaki \u015fayialar\u0131 daha da g\u00fcncellemi\u015ftir&#8221; ifadelerine yer verdi.<\/p>\n<p style=\"text-align: justify;\"><strong>&#8220;Yakalama kararlar\u0131 olay\u0131 kritik a\u015famaya ta\u015f\u0131d\u0131&#8221;\u00a0<\/strong><\/p>\n<p style=\"text-align: justify;\">M\u0130T M\u00fcste\u015far\u0131 Fidan&#8217;\u0131n d\u0131\u015f\u0131ndakilerle ilgili yakalama karar\u0131 verilmesinin, olay\u0131n seyrini kritik bir a\u015famaya ta\u015f\u0131d\u0131\u011f\u0131n\u0131 belirten Bah\u00e7eli, &#8220;Hukuk devletinin icaplar\u0131 do\u011frultusunda, i\u015fleyen bir soru\u015fturma safahatinde, ilgililerin mahkemenin \u00e7a\u011fr\u0131s\u0131n\u0131 dikkate almas\u0131 ve gere\u011fini yerine getirmesi en ba\u015fta adaletin ruhuna sayg\u0131n\u0131n bir sonucu olarak de\u011ferlendirilmelidir. Bu itibarla mahkeme nezdinde ifade vermekten ka\u00e7\u0131nmak, hukuki k\u0131l\u0131f bulma aray\u0131\u015f\u0131na tevess\u00fcl etmek do\u011fru ve makul bir yol olmayacakt\u0131r&#8221; dedi.<\/p>\n<p style=\"text-align: justify;\"><strong>KCK davas\u0131\u00a0<\/strong><\/p>\n<p style=\"text-align: justify;\">KCK davas\u0131nda g\u00f6zalt\u0131na al\u0131nan baz\u0131 ki\u015filerin, kendilerini M\u0130T g\u00f6revlisi olarak tan\u0131tt\u0131klar\u0131n\u0131 \u00f6ne s\u00fcren Bah\u00e7eli, bu do\u011frultuda verdikleri ifadelerin konunun seyrini b\u00fct\u00fcn\u00fcyle de\u011fi\u015ftirdi\u011fini belirtti. Bah\u00e7eli, \u015f\u00f6yle devam etti:<\/p>\n<p style=\"text-align: justify;\">&#8220;Ortaya \u00e7\u0131kan bilgi ve bulgulardan, KCK&#8217;n\u0131n \u00f6nemli noktalar\u0131na h\u00fck\u00fcmetin te\u015fviki ve talimat\u0131yla, kontroll\u00fc bir s\u0131zma ve intikal faaliyeti y\u00fcr\u00fct\u00fcld\u00fc\u011f\u00fc anla\u015f\u0131lm\u0131\u015ft\u0131r. Bu nedenle KCK olu\u015fumunun, bizzat M\u0130T&#8217;in g\u00f6zetimi, y\u00f6nlendirmesi ve dolayl\u0131 himayesi ile faaliyetini y\u00fcr\u00fctt\u00fc\u011f\u00fcne dair iddialar \u00fczeri \u00f6rt\u00fclmeyecek kadar alenile\u015fmi\u015ftir.<\/p>\n<p style=\"text-align: justify;\">Ba\u015fbakan ve h\u00fck\u00fcmeti bu \u00e7arp\u0131kl\u0131ktan ve her tarafa \u00e7ekilebilecek \u00e7\u00fcr\u00fcm\u00fc\u015fl\u00fckten birinci derecede sorumludur ve bundan sonra devleti su\u00e7lamaya yeltenmeleri ve y\u00f6nelmeleri kendilerini asla aklayamayacakt\u0131r.<\/p>\n<p style=\"text-align: justify;\">Nihayetinde b\u00f6l\u00fcc\u00fc ter\u00f6r ve \u0130mral\u0131 canisiyle yap\u0131lan temas ve pazarl\u0131klar\u0131n emrin bizzat Ba\u015fbakan Erdo\u011fan taraf\u0131ndan verildi\u011fi de\u011fi\u015fik ortamlardaki ifadelerle kesinlik kazanm\u0131\u015ft\u0131r.&#8221;<\/p>\n<p style=\"text-align: justify;\">&#8220;Bu son geli\u015fmeyle MHP&#8217;nin y\u0131k\u0131m projesi oldu\u011funu y\u0131llard\u0131r \u0131srarla vurgulad\u0131\u011f\u0131 a\u00e7\u0131l\u0131m denen s\u00fcrecin nas\u0131l bir ihanet ku\u015fatmas\u0131 oldu\u011fu bir kez daha g\u00f6r\u00fclm\u00fc\u015ft\u00fcr&#8221; ifadesini kullanan Bah\u00e7eli, &#8220;Ortaya \u00e7\u0131kan geli\u015fmeler, KCK&#8217;n\u0131n kurulu\u015funda, sevk ve idaresinde AKP&#8217;nin yads\u0131namayacak kadar pay\u0131n\u0131n ve m\u00fcdahalesinin bulundu\u011funa i\u015faret etmektedir. \u015eayet i\u015fleyen yarg\u0131 s\u00fcreciyle bu durum somutla\u015f\u0131rsa, Ba\u015fbakan Erdo\u011fan ve arkada\u015flar\u0131n\u0131 Y\u00fcce Divan&#8217;a gitmekten kimse kurtaramayacakt\u0131r&#8221; iddias\u0131nda bulundu.<\/p>\n<p style=\"text-align: justify;\"><a href=\"http:\/\/www.cnnturk.com\/2012\/turkiye\/02\/10\/bahceliden.mit.yorumu\/648643.0\/index.html\" target=\"_blank\">Kaynak : CNN T\u00dcRK<\/a><\/p>\n","protected":false},"excerpt":{"rendered":"<p style=\"text-align: justify;\">\n<p style=\"text-align: justify;\">MHP lideri Devlet Bah\u00e7eli, M\u0130T M\u00fcste\u015far\u0131 Hakan Fidan ve baz\u0131 eski y\u00f6neticilerin ifadeye \u00e7a\u011fr\u0131lmas\u0131yla ilgili olarak, &#8220;Mahkeme nezdinde ifade vermekten ka\u00e7\u0131nmak, hukuki k\u0131l\u0131f bulma aray\u0131\u015f\u0131na tevess\u00fcl etmek do\u011fru ve makul bir yol olmayacakt\u0131r&#8221; dedi.<\/p>\n<p style=\"text-align: justify;\">Bah\u00e7eli, yapt\u0131\u011f\u0131 yaz\u0131l\u0131 a\u00e7\u0131klamada, &#8220;\u00dclkemiz, istikrars\u0131zl\u0131k, itibars\u0131zl\u0131k ve insicams\u0131zl\u0131ktan beslenen siyaset ve y\u00f6netim alg\u0131s\u0131n\u0131n <\/p>\n","protected":false},"author":1,"featured_media":0,"comment_status":"open","ping_status":"open","sticky":false,"template":"","format":"standard","meta":{"footnotes":""},"categories":[105],"tags":[],"class_list":["post-48620","post","type-post","status-publish","format-standard","hentry","category-gundem","odd"],"_links":{"self":[{"href":"http:\/\/www.korhanyilmaz.com\/index.php?rest_route=\/wp\/v2\/posts\/48620","targetHints":{"allow":["GET"]}}],"collection":[{"href":"http:\/\/www.korhanyilmaz.com\/index.php?rest_route=\/wp\/v2\/posts"}],"about":[{"href":"http:\/\/www.korhanyilmaz.com\/index.php?rest_route=\/wp\/v2\/types\/post"}],"author":[{"embeddable":true,"href":"http:\/\/www.korhanyilmaz.com\/index.php?rest_route=\/wp\/v2\/users\/1"}],"replies":[{"embeddable":true,"href":"http:\/\/www.korhanyilmaz.com\/index.php?rest_route=%2Fwp%2Fv2%2Fcomments&post=48620"}],"version-history":[{"count":0,"href":"http:\/\/www.korhanyilmaz.com\/index.php?rest_route=\/wp\/v2\/posts\/48620\/revisions"}],"wp:attachment":[{"href":"http:\/\/www.korhanyilmaz.com\/index.php?rest_route=%2Fwp%2Fv2%2Fmedia&parent=48620"}],"wp:term":[{"taxonomy":"category","embeddable":true,"href":"http:\/\/www.korhanyilmaz.com\/index.php?rest_route=%2Fwp%2Fv2%2Fcategories&post=48620"},{"taxonomy":"post_tag","embeddable":true,"href":"http:\/\/www.korhanyilmaz.com\/index.php?rest_route=%2Fwp%2Fv2%2Ftags&post=48620"}],"curies":[{"name":"wp","href":"https:\/\/api.w.org\/{rel}","templated":true}]}}