{"id":48612,"date":"2012-02-10T17:06:57","date_gmt":"2012-02-10T15:06:57","guid":{"rendered":"http:\/\/www.korhanyilmaz.com\/?p=48612"},"modified":"2012-02-10T21:57:20","modified_gmt":"2012-02-10T19:57:20","slug":"aysel-tugluktan-ic-savas-uyarisi","status":"publish","type":"post","link":"http:\/\/www.korhanyilmaz.com\/?p=48612","title":{"rendered":"Aysel Tu\u011fluk&#8217;tan i\u00e7 sava\u015f uyar\u0131s\u0131"},"content":{"rendered":"<p style=\"text-align: justify;\"><a href=\"http:\/\/www.korhanyilmaz.com\/wp-content\/uploads\/2012\/02\/9736.jpg\"  class=\"lightview\"><img loading=\"lazy\" decoding=\"async\" class=\"aligncenter size-full wp-image-48613\" title=\"\" src=\"http:\/\/www.korhanyilmaz.com\/wp-content\/uploads\/2012\/02\/9736.jpg\" alt=\"\" width=\"292\" height=\"224\" \/><\/a><\/p>\n<p style=\"text-align: justify;\">Van Ba\u011f\u0131ms\u0131z Millevekili Aysel Tu\u011fluk, &#8220;M\u0130T ve PKK aras\u0131ndaki g\u00f6r\u00fc\u015fmelerin t\u0131kanmas\u0131 halinde i\u00e7 sava\u015f ya\u015fanabilir. B\u00f6ylesi bir s\u00fcrecin e\u015fi\u011findeyiz&#8221; dedi.<\/p>\n<p style=\"text-align: justify;\">Van Ba\u011f\u0131ms\u0131z Millevekili Aysel Tu\u011fluk, M\u0130T M\u00fcste\u015far\u0131 Hakan Fidan ile kurumun \u00fcst d\u00fczey y\u00f6neticilerinin savc\u0131l\u0131k taraf\u0131ndan ifadeye \u00e7a\u011f\u0131r\u0131lmas\u0131n\u0131 de\u011ferlendirirken, AK Parti&#8217;yi bitirmeye y\u00f6nelik bir proje oldu\u011funu ileri s\u00fcrd\u00fc.\u00a0<!--more--><\/p>\n<p style=\"text-align: justify;\">Tu\u011fluk, &#8220;Bunun zeminini de AKP kendisi yaratm\u0131\u015ft\u0131r. S\u00fcre\u00e7, derin bir yakla\u015f\u0131m olup diyalog ve meseleyi \u00e7\u00f6zmek istemeyen, \u0130mral\u0131&#8217;n\u0131n \u00f6n\u00fcn\u00fc kapatan bir yap\u0131 niteli\u011fi ta\u015f\u0131yor. Uluslararas\u0131 g\u00fc\u00e7ler her zaman bu i\u015fin i\u00e7inde yer alm\u0131\u015ft\u0131r. M\u0130T ve PKK aras\u0131ndaki g\u00f6r\u00fc\u015fmelerin t\u0131kanmas\u0131 halinde i\u00e7 sava\u015f ya\u015fanabilir. B\u00f6ylesi bir s\u00fcrecin e\u015fi\u011findeyiz&#8221; dedi.<\/p>\n<p style=\"text-align: justify;\">Tu\u011fluk, Abdullah \u00d6calan ile M\u0130T M\u00fcste\u015far\u0131 Hakan Fidan aras\u0131nda yap\u0131lan g\u00f6r\u00fc\u015fmelerin belirli bir seviyeye geldi\u011fini fakat, g\u00f6r\u00fc\u015fmelerin somutla\u015fmamas\u0131 nedeniyle dondu\u011funu s\u00f6yledi.<\/p>\n<p style=\"text-align: justify;\"><strong>&#8220;Yarg\u0131 devletle\u015fti&#8221;\u00a0<\/strong><\/p>\n<p style=\"text-align: justify;\">Tu\u011fluk, &#8220;\u0130mral\u0131&#8217;da yap\u0131lan g\u00f6r\u00fc\u015fmelere kat\u0131lan ekibe y\u00f6nelik bir soru\u015fturmad\u0131r. Bu ekibe, &#8216;Bir daha bu t\u00fcr giri\u015fimlerde bulunmay\u0131n&#8217; mesaj\u0131 verilmek isteniyor. \u0130mral\u0131 ile yeniden g\u00f6r\u00fc\u015fmelerin yap\u0131lmamas\u0131 amac\u0131 ile s\u00f6z konusu soru\u015fturma a\u00e7\u0131ld\u0131. G\u00fcvenlik stratejisinin devam etmesini isteyen ve ayn\u0131 zamanda siyaseti tehdit eden bir operasyondur. \u00c7\u00fcnk\u00fc, bu g\u00f6r\u00fc\u015fmeler siyasi iradenin izni ile yap\u0131ld\u0131. Bunlar her kimse \u0130mral\u0131 ile devletin g\u00f6r\u00fc\u015fmesini istemeyen kesimlerdir. Bunlar\u0131n \u00f6n\u00fcn\u00fc AKP&#8217;nin kendisi a\u00e7t\u0131. S\u0131n\u0131rs\u0131z yetkiyi mahkemelere kendisi verdi. \u015eimdi bu yetkilerle onu vurmaya \u00e7al\u0131\u015f\u0131yorlar. Yarg\u0131n\u0131n devletle\u015fmesi gibi bir \u015fey ortaya \u00e7\u0131kt\u0131&#8221; dedi.<\/p>\n<p style=\"text-align: justify;\">Tu\u011fluk, ya\u015fananlar kar\u015f\u0131s\u0131nda AK Parti&#8217;nin alaca\u011f\u0131 tutumun son derece \u00f6nemli oldu\u011funu belirterek, \u015f\u00f6yle dedi: &#8220;K\u00fcrt sorununun \u00e7\u00f6z\u00fcm\u00fcn\u00fc yarg\u0131n\u0131n kuca\u011f\u0131na b\u0131rak\u0131rsan sonu b\u00f6yle olur. K\u00fcrt sorunu \u00e7\u00f6z\u00fclmeden T\u00fcrkiye&#8217;de her alanda bir normalle\u015fmeden s\u00f6z etmek m\u00fcmk\u00fcn olmayacakt\u0131r. Bu s\u00fcre\u00e7 AKP&#8217;yi geri g\u00f6t\u00fcrecektir. M\u0130T m\u00fcste\u015far\u0131 Fidan olay\u0131 AKP&#8217;yi bitirmeye d\u00f6n\u00fck bir projedir. Bunun zeminini de AKP kendisi yaratm\u0131\u015ft\u0131r. S\u00fcre\u00e7, derin bir yakla\u015f\u0131m olup diyalog ve meseleyi \u00e7\u00f6zmek istemeyen, \u0130mral\u0131&#8217;n\u0131n \u00f6n\u00fcn\u00fc kapatan bir yap\u0131 niteli\u011fi ta\u015f\u0131yor.<\/p>\n<p style=\"text-align: justify;\">Uluslararas\u0131 g\u00fc\u00e7ler her zaman bu i\u015fin i\u00e7inde yer alm\u0131\u015ft\u0131r. M\u0130T ve PKK aras\u0131ndaki g\u00f6r\u00fc\u015fmelerin t\u0131kanmas\u0131 halinde i\u00e7 sava\u015f ya\u015fanabilir. B\u00f6ylesi bir s\u00fcrecin e\u015fi\u011findeyiz. S\u00fcre\u00e7ten bir restle\u015fmeye do\u011fru gidilirse b\u00fcy\u00fck bir kaos ve krize neden olur. Bu nedenle var olan operasyon, diyalog aray\u0131\u015f\u0131n\u0131n \u00f6n\u00fcn\u00fc kapatmak ve sava\u015f istemek demektir. Yap\u0131lan operasyonla kriz ve sava\u015f \u00e7\u0131ks\u0131n isteniliyor. Operasyon ayn\u0131 zamanda bu g\u00f6r\u00fc\u015fmeleri yapt\u0131ran siyaseti de tehdit ediyor. AK Parti bu durumu \u00f6n g\u00f6r\u00fcp yeniden bir diyalog s\u00fcreci kurarsa belki bu gidi\u015fat\u0131n \u00f6n\u00fc kesebilir.&#8221;<\/p>\n<p style=\"text-align: justify;\"><a href=\"http:\/\/www.cnnturk.com\/2012\/turkiye\/02\/10\/aysel.tugluktan.ic.savas.uyarisi\/648630.0\/index.html\" target=\"_blank\">Kaynak : CNN T\u00dcRK<\/a><\/p>\n","protected":false},"excerpt":{"rendered":"<p style=\"text-align: justify;\">\n<p style=\"text-align: justify;\">Van Ba\u011f\u0131ms\u0131z Millevekili Aysel Tu\u011fluk, &#8220;M\u0130T ve PKK aras\u0131ndaki g\u00f6r\u00fc\u015fmelerin t\u0131kanmas\u0131 halinde i\u00e7 sava\u015f ya\u015fanabilir. B\u00f6ylesi bir s\u00fcrecin e\u015fi\u011findeyiz&#8221; dedi.<\/p>\n<p style=\"text-align: justify;\">Van Ba\u011f\u0131ms\u0131z Millevekili Aysel Tu\u011fluk, M\u0130T M\u00fcste\u015far\u0131 Hakan Fidan ile kurumun \u00fcst d\u00fczey y\u00f6neticilerinin savc\u0131l\u0131k taraf\u0131ndan ifadeye \u00e7a\u011f\u0131r\u0131lmas\u0131n\u0131 de\u011ferlendirirken, AK Parti&#8217;yi bitirmeye y\u00f6nelik bir proje oldu\u011funu ileri s\u00fcrd\u00fc. <\/p>\n","protected":false},"author":1,"featured_media":0,"comment_status":"open","ping_status":"open","sticky":false,"template":"","format":"standard","meta":{"footnotes":""},"categories":[105],"tags":[],"class_list":["post-48612","post","type-post","status-publish","format-standard","hentry","category-gundem","odd"],"_links":{"self":[{"href":"http:\/\/www.korhanyilmaz.com\/index.php?rest_route=\/wp\/v2\/posts\/48612","targetHints":{"allow":["GET"]}}],"collection":[{"href":"http:\/\/www.korhanyilmaz.com\/index.php?rest_route=\/wp\/v2\/posts"}],"about":[{"href":"http:\/\/www.korhanyilmaz.com\/index.php?rest_route=\/wp\/v2\/types\/post"}],"author":[{"embeddable":true,"href":"http:\/\/www.korhanyilmaz.com\/index.php?rest_route=\/wp\/v2\/users\/1"}],"replies":[{"embeddable":true,"href":"http:\/\/www.korhanyilmaz.com\/index.php?rest_route=%2Fwp%2Fv2%2Fcomments&post=48612"}],"version-history":[{"count":0,"href":"http:\/\/www.korhanyilmaz.com\/index.php?rest_route=\/wp\/v2\/posts\/48612\/revisions"}],"wp:attachment":[{"href":"http:\/\/www.korhanyilmaz.com\/index.php?rest_route=%2Fwp%2Fv2%2Fmedia&parent=48612"}],"wp:term":[{"taxonomy":"category","embeddable":true,"href":"http:\/\/www.korhanyilmaz.com\/index.php?rest_route=%2Fwp%2Fv2%2Fcategories&post=48612"},{"taxonomy":"post_tag","embeddable":true,"href":"http:\/\/www.korhanyilmaz.com\/index.php?rest_route=%2Fwp%2Fv2%2Ftags&post=48612"}],"curies":[{"name":"wp","href":"https:\/\/api.w.org\/{rel}","templated":true}]}}