{"id":48609,"date":"2012-02-10T21:39:21","date_gmt":"2012-02-10T19:39:21","guid":{"rendered":"http:\/\/www.korhanyilmaz.com\/?p=48609"},"modified":"2012-02-10T21:54:22","modified_gmt":"2012-02-10T19:54:22","slug":"icisleri-bakanindan-cok-onemli-aciklama","status":"publish","type":"post","link":"http:\/\/www.korhanyilmaz.com\/?p=48609","title":{"rendered":"\u0130\u00e7i\u015fleri Bakan\u0131&#8217;ndan \u00e7ok \u00f6nemli a\u00e7\u0131klama"},"content":{"rendered":"<p style=\"text-align: center;\"><a href=\"http:\/\/www.korhanyilmaz.com\/wp-content\/uploads\/2012\/02\/9735.jpg\"  class=\"lightview\"><img loading=\"lazy\" decoding=\"async\" class=\"aligncenter  wp-image-48610\" src=\"http:\/\/www.korhanyilmaz.com\/wp-content\/uploads\/2012\/02\/9735.jpg\" alt=\"\" width=\"307\" height=\"236\" \/><\/a><\/p>\n<p style=\"text-align: justify;\">\u0130\u00e7i\u015fleri Bakan\u0131 \u0130dris Naim \u015eahin, Suriyeli bir subay\u0131n T\u00fcrkiye&#8217;den illegal yollarla ka\u00e7\u0131r\u0131larak Suriye&#8217;ye teslim edildi\u011fi iddias\u0131 \u00fczerine y\u00fcr\u00fct\u00fclen soru\u015fturma konusunda, &#8220;bas\u0131n arac\u0131l\u0131\u011f\u0131yla yanl\u0131\u015f bilgi intikal ediyor. O yanl\u0131\u015f bilgi de 5 ki\u015finin de M\u0130T mensubu oldu\u011fu y\u00f6n\u00fcnde bir bilgi&#8221; dedi.<\/p>\n<p style=\"text-align: justify;\">\u015eahin, M\u0130T&#8217;ten ald\u0131klar\u0131 bilgiye g\u00f6re \u015fu an itibariyle bu ki\u015filerden hi\u00e7birinin te\u015fkilat ile ili\u015fi\u011fi bulunmad\u0131\u011f\u0131n\u0131, birinin eski te\u015fkilat mensubu oldu\u011funu bildirdi.\u00a0<!--more--><\/p>\n<p style=\"text-align: justify;\">\u0130\u00e7i\u015fleri Bakan\u0131 \u015eahin, AA muhabirine Adana Cumhuriyet Ba\u015fsavc\u0131l\u0131\u011f\u0131&#8217;n\u0131n, Suriye uyruklu bir subay\u0131n T\u00fcrkiye&#8217;den illegal yollarla ka\u00e7\u0131r\u0131larak Suriye g\u00fcvenlik g\u00fc\u00e7lerine teslim edildi\u011fi iddias\u0131 \u00fczerine ba\u015flatt\u0131\u011f\u0131 soru\u015fturmaya ili\u015fkin a\u00e7\u0131klamalarda bulundu.<\/p>\n<p style=\"text-align: justify;\">\u015eahin, \u015funlar\u0131 s\u00f6yledi: &#8220;Adana yetkili savc\u0131l\u0131\u011f\u0131n\u0131n Hatay b\u00f6lgesinde meydana gelen bir olaya ba\u011fl\u0131 olarak y\u00fcr\u00fctt\u00fc\u011f\u00fc soru\u015fturma var. O soru\u015fturma daha \u00f6nce \u00fclkemize s\u0131\u011f\u0131nan Suriyeli bir subay\u0131n \u00fclkemizden illegal yollarla ka\u00e7\u0131r\u0131larak Suriye&#8217;ye teslim edilmesi ve daha sonra da o subay\u0131n Suriye&#8217;de idam edilmesi olay\u0131. Bu ka\u00e7\u0131rma olay\u0131na kar\u0131\u015fan T\u00fcrkiye&#8217;den 5 ki\u015fi var. Bunlar takip sonucu, polisimizin istihbarat\u0131 sonucu, tespit edildiler ve savc\u0131n\u0131n talimat\u0131yla yakaland\u0131lar, sorgulan\u0131yorlar.&#8221;<\/p>\n<p style=\"text-align: justify;\">Bu ki\u015filerden birinin daha \u00f6nce M\u0130T&#8217;te \u00e7al\u0131\u015ft\u0131\u011f\u0131n\u0131 ifade eden \u015eahin, \u015funlar\u0131 kaydetti: &#8220;\u015eu anda M\u0130T ile ili\u015fi\u011fi olmayan, o ka\u00e7\u0131rma olay\u0131na kar\u0131\u015fm\u0131\u015f olmas\u0131ndan sonra yap\u0131lan i\u00e7 de\u011ferlendirme ve soru\u015fturma sonucunda te\u015fkilattan ihra\u00e7 edilmi\u015f, ili\u015fi\u011fi kesilmi\u015f bir ki\u015fidir. Kamuoyuna bas\u0131n arac\u0131l\u0131\u011f\u0131yla yanl\u0131\u015f bilgi intikal ediyor. O yanl\u0131\u015f bilgi de 5 ki\u015finin de M\u0130T mensubu oldu\u011fu y\u00f6n\u00fcnde bir bilgi. Bizim tespitlerimize g\u00f6re, M\u0130T&#8217;ten ald\u0131\u011f\u0131m\u0131z bilgiye g\u00f6re \u015fu an itibariyle hi\u00e7birinin te\u015fkilat ile ili\u015fi\u011fi yok. Bir tanesi eski te\u015fkilat mensubu o kadar.&#8221;<\/p>\n<p style=\"text-align: justify;\">\u015eahin, \u00f6zel yetkili \u0130stanbul Cumhuriyet Savc\u0131l\u0131\u011f\u0131n\u0131n y\u00fcr\u00fctt\u00fc\u011f\u00fc soru\u015fturma kapsam\u0131nda haklar\u0131nda yakalama karar\u0131 \u00e7\u0131kart\u0131lan eski M\u0130T M\u00fcste\u015far\u0131 Emre Taner ile eski M\u00fcste\u015far Yard\u0131mc\u0131s\u0131 Afet G\u00fcne\u015f&#8217;in evlerinde ve M\u0130T lojmanlar\u0131nda arama yap\u0131ld\u0131\u011f\u0131 y\u00f6n\u00fcndeki haberler ile ilgili olarak, &#8220;\u015eu an itibar\u0131yla evlerinin aranmas\u0131 s\u00f6z konusu de\u011fil&#8221; dedi.<\/p>\n<p style=\"text-align: justify;\"><a href=\"http:\/\/www.cnnturk.com\/2012\/turkiye\/02\/10\/icisleri.bakanindan.cok.onemli.aciklama\/648656.0\/index.html\" target=\"_blank\">Kaynak : CNN T\u00dcRK<\/a><\/p>\n","protected":false},"excerpt":{"rendered":"<p style=\"text-align: center;\">\n<p style=\"text-align: justify;\">\u0130\u00e7i\u015fleri Bakan\u0131 \u0130dris Naim \u015eahin, Suriyeli bir subay\u0131n T\u00fcrkiye&#8217;den illegal yollarla ka\u00e7\u0131r\u0131larak Suriye&#8217;ye teslim edildi\u011fi iddias\u0131 \u00fczerine y\u00fcr\u00fct\u00fclen soru\u015fturma konusunda, &#8220;bas\u0131n arac\u0131l\u0131\u011f\u0131yla yanl\u0131\u015f bilgi intikal ediyor. O yanl\u0131\u015f bilgi de 5 ki\u015finin de M\u0130T mensubu oldu\u011fu y\u00f6n\u00fcnde bir bilgi&#8221; dedi.<\/p>\n<p style=\"text-align: justify;\">\u015eahin, M\u0130T&#8217;ten ald\u0131klar\u0131 bilgiye g\u00f6re \u015fu an itibariyle <\/p>\n","protected":false},"author":1,"featured_media":0,"comment_status":"open","ping_status":"open","sticky":false,"template":"","format":"standard","meta":{"footnotes":""},"categories":[105],"tags":[],"class_list":["post-48609","post","type-post","status-publish","format-standard","hentry","category-gundem","odd"],"_links":{"self":[{"href":"http:\/\/www.korhanyilmaz.com\/index.php?rest_route=\/wp\/v2\/posts\/48609","targetHints":{"allow":["GET"]}}],"collection":[{"href":"http:\/\/www.korhanyilmaz.com\/index.php?rest_route=\/wp\/v2\/posts"}],"about":[{"href":"http:\/\/www.korhanyilmaz.com\/index.php?rest_route=\/wp\/v2\/types\/post"}],"author":[{"embeddable":true,"href":"http:\/\/www.korhanyilmaz.com\/index.php?rest_route=\/wp\/v2\/users\/1"}],"replies":[{"embeddable":true,"href":"http:\/\/www.korhanyilmaz.com\/index.php?rest_route=%2Fwp%2Fv2%2Fcomments&post=48609"}],"version-history":[{"count":0,"href":"http:\/\/www.korhanyilmaz.com\/index.php?rest_route=\/wp\/v2\/posts\/48609\/revisions"}],"wp:attachment":[{"href":"http:\/\/www.korhanyilmaz.com\/index.php?rest_route=%2Fwp%2Fv2%2Fmedia&parent=48609"}],"wp:term":[{"taxonomy":"category","embeddable":true,"href":"http:\/\/www.korhanyilmaz.com\/index.php?rest_route=%2Fwp%2Fv2%2Fcategories&post=48609"},{"taxonomy":"post_tag","embeddable":true,"href":"http:\/\/www.korhanyilmaz.com\/index.php?rest_route=%2Fwp%2Fv2%2Ftags&post=48609"}],"curies":[{"name":"wp","href":"https:\/\/api.w.org\/{rel}","templated":true}]}}