{"id":48606,"date":"2012-02-10T19:11:53","date_gmt":"2012-02-10T17:11:53","guid":{"rendered":"http:\/\/www.korhanyilmaz.com\/?p=48606"},"modified":"2012-02-10T21:51:36","modified_gmt":"2012-02-10T19:51:36","slug":"kacakcilara-ates-acildi-1-olu-2-yarali","status":"publish","type":"post","link":"http:\/\/www.korhanyilmaz.com\/?p=48606","title":{"rendered":"Ka\u00e7ak\u00e7\u0131lara ate\u015f a\u00e7\u0131ld\u0131: 1 \u00f6l\u00fc, 2 yaral\u0131"},"content":{"rendered":"<p style=\"text-align: center;\"><a href=\"http:\/\/www.korhanyilmaz.com\/wp-content\/uploads\/2012\/02\/9734.jpg\"  class=\"lightview\"><img loading=\"lazy\" decoding=\"async\" class=\"aligncenter  wp-image-48607\" src=\"http:\/\/www.korhanyilmaz.com\/wp-content\/uploads\/2012\/02\/9734.jpg\" alt=\"\" width=\"320\" height=\"246\" \/><\/a><\/p>\n<p style=\"text-align: justify;\">Van&#8217;\u0131n Saray il\u00e7esine ba\u011fl\u0131 Beyaslan K\u00f6y\u00fc&#8217;nden yasad\u0131\u015f\u0131 yollardan s\u0131n\u0131r\u0131 ge\u00e7meye \u00e7al\u0131\u015fan 3 ka\u00e7ak\u00e7\u0131ya \u0130ran askerleri taraf\u0131ndan ate\u015f a\u00e7\u0131ld\u0131. A\u00e7\u0131lan ate\u015fte bir ki\u015fi hayat\u0131n\u0131 kaybederken, 2 ki\u015fi ise yaraland\u0131.<\/p>\n<p style=\"text-align: justify;\">Olay bug\u00fcn saat 15.00 s\u0131ralar\u0131nda meydana geldi.\u00a0<!--more--><\/p>\n<p style=\"text-align: justify;\">\u0130ran s\u0131n\u0131r\u0131nda bulunan Beyaslan K\u00f6y\u00fc&#8217;nden yola \u00e7\u0131kan Re\u015fat Karahan\u00e7er, Metin \u00dcste ve Aziz Beled, iddiaya g\u00f6re ka\u00e7ak akaryak\u0131t getirmek i\u00e7in \u0130ran s\u0131n\u0131r\u0131n\u0131 yasad\u0131\u015f\u0131 yollarla ge\u00e7meye \u00e7al\u0131\u015ft\u0131.<\/p>\n<p style=\"text-align: justify;\">Tam \u0130ran topraklar\u0131na ayak bast\u0131klar\u0131 s\u0131rada \u0130ran askerleri taraf\u0131ndan farkedilen 3 ka\u00e7ak\u00e7\u0131ya ate\u015f a\u00e7\u0131ld\u0131.<\/p>\n<p style=\"text-align: justify;\">A\u00e7\u0131lan ate\u015fte vurulan Re\u015fat Karahan\u00e7er olay yerinde ya\u015fam\u0131n\u0131 yitirirken, beraberindeki Metin \u00dcste ve Aziz Beled yaraland\u0131.<\/p>\n<p style=\"text-align: justify;\">Yaral\u0131lar \u0130ran askerleri taraf\u0131ndan g\u00f6zalt\u0131na al\u0131n\u0131rken, Re\u015fat Karahan\u00e7er&#8217;in cenazesi olay\u0131 duyup gelen k\u00f6yl\u00fcler taraf\u0131ndan s\u0131n\u0131rdan al\u0131narak at s\u0131rt\u0131nda k\u00f6ye getirildi.<\/p>\n<p style=\"text-align: justify;\">Olayla ilgili jandarma taraf\u0131ndan soru\u015fturma ba\u015flat\u0131l\u0131rken, Re\u015fat Karahan\u00e7er&#8217;in cenazesi otopsi i\u00e7in Saray Devlet Hastanesi&#8217;ne kald\u0131r\u0131ld\u0131.<\/p>\n<p style=\"text-align: justify;\"><a href=\"http:\/\/www.cnnturk.com\/2012\/turkiye\/02\/10\/kacakcilara.ates.acildi.1.olu.2.yarali\/648649.0\/index.html\" target=\"_blank\">Kaynak : CNN T\u00dcRK<\/a><\/p>\n","protected":false},"excerpt":{"rendered":"<p style=\"text-align: center;\">\n<p style=\"text-align: justify;\">Van&#8217;\u0131n Saray il\u00e7esine ba\u011fl\u0131 Beyaslan K\u00f6y\u00fc&#8217;nden yasad\u0131\u015f\u0131 yollardan s\u0131n\u0131r\u0131 ge\u00e7meye \u00e7al\u0131\u015fan 3 ka\u00e7ak\u00e7\u0131ya \u0130ran askerleri taraf\u0131ndan ate\u015f a\u00e7\u0131ld\u0131. A\u00e7\u0131lan ate\u015fte bir ki\u015fi hayat\u0131n\u0131 kaybederken, 2 ki\u015fi ise yaraland\u0131.<\/p>\n<p style=\"text-align: justify;\">Olay bug\u00fcn saat 15.00 s\u0131ralar\u0131nda meydana geldi. <\/p>\n","protected":false},"author":1,"featured_media":0,"comment_status":"open","ping_status":"open","sticky":false,"template":"","format":"standard","meta":{"footnotes":""},"categories":[105],"tags":[],"class_list":["post-48606","post","type-post","status-publish","format-standard","hentry","category-gundem","odd"],"_links":{"self":[{"href":"http:\/\/www.korhanyilmaz.com\/index.php?rest_route=\/wp\/v2\/posts\/48606","targetHints":{"allow":["GET"]}}],"collection":[{"href":"http:\/\/www.korhanyilmaz.com\/index.php?rest_route=\/wp\/v2\/posts"}],"about":[{"href":"http:\/\/www.korhanyilmaz.com\/index.php?rest_route=\/wp\/v2\/types\/post"}],"author":[{"embeddable":true,"href":"http:\/\/www.korhanyilmaz.com\/index.php?rest_route=\/wp\/v2\/users\/1"}],"replies":[{"embeddable":true,"href":"http:\/\/www.korhanyilmaz.com\/index.php?rest_route=%2Fwp%2Fv2%2Fcomments&post=48606"}],"version-history":[{"count":0,"href":"http:\/\/www.korhanyilmaz.com\/index.php?rest_route=\/wp\/v2\/posts\/48606\/revisions"}],"wp:attachment":[{"href":"http:\/\/www.korhanyilmaz.com\/index.php?rest_route=%2Fwp%2Fv2%2Fmedia&parent=48606"}],"wp:term":[{"taxonomy":"category","embeddable":true,"href":"http:\/\/www.korhanyilmaz.com\/index.php?rest_route=%2Fwp%2Fv2%2Fcategories&post=48606"},{"taxonomy":"post_tag","embeddable":true,"href":"http:\/\/www.korhanyilmaz.com\/index.php?rest_route=%2Fwp%2Fv2%2Ftags&post=48606"}],"curies":[{"name":"wp","href":"https:\/\/api.w.org\/{rel}","templated":true}]}}