{"id":48596,"date":"2012-02-08T19:48:16","date_gmt":"2012-02-08T17:48:16","guid":{"rendered":"http:\/\/www.korhanyilmaz.com\/?p=48596"},"modified":"2012-02-09T05:41:33","modified_gmt":"2012-02-09T03:41:33","slug":"akp-gencligi-olmayacagiz","status":"publish","type":"post","link":"http:\/\/www.korhanyilmaz.com\/?p=48596","title":{"rendered":"&#8220;AKP gen\u00e7li\u011fi olmayaca\u011f\u0131z!&#8221;"},"content":{"rendered":"<p style=\"text-align: center;\"><a href=\"http:\/\/www.korhanyilmaz.com\/wp-content\/uploads\/2012\/02\/9731.jpg\"  class=\"lightview\"><img loading=\"lazy\" decoding=\"async\" class=\"aligncenter  wp-image-48599\" src=\"http:\/\/www.korhanyilmaz.com\/wp-content\/uploads\/2012\/02\/9731.jpg\" alt=\"\" width=\"306\" height=\"234\" \/><\/a><\/p>\n<p style=\"text-align: justify;\">Ba\u015fbakan Erdo\u011fan&#8217;\u0131n &#8220;Dindar gen\u00e7lik yeti\u015ftirmek istiyoruz&#8221; s\u00f6zleriyle ba\u015flayan tart\u0131\u015fma s\u00fcr\u00fcyor. Erdo\u011fan&#8217;\u0131 protesto i\u00e7in \u0130stanbul Be\u015fikta\u015f&#8217;ta toplanan bir grup \u00f6\u011frenci Ba\u015fbakan&#8217;\u0131n Dolmabah\u00e7e&#8217;deki \u00e7al\u0131\u015fma ofisine y\u00fcr\u00fcmek istedi, ancak polisin engeliyle kar\u015f\u0131la\u015ft\u0131.<\/p>\n<p style=\"text-align: justify;\">Erdo\u011fan&#8217;\u0131n, &#8220;Dindar gen\u00e7lik yeti\u015ftirece\u011fiz&#8221; s\u00f6zlerine, bas\u0131n a\u00e7\u0131klamas\u0131 d\u00fczenleyen bir grup \u00f6\u011frenci tepki g\u00f6sterdi.<!--more--><\/p>\n<p style=\"text-align: justify;\">Grup, &#8220;AKP gen\u00e7li\u011fi olmayaca\u011f\u0131z&#8221;, &#8220;Paral\u0131 e\u011fitim tinerci yapar&#8221;, &#8220;Tayyip gen\u00e7li\u011fi de\u011fil, kolektif olal\u0131m&#8221; diye slogan att\u0131.<\/p>\n<p style=\"text-align: justify;\">Be\u015fikta\u015f&#8217;ta toplanan &#8220;\u00d6\u011frenci Kolektifi&#8221; adl\u0131 gruba \u00fcye 30 ki\u015fi, buradan Ba\u015fbakanl\u0131k \u00c7al\u0131\u015fma Ofisi&#8217;ne do\u011fru y\u00fcr\u00fcy\u00fc\u015fe ge\u00e7ti.<\/p>\n<p style=\"text-align: justify;\">Polisin uyarmas\u0131 \u00fczerine, Be\u015fikta\u015f \u0130skele Meydan\u0131&#8217;nda duran topluluk, &#8220;Zorbal\u0131\u011fa, Y\u00d6K&#8217;e, paral\u0131 e\u011fitime kolektif olal\u0131m&#8221;, &#8220;AK nesil projesi Giri\u015fimci, rant\u00e7\u0131, itaatkar, kad\u0131n d\u00fc\u015fman\u0131&#8221; yaz\u0131l\u0131 d\u00f6vizler a\u00e7t\u0131.<\/p>\n<p style=\"text-align: justify;\">Grup ad\u0131na bas\u0131n a\u00e7\u0131klamas\u0131n\u0131 okuyan Dilara Ayd\u0131n \u015funlar\u0131 s\u00f6yledi:<\/p>\n<p style=\"text-align: justify;\">&#8220;\u00dcniversiteliler olarak ba\u015fbakan Erdo\u011fan&#8217;\u0131n hezeyan dolu bu a\u00e7\u0131klamalar\u0131n\u0131 hayretle izliyoruz. Ba\u015fbakana da buradan \u00f6zel konutunun \u00f6n\u00fcnde iki \u00e7ift laf\u0131m\u0131z\u0131 s\u00f6ylemeden edemeyece\u011fiz. Tayyip Erdo\u011fan&#8217;\u0131n a\u00e7\u0131klamas\u0131, AKP iktidar\u0131n\u0131n otoriter y\u00fcz\u00fcn\u00fc g\u00f6stermektedir. Muhalif olan herkesin susturulmas\u0131, bask\u0131 alt\u0131na al\u0131nmas\u0131, bir kal\u0131ba sokulmas\u0131 politikas\u0131d\u0131r. Gen\u00e7li\u011fi bir kal\u0131ba sokmaya \u00e7al\u0131\u015fmak yeni de\u011fil. \u00d6\u011frenci kolektifleri olarak har\u00e7 ve ula\u015f\u0131m zamlar\u0131na kar\u015f\u0131 yapt\u0131\u011f\u0131m\u0131z eylemlerden sonra da yine bilindik beylik laflar\u0131yla, bunlar milletten yana de\u011fil, illetten yana, ak\u0131ll\u0131 olun ve adapl\u0131 olun&#8217; demi\u015fti.<\/p>\n<p style=\"text-align: center;\"><a href=\"http:\/\/www.korhanyilmaz.com\/wp-content\/uploads\/2012\/02\/9732.jpg\"  class=\"lightview\"><img loading=\"lazy\" decoding=\"async\" class=\"aligncenter  wp-image-48597\" src=\"http:\/\/www.korhanyilmaz.com\/wp-content\/uploads\/2012\/02\/9732.jpg\" alt=\"\" width=\"464\" height=\"240\" \/><\/a><\/p>\n<p style=\"text-align: justify;\">Ba\u015fbakan Erdo\u011fan bir tornadan \u00e7\u0131km\u0131\u015f gibi, \u015fak \u015fak yapan bir gen\u00e7lik olmam\u0131z\u0131, sorun \u00e7\u0131karmamam\u0131z\u0131 istiyor. Ama \u00fczg\u00fcn\u00fcz, biz sizin istedi\u011finiz gibi kal\u0131ba girmeyece\u011fiz. Paral\u0131 e\u011fitim y\u00fcz\u00fcnden okul kap\u0131lar\u0131n\u0131n yoksullara kapat\u0131lmas\u0131na tahamm\u00fcl\u00fcm\u00fcz yok. Halk\u0131n yoksulla\u015ft\u0131r\u0131lmas\u0131na kar\u015f\u0131 halk\u0131n haklar\u0131n\u0131 savunuyoruz. \u00dclkenin kapal\u0131 cezaevine \u00e7evrilmesine kar\u015f\u0131y\u0131z, Malatya&#8217;ya f\u00fcze kalkan\u0131na, Uludere&#8217;de gibi katliamlar\u0131n son bulmas\u0131n\u0131 istedi\u011fimiz i\u00e7in, kolektif olal\u0131m.&#8221;<\/p>\n<p style=\"text-align: justify;\">Grup a\u00e7\u0131klama sonras\u0131, olays\u0131z da\u011f\u0131ld\u0131.<\/p>\n<p style=\"text-align: justify;\"><a href=\"http:\/\/www.cnnturk.com\/2012\/turkiye\/02\/08\/akp.gencligi.olmayacagiz\/648308.0\/index.html\" target=\"_blank\">Kaynak : CNN T\u00dcRK<\/a><\/p>\n","protected":false},"excerpt":{"rendered":"<p style=\"text-align: center;\">\n<p style=\"text-align: justify;\">Ba\u015fbakan Erdo\u011fan&#8217;\u0131n &#8220;Dindar gen\u00e7lik yeti\u015ftirmek istiyoruz&#8221; s\u00f6zleriyle ba\u015flayan tart\u0131\u015fma s\u00fcr\u00fcyor. Erdo\u011fan&#8217;\u0131 protesto i\u00e7in \u0130stanbul Be\u015fikta\u015f&#8217;ta toplanan bir grup \u00f6\u011frenci Ba\u015fbakan&#8217;\u0131n Dolmabah\u00e7e&#8217;deki \u00e7al\u0131\u015fma ofisine y\u00fcr\u00fcmek istedi, ancak polisin engeliyle kar\u015f\u0131la\u015ft\u0131.<\/p>\n<p style=\"text-align: justify;\">Erdo\u011fan&#8217;\u0131n, &#8220;Dindar gen\u00e7lik yeti\u015ftirece\u011fiz&#8221; s\u00f6zlerine, bas\u0131n a\u00e7\u0131klamas\u0131 d\u00fczenleyen bir grup \u00f6\u011frenci tepki g\u00f6sterdi.<\/p>\n","protected":false},"author":1,"featured_media":0,"comment_status":"open","ping_status":"open","sticky":false,"template":"","format":"standard","meta":{"footnotes":""},"categories":[105],"tags":[],"class_list":["post-48596","post","type-post","status-publish","format-standard","hentry","category-gundem","odd"],"_links":{"self":[{"href":"http:\/\/www.korhanyilmaz.com\/index.php?rest_route=\/wp\/v2\/posts\/48596","targetHints":{"allow":["GET"]}}],"collection":[{"href":"http:\/\/www.korhanyilmaz.com\/index.php?rest_route=\/wp\/v2\/posts"}],"about":[{"href":"http:\/\/www.korhanyilmaz.com\/index.php?rest_route=\/wp\/v2\/types\/post"}],"author":[{"embeddable":true,"href":"http:\/\/www.korhanyilmaz.com\/index.php?rest_route=\/wp\/v2\/users\/1"}],"replies":[{"embeddable":true,"href":"http:\/\/www.korhanyilmaz.com\/index.php?rest_route=%2Fwp%2Fv2%2Fcomments&post=48596"}],"version-history":[{"count":0,"href":"http:\/\/www.korhanyilmaz.com\/index.php?rest_route=\/wp\/v2\/posts\/48596\/revisions"}],"wp:attachment":[{"href":"http:\/\/www.korhanyilmaz.com\/index.php?rest_route=%2Fwp%2Fv2%2Fmedia&parent=48596"}],"wp:term":[{"taxonomy":"category","embeddable":true,"href":"http:\/\/www.korhanyilmaz.com\/index.php?rest_route=%2Fwp%2Fv2%2Fcategories&post=48596"},{"taxonomy":"post_tag","embeddable":true,"href":"http:\/\/www.korhanyilmaz.com\/index.php?rest_route=%2Fwp%2Fv2%2Ftags&post=48596"}],"curies":[{"name":"wp","href":"https:\/\/api.w.org\/{rel}","templated":true}]}}