{"id":48592,"date":"2012-02-08T22:45:00","date_gmt":"2012-02-08T20:45:00","guid":{"rendered":"http:\/\/www.korhanyilmaz.com\/?p=48592"},"modified":"2012-02-09T05:29:56","modified_gmt":"2012-02-09T03:29:56","slug":"isikaradan-tekirdag-icin-korkutan-uyari","status":"publish","type":"post","link":"http:\/\/www.korhanyilmaz.com\/?p=48592","title":{"rendered":"I\u015f\u0131kara&#8217;dan Tekirda\u011f i\u00e7in korkutan uyar\u0131!"},"content":{"rendered":"<p style=\"text-align: justify;\"><a href=\"http:\/\/www.korhanyilmaz.com\/wp-content\/uploads\/2012\/02\/9730.jpg\"  class=\"lightview\"><img loading=\"lazy\" decoding=\"async\" class=\"aligncenter size-full wp-image-48593\" title=\"\" src=\"http:\/\/www.korhanyilmaz.com\/wp-content\/uploads\/2012\/02\/9730.jpg\" alt=\"\" width=\"292\" height=\"224\" \/><\/a><\/p>\n<p style=\"text-align: justify;\">Prof. Dr. Ahmet Mete I\u015f\u0131kara, Marmara ve Tekirda\u011f&#8217;\u0131 bekleyen iki tehlike oldu\u011funu belirterek, &#8220;300 y\u0131ld\u0131r sakinlik ve durgunluk var. Er veya ge\u00e7 burada da 7&#8217;nin \u00fczerinde bir deprem olas\u0131l\u0131\u011f\u0131 var&#8221; dedi.<\/p>\n<p style=\"text-align: justify;\">Trakya Kalk\u0131nma Ajans\u0131&#8217;n\u0131n destekledi\u011fi &#8216;\u0130l Afet ve Acil Durum Plan\u0131n\u0131n \u00d6n Ara\u015ft\u0131rmas\u0131 Projesi&#8217;nin Tekirda\u011f&#8217;da hayata ge\u00e7irilmesi nedeniyle ticaret ve sanayi odas\u0131 konferans d\u00fczenledi.<!--more--><\/p>\n<p style=\"text-align: justify;\">Deprem Uzman\u0131 Prof. Dr. Ahmet Mete I\u015f\u0131kara&#8217;n\u0131n konu\u015fmac\u0131 olarak kat\u0131ld\u0131\u011f\u0131 konferansta Marmara ve Tekirda\u011f&#8217;\u0131 bekleyen iki deprem tehlikesi oldu\u011funu kaydetti.<\/p>\n<p style=\"text-align: justify;\">I\u015f\u0131kara, depremin zaman\u0131n\u0131 bilemenin m\u00fcmk\u00fcn olmad\u0131\u011f\u0131n\u0131, ancak sonras\u0131 i\u00e7in haz\u0131rl\u0131k yap\u0131lmas\u0131 gerekti\u011fini s\u00f6yledi.<\/p>\n<p style=\"text-align: justify;\">Tekirda\u011f&#8217;\u0131n \u015eark\u00f6y \u0130l\u00e7esi&#8217;ne ba\u011fl\u0131 M\u00fcretfe Beldesi&#8217;ndeki 1912 depremini hat\u0131rlatan I\u015f\u0131kara \u015funlar\u0131 s\u00f6yledi:<\/p>\n<p style=\"text-align: justify;\">&#8220;Tekirda\u011f&#8217;\u0131 da etkileyebilecek iki tehlikeden bahsettim. Y\u0131rt\u0131k olan yer aras\u0131ndaki fay\u0131n k\u0131r\u0131lmayan k\u0131sm\u0131d\u0131r. Bu nereleri etkiliyor? Adalar\u0131n g\u00fcney bat\u0131s\u0131na tekab\u00fcl ediyor. Orada olabilecek bir deprem Tekirda\u011f&#8217;\u0131 etkileyecektir. Kuzey Anadolu fay uzunlu\u011funun g\u00fcney kolu \u0130znik g\u00f6l\u00fcn\u00fcn g\u00fcneyi, Gemlik&#8217;ten Marmara&#8217;ya giren kolunda, 300 seneye yak\u0131n bir sakinlik ve durgunluk var. Er veya ge\u00e7 burada da 7&#8217;nin \u00fczerinde bir deprem olas\u0131l\u0131\u011f\u0131 var.<\/p>\n<p style=\"text-align: justify;\">Tabi her iki deprem t\u00fcm Marmara&#8217;y\u0131 etkileyecektir. Deprem olu\u015f yeri yerle\u015fim yerine ne kadar yak\u0131nsa o yerle\u015fim yeri daha \u00e7ok etkilenecektir. O bak\u0131mdan burada m\u00fchim olan depremin ne zaman olaca\u011f\u0131 de\u011fil, depremden \u00f6nce neler yapabiliyoruz. Nas\u0131l \u00f6nlemler al\u0131yoruz. Bu muhtemel iki tehlikeye kar\u015f\u0131 ne kadar haz\u0131r\u0131z. Muhtemel depremin zarar\u0131n\u0131 en aza \u00e7ekmede nas\u0131l \u00e7al\u0131\u015fmalar yap\u0131yoruz. \u00d6nemli olan budur.&#8221;<\/p>\n<p style=\"text-align: justify;\">&#8220;Erken uyar\u0131 sistemleri insanlar\u0131 kurtarmaz&#8221;<\/p>\n<p style=\"text-align: justify;\">Erken uyar\u0131 sistemlerinin depremlerden 10 yada 12 saniye erken haber verdi\u011fini kaydeden I\u015f\u0131kara, &#8220;Bu s\u00fcre insanlar\u0131 kurtarmaya yetmez. T\u00fcrkiye&#8217;de deprem erken uyar\u0131 sisteminin bize \u00e7ok b\u00fcy\u00fck bir faydas\u0131 yok. Bir deprem 2 dalga \u00fcretir 1&#8217;nci dalga kay\u0131t sistemine geldi\u011fi zaman depremin oldu\u011fu yer ile yerle\u015fim yeri mesafesi \u00e7ok \u00f6nemlidir. T\u00fcrkiye bu bak\u0131mdan maalesef fakir. Deprem olan yerle yerle\u015fim yerinin mesafesi \u00e7ok k\u0131sa. Ancak bu erken uyar\u0131 sistemleri stratejik noktalar olan mesela do\u011falgaz veya LPG dolum tesisleri gibi yerlerde uyar\u0131 geldi\u011finde \u00f6nlem al\u0131nmas\u0131nda \u00f6nemlidir&#8221; diye konu\u015ftu.<\/p>\n<p style=\"text-align: justify;\"><a href=\"http:\/\/www.cnnturk.com\/2012\/turkiye\/02\/08\/isikaradan.tekirdag.icin.korkutan.uyari\/648335.0\/index.html\" target=\"_blank\">Kaynak : CNN T\u00dcRK<\/a><\/p>\n","protected":false},"excerpt":{"rendered":"<p style=\"text-align: justify;\">\n<p style=\"text-align: justify;\">Prof. Dr. Ahmet Mete I\u015f\u0131kara, Marmara ve Tekirda\u011f&#8217;\u0131 bekleyen iki tehlike oldu\u011funu belirterek, &#8220;300 y\u0131ld\u0131r sakinlik ve durgunluk var. Er veya ge\u00e7 burada da 7&#8217;nin \u00fczerinde bir deprem olas\u0131l\u0131\u011f\u0131 var&#8221; dedi.<\/p>\n<p style=\"text-align: justify;\">Trakya Kalk\u0131nma Ajans\u0131&#8217;n\u0131n destekledi\u011fi &#8216;\u0130l Afet ve Acil Durum Plan\u0131n\u0131n \u00d6n Ara\u015ft\u0131rmas\u0131 Projesi&#8217;nin Tekirda\u011f&#8217;da hayata ge\u00e7irilmesi nedeniyle <\/p>\n","protected":false},"author":1,"featured_media":0,"comment_status":"open","ping_status":"open","sticky":false,"template":"","format":"standard","meta":{"footnotes":""},"categories":[105],"tags":[],"class_list":["post-48592","post","type-post","status-publish","format-standard","hentry","category-gundem","odd"],"_links":{"self":[{"href":"http:\/\/www.korhanyilmaz.com\/index.php?rest_route=\/wp\/v2\/posts\/48592","targetHints":{"allow":["GET"]}}],"collection":[{"href":"http:\/\/www.korhanyilmaz.com\/index.php?rest_route=\/wp\/v2\/posts"}],"about":[{"href":"http:\/\/www.korhanyilmaz.com\/index.php?rest_route=\/wp\/v2\/types\/post"}],"author":[{"embeddable":true,"href":"http:\/\/www.korhanyilmaz.com\/index.php?rest_route=\/wp\/v2\/users\/1"}],"replies":[{"embeddable":true,"href":"http:\/\/www.korhanyilmaz.com\/index.php?rest_route=%2Fwp%2Fv2%2Fcomments&post=48592"}],"version-history":[{"count":0,"href":"http:\/\/www.korhanyilmaz.com\/index.php?rest_route=\/wp\/v2\/posts\/48592\/revisions"}],"wp:attachment":[{"href":"http:\/\/www.korhanyilmaz.com\/index.php?rest_route=%2Fwp%2Fv2%2Fmedia&parent=48592"}],"wp:term":[{"taxonomy":"category","embeddable":true,"href":"http:\/\/www.korhanyilmaz.com\/index.php?rest_route=%2Fwp%2Fv2%2Fcategories&post=48592"},{"taxonomy":"post_tag","embeddable":true,"href":"http:\/\/www.korhanyilmaz.com\/index.php?rest_route=%2Fwp%2Fv2%2Ftags&post=48592"}],"curies":[{"name":"wp","href":"https:\/\/api.w.org\/{rel}","templated":true}]}}