{"id":48586,"date":"2012-02-08T22:38:59","date_gmt":"2012-02-08T20:38:59","guid":{"rendered":"http:\/\/www.korhanyilmaz.com\/?p=48586"},"modified":"2012-02-09T05:24:14","modified_gmt":"2012-02-09T03:24:14","slug":"chp-bu-eylem-isgal-degil-isgalden-kurtarma-eylemidir","status":"publish","type":"post","link":"http:\/\/www.korhanyilmaz.com\/?p=48586","title":{"rendered":"CHP: Bu eylem i\u015fgal de\u011fil, i\u015fgalden kurtarma eylemidir"},"content":{"rendered":"<p style=\"text-align: justify;\">\n<p style=\"text-align: center;\"><a href=\"http:\/\/www.korhanyilmaz.com\/wp-content\/uploads\/2012\/02\/9729.jpg\"  class=\"lightview\"><img loading=\"lazy\" decoding=\"async\" class=\"aligncenter  wp-image-48588\" src=\"http:\/\/www.korhanyilmaz.com\/wp-content\/uploads\/2012\/02\/9729.jpg\" alt=\"\" width=\"360\" height=\"240\" \/><\/a><\/p>\n<p style=\"text-align: justify;\">CHP TBMM Grubu, Meclis Genel Kurulu&#8217;nda yapt\u0131klar\u0131 eylemin, &#8220;k\u00fcrs\u00fc i\u015fgali de\u011fil, \u0130\u00e7t\u00fcz\u00fck darbesiyle gasp edilmek istenen k\u00fcrs\u00fcy\u00fc, i\u015fgalden kurtarma eylemi&#8221; oldu\u011funu \u00f6ne s\u00fcrd\u00fc.<\/p>\n<p style=\"text-align: justify;\">CHP TBMM Grubu, TBMM Genel Kurulunda, TBMM \u0130\u00e7t\u00fcz\u00fck de\u011fi\u015fikli\u011fi teklifi g\u00f6r\u00fc\u015fmeleri devam ederken yaz\u0131l\u0131 a\u00e7\u0131klama yapt\u0131.\u00a0<!--more--><\/p>\n<p style=\"text-align: justify;\">AK Parti&#8217;nin, muhalefetin sesini k\u0131smak i\u00e7in, \u00f6nce yeni medya d\u00fczenini olu\u015fturdu\u011fu iddia edilen a\u00e7\u0131klamada, \u201cBu yetmedi, Meclis TV yay\u0131nlar\u0131n\u0131 k\u0131s\u0131tlad\u0131, \u015fimdi \u00e7ok daha ileri giderek Meclis \u0130\u00e7t\u00fcz\u00fc\u011f\u00fc&#8217;n\u00fc de\u011fi\u015ftirmek istiyor. Kurtulu\u015f Sava\u015f\u0131&#8217;nda bile m\u00fczakere y\u00f6ntemini benimsemi\u015f, m\u00fczakere ile sava\u015f y\u00f6netmi\u015f bu gazi Meclisi suskun meclis haline getirmeye \u00e7al\u0131\u015f\u0131yor\u201d denildi.<\/p>\n<p style=\"text-align: justify;\">A\u00e7\u0131klamada, Meclis \u0130\u00e7t\u00fcz\u00fc\u011f\u00fc de\u011fi\u015fiklik teklifinin, iktidar\u0131n\u0131n 10. y\u0131l\u0131nda g\u00fcndeme getirilmesinin tesad\u00fcf olmad\u0131\u011f\u0131, zamanlaman\u0131n \u00e7ok ilgin\u00e7 oldu\u011fu belirtildi. Meclis \u0130\u00e7t\u00fcz\u00fc\u011f\u00fc de\u011fi\u015fikli\u011finin, \u201cpost-modern diktat\u00f6rl\u00fck heveslerinin bir sonucu\u201d oldu\u011fu ileri s\u00fcr\u00fclen a\u00e7\u0131klamada, \u015fu ifadelere yer verildi:<\/p>\n<p style=\"text-align: justify;\">\u201cCHP, bu heveslerin \u00f6n\u00fcndeki engeldir. AKP&#8217;nin bu totaliter, millet iradesine ayk\u0131r\u0131 ve ifade \u00f6zg\u00fcrl\u00fc\u011f\u00fcn\u00fc engelleyen tutumuna izin vermeyecektir. Yap\u0131lmak istenen de\u011fi\u015fiklik sadece muhalefetin sesini kesmekten ibaret de\u011fildir, as\u0131l yap\u0131lmak istenen i\u015f\u00e7inin, esnaf\u0131n, k\u00f6yl\u00fcn\u00fcn, emeklinin k\u0131sacas\u0131 milletimizin sesini kesmektir. CHP milletin sesi olmaya devam edecektir ve bunu seslendirece\u011fi Meclis k\u00fcrs\u00fcs\u00fcn\u00fcn iktidar taraf\u0131ndan i\u015fgal edilmesini engelleyecektir.<\/p>\n<p style=\"text-align: justify;\">CHP&#8217;nin yapt\u0131\u011f\u0131 eylem; k\u00fcrs\u00fc i\u015fgali de\u011fil, \u0130\u00e7t\u00fcz\u00fck darbesiyle gasp edilmek istenen k\u00fcrs\u00fcy\u00fc i\u015fgalden kurtarma eylemidir. K\u00fcrs\u00fc milletin k\u00fcrs\u00fcs\u00fcd\u00fcr ve \u00f6yle kalacakt\u0131r. Amac\u0131m\u0131z, T\u00fcrk milletinin bu y\u00fcce \u00e7at\u0131 alt\u0131nda s\u00f6z s\u00f6yleme, T\u00fcrk milleti i\u00e7in yasa yapma, iktidar\u0131 denetleme g\u00f6revimizi lay\u0131k\u0131yla ve hakk\u0131yla yapma \u00f6zg\u00fcrl\u00fc\u011f\u00fcm\u00fcz\u00fc korumak, millet iradesine ve demokrasiye sahip \u00e7\u0131kmakt\u0131r. Bu bizim milletimize kar\u015f\u0131 kutsal \u00f6devimizdir. Bizim \u00f6zg\u00fcrl\u00fc\u011f\u00fcm\u00fcz; T\u00fcrk milletinin \u00f6zg\u00fcrl\u00fc\u011f\u00fcd\u00fcr.\u201d<\/p>\n<p style=\"text-align: justify;\"><a href=\"http:\/\/www.radikal.com.tr\/Radikal.aspx?aType=RadikalDetayV3&amp;ArticleID=1078169\" target=\"_blank\">Kaynak : Radikal.com.tr<\/a><\/p>\n","protected":false},"excerpt":{"rendered":"<p style=\"text-align: justify;\">\n<p style=\"text-align: center;\">\n<p style=\"text-align: justify;\">CHP TBMM Grubu, Meclis Genel Kurulu&#8217;nda yapt\u0131klar\u0131 eylemin, &#8220;k\u00fcrs\u00fc i\u015fgali de\u011fil, \u0130\u00e7t\u00fcz\u00fck darbesiyle gasp edilmek istenen k\u00fcrs\u00fcy\u00fc, i\u015fgalden kurtarma eylemi&#8221; oldu\u011funu \u00f6ne s\u00fcrd\u00fc.<\/p>\n<p style=\"text-align: justify;\">CHP TBMM Grubu, TBMM Genel Kurulunda, TBMM \u0130\u00e7t\u00fcz\u00fck de\u011fi\u015fikli\u011fi teklifi g\u00f6r\u00fc\u015fmeleri devam ederken yaz\u0131l\u0131 a\u00e7\u0131klama yapt\u0131. <\/p>\n","protected":false},"author":1,"featured_media":0,"comment_status":"open","ping_status":"open","sticky":false,"template":"","format":"standard","meta":{"footnotes":""},"categories":[105],"tags":[],"class_list":["post-48586","post","type-post","status-publish","format-standard","hentry","category-gundem","odd"],"_links":{"self":[{"href":"http:\/\/www.korhanyilmaz.com\/index.php?rest_route=\/wp\/v2\/posts\/48586","targetHints":{"allow":["GET"]}}],"collection":[{"href":"http:\/\/www.korhanyilmaz.com\/index.php?rest_route=\/wp\/v2\/posts"}],"about":[{"href":"http:\/\/www.korhanyilmaz.com\/index.php?rest_route=\/wp\/v2\/types\/post"}],"author":[{"embeddable":true,"href":"http:\/\/www.korhanyilmaz.com\/index.php?rest_route=\/wp\/v2\/users\/1"}],"replies":[{"embeddable":true,"href":"http:\/\/www.korhanyilmaz.com\/index.php?rest_route=%2Fwp%2Fv2%2Fcomments&post=48586"}],"version-history":[{"count":0,"href":"http:\/\/www.korhanyilmaz.com\/index.php?rest_route=\/wp\/v2\/posts\/48586\/revisions"}],"wp:attachment":[{"href":"http:\/\/www.korhanyilmaz.com\/index.php?rest_route=%2Fwp%2Fv2%2Fmedia&parent=48586"}],"wp:term":[{"taxonomy":"category","embeddable":true,"href":"http:\/\/www.korhanyilmaz.com\/index.php?rest_route=%2Fwp%2Fv2%2Fcategories&post=48586"},{"taxonomy":"post_tag","embeddable":true,"href":"http:\/\/www.korhanyilmaz.com\/index.php?rest_route=%2Fwp%2Fv2%2Ftags&post=48586"}],"curies":[{"name":"wp","href":"https:\/\/api.w.org\/{rel}","templated":true}]}}