{"id":48583,"date":"2012-02-08T19:37:01","date_gmt":"2012-02-08T17:37:01","guid":{"rendered":"http:\/\/www.korhanyilmaz.com\/?p=48583"},"modified":"2012-02-09T05:25:13","modified_gmt":"2012-02-09T03:25:13","slug":"chpli-vekiller-meclis-kursusunu-isgal-etti","status":"publish","type":"post","link":"http:\/\/www.korhanyilmaz.com\/?p=48583","title":{"rendered":"CHP&#8217;li vekiller Meclis k\u00fcrs\u00fcs\u00fcn\u00fc i\u015fgal etti"},"content":{"rendered":"<p style=\"text-align: center;\"><a href=\"http:\/\/www.korhanyilmaz.com\/wp-content\/uploads\/2012\/02\/9727.jpg\"  class=\"lightview\"><img loading=\"lazy\" decoding=\"async\" class=\"aligncenter  wp-image-48584\" src=\"http:\/\/www.korhanyilmaz.com\/wp-content\/uploads\/2012\/02\/9727.jpg\" alt=\"\" width=\"384\" height=\"254\" \/><\/a><\/p>\n<p style=\"text-align: justify;\">CHP milletvekilleri, TBMM Genel Kurulunda i\u00e7t\u00fcz\u00fck de\u011fi\u015fikli\u011fi teklifinin g\u00f6r\u00fc\u015fmeleri s\u0131ras\u0131nda komisyon s\u0131ralar\u0131 ve k\u00fcrs\u00fcy\u00fc i\u015fgal etti.<\/p>\n<p style=\"text-align: justify;\">TBMM Genel Kurulunda, AK Parti, CHP, MHP ve BDP&#8217;nin grup \u00f6nerilerinin ard\u0131ndan, g\u00f6r\u00fc\u015fmeleri yar\u0131m kalan TBMM \u0130\u00e7t\u00fcz\u00fck de\u011fi\u015fikli\u011fi teklifinin g\u00f6r\u00fc\u015fmelerine ge\u00e7ildi.\u00a0<!--more--><\/p>\n<p style=\"text-align: justify;\">CHP&#8217;li milletvekilleri, g\u00f6r\u00fc\u015fmelere ge\u00e7ilmeden \u00f6nce verilen arada, komisyon s\u0131ralar\u0131na oturarak, birle\u015fimin a\u00e7\u0131lmas\u0131n\u0131 bekledi. TBMM Ba\u015fkan\u0131 Cemil \u00c7i\u00e7ek, birle\u015fimi y\u00f6netmek \u00fczere k\u00fcrs\u00fcye \u00e7\u0131kt\u0131. CHP&#8217;lilerin komisyon s\u0131ras\u0131na oturmas\u0131 nedeniyle komisyon temsilcileri de Bakanlar Kurulu s\u0131ralar\u0131na oturmak zorunda kald\u0131.<\/p>\n<p style=\"text-align: justify;\">CHP Grup Ba\u015fkanvekili Akif Hamza\u00e7ebi, teklifin g\u00f6r\u00fc\u015fmelerinde Ba\u015fkanl\u0131k Divan\u0131&#8217;n\u0131 temsilen TBMM Ba\u015fkanvekili Mehmet Sa\u011flam&#8217;\u0131n yer almas\u0131n\u0131 ele\u015ftirdi, Sa\u011flam&#8217;\u0131n TBMM Anayasa Komisyonu g\u00f6r\u00fc\u015fmelerinde tarafs\u0131zl\u0131\u011f\u0131n\u0131 yitiren a\u00e7\u0131klamalarda bulundu\u011funu savundu. Hamza\u00e7ebi, Sa\u011flam&#8217;\u0131n, 5 dakikay\u0131 a\u015fan konu\u015fmalar\u0131n demogoji oldu\u011funu s\u00f6yledi\u011fini belirterek, Anayasaya g\u00f6re, Meclis ba\u015fkanvekillerinin, tarafs\u0131zl\u0131\u011f\u0131na g\u00f6lge d\u00fc\u015f\u00fcrecek hi\u00e7bir a\u00e7\u0131klamada bulunamayaca\u011f\u0131n\u0131 s\u00f6yledi.<\/p>\n<p style=\"text-align: justify;\">Hamza\u00e7ebi, Sa\u011flam&#8217;\u0131n kalk\u0131p, ba\u015fka bir Meclis Ba\u015fkanvekilinin kat\u0131lmas\u0131n\u0131 istedi.<\/p>\n<p style=\"text-align: justify;\">TBMM Ba\u015fkan\u0131 \u00c7i\u00e7ek, kendisinin y\u00f6netti\u011fi birle\u015fimlerde, bu konular\u0131n dile getirildi\u011fini an\u0131msatarak, Sa\u011flam&#8217;\u0131n, bu konulara ili\u015fkin a\u00e7\u0131klamalarda bulundu\u011funu kaydetti. \u00c7i\u00e7ek, \u201cSizlerde vard\u0131\u011f\u0131m\u0131z mutabakat gere\u011fi, teklifin t\u00fcm\u00fcn\u00fc g\u00f6r\u00fc\u015ft\u00fck. Meclis Ba\u015fkan\u0131 olarak \u00f6n\u00fcmde hangi s\u0131raya g\u00f6re i\u015f ve i\u015flemler yap\u0131lacaksa onu yapmak durumunday\u0131m. Bug\u00fcn \u0130\u00e7t\u00fcz\u00fck de\u011fi\u015fikli\u011fi i\u00e7in biraz \u00f6nce karar al\u0131nd\u0131. Bahsetti\u011finiz husus ge\u00e7ti\u011fimiz oturumlarda karara ba\u011fland\u0131. Teklifin soru cevap k\u0131sm\u0131nda kalm\u0131\u015ft\u0131k. \u015eimdi ba\u015fa d\u00f6nme imkan\u0131m\u0131z yok, kald\u0131\u011f\u0131m\u0131z yerden devam edece\u011fiz, soru-cevap k\u0131sm\u0131na ge\u00e7ece\u011fiz. Y\u00fcr\u00fcyen bir i\u015flem var, ilk kez ba\u015flam\u0131yoruz\u201d diye konu\u015ftu.<\/p>\n<p style=\"text-align: justify;\">Hamza\u00e7ebi, mutabakata var\u0131lmad\u0131\u011f\u0131n\u0131, e\u011fer mutabakat olsayd\u0131 bu kadar toplant\u0131 yap\u0131lmayaca\u011f\u0131n\u0131, ortada bir ihtilaf\u0131n bulundu\u011funu ileri s\u00fcrd\u00fc. Hamza\u00e7ebi, \u201c\u00c7ar\u015famba g\u00fcn\u00fcne kadar dondurulmu\u015f sorunu, buzdolab\u0131ndan \u00e7\u0131kard\u0131k, \u015fimdi o sorun \u00fczerine konu\u015fuyoruz. Sa\u011flam&#8217;\u0131n ge\u00e7en oturumda oturmas\u0131, bundan sonra oturaca\u011f\u0131 anlam\u0131na gelmez. Sa\u011flam&#8217;\u0131n oturmas\u0131, Anayas\u0131&#8217;n\u0131n 94. maddesine ayk\u0131r\u0131 olur\u201d g\u00f6r\u00fc\u015f\u00fcn\u00fc savundu.<\/p>\n<p style=\"text-align: justify;\">AK Parti Grup Ba\u015fkanvekili Mustafa Elita\u015f, \u0130\u00e7t\u00fcz\u00fckte, Meclis ba\u015fkanvekillerinin, sadece k\u00fcrs\u00fcde bulunurken hi\u00e7bir tart\u0131\u015fmaya kat\u0131lamayaca\u011f\u0131n\u0131n, g\u00f6r\u00fc\u015f beyan edemeyece\u011finin yer ald\u0131\u011f\u0131n\u0131 s\u00f6yledi. Elita\u015f, komisyon s\u0131ralar\u0131n\u0131n i\u015fgal edilmesinin, \u201cmilli iradeye kar\u015f\u0131 yap\u0131lm\u0131\u015f bir hareket oldu\u011funu\u201d ifade etti.<\/p>\n<p style=\"text-align: justify;\">MHP Grup Ba\u015fkanvekili Mehmet \u015eand\u0131r ise usul tart\u0131\u015fmas\u0131 a\u00e7\u0131lmas\u0131n\u0131 istedi.<\/p>\n<p style=\"text-align: justify;\">AK Parti&#8217;lilerin, bunun usule uygun olmad\u0131\u011f\u0131 y\u00f6n\u00fcndeki itirazlar\u0131 \u00fczerine \u00c7i\u00e7ek, usule uygun olmad\u0131\u011f\u0131n\u0131 kendisinin de bildi\u011fini s\u00f6yledi. \u00c7i\u00e7ek, orta yolu bulmak ad\u0131na, ka\u00e7 g\u00fcnd\u00fcr gayret ettiklerini ifade ederek, usul tart\u0131\u015fmas\u0131 a\u00e7t\u0131.<\/p>\n<p style=\"text-align: justify;\">AK Parti ile CHP&#8217;li milletvekillerinin tart\u0131\u015fmas\u0131 \u00fczerine \u00c7i\u00e7ek, milletvekillerini, \u201cS\u00fckunete davet ediyorum. Konu\u015farak her \u015feyi anlamaya \u00e7al\u0131\u015fabiliriz. B\u00f6yle bir uslup olmaz, do\u011fru de\u011fil\u201d diye uyard\u0131.<\/p>\n<p style=\"text-align: justify;\">Tart\u0131\u015fmalar\u0131n s\u00fcrmesi \u00fczerine, komisyon s\u0131ralar\u0131nda oturan CHP&#8217;li milletvekilleri yerinden kalkarak, k\u00fcrs\u00fcy\u00fc i\u015fgal etti. CHP&#8217;lilerin ayr\u0131lmas\u0131yla bo\u015falan yere, komisyon \u00fcyeleri ge\u00e7ti. TBMM Ba\u015fkan\u0131 Cemil \u00e7i\u00e7ek, bu geli\u015fme \u00fczerine birle\u015fime ara verdi ve grup ba\u015fkanvekillerini toplant\u0131ya \u00e7a\u011f\u0131rd\u0131.<\/p>\n<p style=\"text-align: justify;\"><strong>CHP\u2019L\u0130 VEK\u0130LLER ARADA DA K\u00dcRS\u00dcDEN AYRILMADI<\/strong><\/p>\n<p style=\"text-align: justify;\">CHP\u2019li vekiller verilen 1 saat 5 dakikal\u0131k arada da k\u00fcrs\u00fcden ayr\u0131lmad\u0131. Baz\u0131 vekiller de beklerken tav\u0131rlar\u0131n\u0131 anlatan \u201ctweet\u201d att\u0131.<\/p>\n<p style=\"text-align: justify;\"><strong>BDP\u2019DEN CHP\u2019YE K\u00dcRS\u00dc DESTE\u011e\u0130<\/strong><\/p>\n<p style=\"text-align: justify;\">1 saat 5 dakikal\u0131k aran\u0131n ard\u0131ndan TBMM Ba\u015fkan\u0131 Cemil \u00c7i\u00e7ek oturumu a\u00e7t\u0131. Bu arada BDP\u2019li vekiller oturum a\u00e7\u0131lmadan k\u00fcrs\u00fcde bekleyen CHP\u2019li vekillerin yan\u0131na gelerek destek oldular.<\/p>\n<p style=\"text-align: justify;\">TBMM Ba\u015fkan\u0131, oturumu a\u00e7t\u0131ktan sonra \u0130\u00e7t\u00fcz\u00fck g\u00f6r\u00fc\u015fmelerine kal\u0131nd\u0131\u011f\u0131 yerden devam edilece\u011fini a\u00e7\u0131klad\u0131. Bu s\u00f6zler AKP\u2019li vekiller taraf\u0131ndan da alk\u0131\u015f ald\u0131. \u00c7i\u00e7ek, konu\u015fmas\u0131n\u0131, \u201cDurumu daha fazla germeden ne yapacaksak y\u00fcr\u00fcrl\u00fckteki \u0130\u00e7t\u00fcz\u00fc\u011fe g\u00f6re yapaca\u011f\u0131z. Onun i\u00e7in kald\u0131\u011f\u0131m\u0131z yerden devam edece\u011fiz\u201d diyerek s\u00fcrd\u00fcrd\u00fc.<\/p>\n<p style=\"text-align: justify;\">MHP Grup Ba\u015fkanvekili Oktay Vural da, \u0130\u00e7t\u00fcz\u00fck 68. maddeye g\u00f6re oturumun kapat\u0131lmas\u0131n\u0131 istedi. \u00c7i\u00e7ek de, aray\u0131 \u0130\u00e7t\u00fcz\u00fck 68. maddeye g\u00f6re vermedi\u011fini ifade ederek, \u201cBir m\u00fczakere yapmak \u00fczere ara verdik. Kald\u0131\u011f\u0131m\u0131z yerden devam edece\u011fiz\u201d dedi.<\/p>\n<p style=\"text-align: justify;\"><strong>\u00c7\u0130\u00c7EK DEVAM EDECE\u011e\u0130Z DED\u0130, CHP\u2019L\u0130 VEK\u0130LLER ALKI\u015eLI PROTESTO YAPTI<\/strong><\/p>\n<p style=\"text-align: justify;\">\u00c7i\u00e7ek\u2019in \u201cDevam edece\u011fiz\u201d s\u00f6z\u00fcn\u00fc CHP\u2019li vekiller alk\u0131\u015fla protesto etti. Bu arada MHP\u2019li vekillerin yerlerinden aya\u011fa kalkarak \u00e7al\u0131\u015fmalar\u0131 izledikleri g\u00f6r\u00fcld\u00fc.<\/p>\n<p style=\"text-align: justify;\"><strong>AKP\u2019L\u0130 VEK\u0130LLER FOTO\u011eRAF \u00c7EK\u0130NCE ARBEDE \u00c7IKTI<\/strong><\/p>\n<p style=\"text-align: justify;\">CHP\u2019li vekiller uzun s\u00fcre alk\u0131\u015flamaya devam edince baz\u0131 AKP\u2019li vekiller de foto\u011fraf \u00e7ekti. AKP&#8217;li vekillerin foto\u011fraf \u00e7ekmesine CHP&#8217;li baz\u0131 vekiler tepki g\u00f6sterince tansiyon y\u00fckseldi. Kar\u015f\u0131l\u0131kl\u0131 at\u0131\u015fmalar\u0131n ard\u0131ndan AKP ve CHP\u2019li vekiller birbirlerinin \u00fczerine y\u00fcr\u00fcd\u00fc. Vekillerin araya girmesiyle kavga b\u00fcy\u00fcmeden \u00f6nlendi.<\/p>\n<p style=\"text-align: justify;\">Bu arada salonda \u201cE\u015fk\u0131ya sensin\u201d, \u201cNeyi \u00e7ekiyorsun\u201d, \u201cVursan ne olur\u201d sesleri y\u00fckseldi. Gerginli\u011fin b\u00fcy\u00fcmesi \u00fczerine Meclis Ba\u015fkan\u0131 oturuma 10 dakika ara verdi.<\/p>\n<p style=\"text-align: justify;\"><strong>MECL\u0130S BA\u015eKANI \u00dc\u00c7\u00dcNC\u00dc KEZ ARA VERD\u0130<\/strong><\/p>\n<p style=\"text-align: justify;\">TBMM Ba\u015fkan\u0131 Cemil \u00c7i\u00e7ek, CHP\u2019nin, Meclis Genel Kurulu\u2019nda k\u00fcrs\u00fcde yapt\u0131\u011f\u0131 alk\u0131\u015fl\u0131 eylemi \u00fczerine oturuma 3. kez ara verdi.<\/p>\n<p style=\"text-align: justify;\">TBMM Ba\u015fkan\u0131 Cemil \u00c7i\u00e7ek, verilen ikinci aran\u0131n ard\u0131ndan oturumu a\u00e7t\u0131. \u00c7i\u00e7ek\u2019in konu\u015fmaya ba\u015flamas\u0131yla birlikte k\u00fcrs\u00fcde bekleyen CHP\u2019li vekiller, alk\u0131\u015flarla protesto etmeye devam ettiler. Alk\u0131\u015flar\u0131n dinmemesi \u00fczerine \u00c7i\u00e7ek, \u201cSay\u0131n milletvekilleri bu Meclis \u00e7ok badire atlatt\u0131, \u00e7ok s\u0131k\u0131nt\u0131lar ya\u015fad\u0131. Ama b\u00f6yle bir g\u00f6r\u00fcnt\u00fcy\u00fc hak etmiyor. B\u00f6yle bir i\u015fgal Meclisimiz a\u00e7\u0131s\u0131ndan \u00e7ok do\u011fru de\u011fil. \u0130\u00e7t\u00fcz\u00fc\u011fe uygun de\u011fil. Birle\u015fime 10 dakika ara veriyorum\u201d dedi.<\/p>\n<p style=\"text-align: justify;\">B\u00f6ylece, TBMM Ba\u015fkan\u0131 oturuma 3. kez ara verdi.<\/p>\n<p style=\"text-align: justify;\"><strong>\u00c7\u0130\u00c7EK, OTURUMA 4. KEZ ARA VERD\u0130<\/strong><\/p>\n<p style=\"text-align: justify;\">\u00dc\u00e7\u00fcnc\u00fc aran\u0131n ard\u0131ndan yeniden ba\u015flayan oturumda TBMM Ba\u015fkan\u0131 Cemil \u00c7i\u00e7ek, \u0130\u00e7t\u00fcz\u00fck de\u011fi\u015fikli\u011fi teklifinin t\u00fcm\u00fc \u00fczerindeki g\u00f6r\u00fc\u015fmelerin tamamland\u0131\u011f\u0131n\u0131 belirtti. Ancak k\u00fcrs\u00fc i\u015fgalini s\u00fcrd\u00fcren CHP\u2019li vekiller, \u00c7i\u00e7ek\u2019i istifaya \u00e7a\u011f\u0131rd\u0131.<\/p>\n<p style=\"text-align: justify;\">\u00c7i\u00e7ek, teklifin t\u00fcm\u00fc \u00fczerinde soru soran olmad\u0131\u011f\u0131na g\u00f6re g\u00f6r\u00fc\u015fmelerin tamamland\u0131\u011f\u0131n\u0131 belirterek, \u201cMaddelere ge\u00e7ilmesini oylar\u0131n\u0131za sunuyorum. Kabul edilmi\u015ftir. Birinci b\u00f6l\u00fcm\u00fcn g\u00f6r\u00fc\u015fmelerine ba\u015fl\u0131yoruz, birinci b\u00f6l\u00fcm \u00fczerinde s\u00f6z isteyen var m\u0131?\u201d diye sordu. Ancak CHP&#8217;li vekilller k\u00fcrs\u00fcden &#8216;\u00c7i\u00e7ek istifa&#8217; diye tezah\u00fcrat yapmaya ba\u015flad\u0131lar. Gerginli\u011fin artmas\u0131 \u00fczerine \u00c7i\u00e7ek, oturuma 10 dakika ara verdi.<\/p>\n<p style=\"text-align: justify;\">Bu arada AKP s\u0131ralar\u0131ndan gelen \u201cyuh\u201d sesleri \u00fczerine k\u00fcrs\u00fcde bekleyen CHP\u2019li vekiller, AKP\u2019li vekillere s\u0131rtlar\u0131n\u0131 d\u00f6nd\u00fc.<\/p>\n<p style=\"text-align: justify;\"><a href=\"http:\/\/www.radikal.com.tr\/Radikal.aspx?aType=RadikalDetayV3&amp;ArticleID=1078143&amp;CategoryID=78\" target=\"_blank\">Kaynak : Radikal.com.tr<\/a><\/p>\n","protected":false},"excerpt":{"rendered":"<p style=\"text-align: center;\">\n<p style=\"text-align: justify;\">CHP milletvekilleri, TBMM Genel Kurulunda i\u00e7t\u00fcz\u00fck de\u011fi\u015fikli\u011fi teklifinin g\u00f6r\u00fc\u015fmeleri s\u0131ras\u0131nda komisyon s\u0131ralar\u0131 ve k\u00fcrs\u00fcy\u00fc i\u015fgal etti.<\/p>\n<p style=\"text-align: justify;\">TBMM Genel Kurulunda, AK Parti, CHP, MHP ve BDP&#8217;nin grup \u00f6nerilerinin ard\u0131ndan, g\u00f6r\u00fc\u015fmeleri yar\u0131m kalan TBMM \u0130\u00e7t\u00fcz\u00fck de\u011fi\u015fikli\u011fi teklifinin g\u00f6r\u00fc\u015fmelerine ge\u00e7ildi. <\/p>\n","protected":false},"author":1,"featured_media":0,"comment_status":"open","ping_status":"open","sticky":false,"template":"","format":"standard","meta":{"footnotes":""},"categories":[105],"tags":[],"class_list":["post-48583","post","type-post","status-publish","format-standard","hentry","category-gundem","odd"],"_links":{"self":[{"href":"http:\/\/www.korhanyilmaz.com\/index.php?rest_route=\/wp\/v2\/posts\/48583","targetHints":{"allow":["GET"]}}],"collection":[{"href":"http:\/\/www.korhanyilmaz.com\/index.php?rest_route=\/wp\/v2\/posts"}],"about":[{"href":"http:\/\/www.korhanyilmaz.com\/index.php?rest_route=\/wp\/v2\/types\/post"}],"author":[{"embeddable":true,"href":"http:\/\/www.korhanyilmaz.com\/index.php?rest_route=\/wp\/v2\/users\/1"}],"replies":[{"embeddable":true,"href":"http:\/\/www.korhanyilmaz.com\/index.php?rest_route=%2Fwp%2Fv2%2Fcomments&post=48583"}],"version-history":[{"count":0,"href":"http:\/\/www.korhanyilmaz.com\/index.php?rest_route=\/wp\/v2\/posts\/48583\/revisions"}],"wp:attachment":[{"href":"http:\/\/www.korhanyilmaz.com\/index.php?rest_route=%2Fwp%2Fv2%2Fmedia&parent=48583"}],"wp:term":[{"taxonomy":"category","embeddable":true,"href":"http:\/\/www.korhanyilmaz.com\/index.php?rest_route=%2Fwp%2Fv2%2Fcategories&post=48583"},{"taxonomy":"post_tag","embeddable":true,"href":"http:\/\/www.korhanyilmaz.com\/index.php?rest_route=%2Fwp%2Fv2%2Ftags&post=48583"}],"curies":[{"name":"wp","href":"https:\/\/api.w.org\/{rel}","templated":true}]}}