{"id":48571,"date":"2012-02-08T14:03:47","date_gmt":"2012-02-08T12:03:47","guid":{"rendered":"http:\/\/www.korhanyilmaz.com\/?p=48571"},"modified":"2012-02-09T04:51:10","modified_gmt":"2012-02-09T02:51:10","slug":"poliste-deprem","status":"publish","type":"post","link":"http:\/\/www.korhanyilmaz.com\/?p=48571","title":{"rendered":"Poliste deprem"},"content":{"rendered":"<p style=\"text-align: center;\"><a href=\"http:\/\/www.korhanyilmaz.com\/wp-content\/uploads\/2012\/02\/9723.jpg\"  class=\"lightview\"><img loading=\"lazy\" decoding=\"async\" class=\"aligncenter  wp-image-48572\" src=\"http:\/\/www.korhanyilmaz.com\/wp-content\/uploads\/2012\/02\/9723.jpg\" alt=\"\" width=\"336\" height=\"223\" \/><\/a><\/p>\n<p style=\"text-align: justify;\">KCK soru\u015fturmas\u0131n\u0131 y\u00fcr\u00fcten \u0130stanbul Emniyet M\u00fcd\u00fcrl\u00fc\u011f\u00fc \u0130stihbarat \u015eube M\u00fcd\u00fcr\u00fc Erol Demirhan ve Ter\u00f6rle M\u00fccadele \u015eube M\u00fcd\u00fcr\u00fc Yurt Atay\u00fcn g\u00f6revden al\u0131nd\u0131.<\/p>\n<p style=\"text-align: justify;\">\u0130STANBUL &#8211; Milli \u0130stihbarat Te\u015fkilat\u0131 (M\u0130T) g\u00f6revlililerinin KCK soru\u015fturmas\u0131 kapsam\u0131nda ifadeye \u00e7a\u011fr\u0131lmas\u0131 g\u00fcndeme bomba gibi d\u00fc\u015fm\u00fc\u015ft\u00fc.<!--more--><\/p>\n<p style=\"text-align: justify;\">Bu geli\u015fmenin ard\u0131ndan \u0130stanbul Emniyet M\u00fcd\u00fcrl\u00fc\u011f\u00fc\u2019nde deprem ya\u015fand\u0131. KCK soru\u015fturmas\u0131n\u0131 y\u00fcr\u00fcten \u0130stihbarat \u015eube M\u00fcd\u00fcr\u00fc Erol Demirhan ve Ter\u00f6rle M\u00fccadele \u015eube M\u00fcd\u00fcr\u00fc Yurt Atay\u00fcn g\u00f6revlerinden al\u0131nd\u0131.<\/p>\n<p style=\"text-align: justify;\"><strong>\u00c7APKIN: RUT\u0130N \u0130\u015eLEM\u00a0<\/strong><\/p>\n<p style=\"text-align: justify;\">\u0130stanbul Ter\u00f6rle M\u00fccadele M\u00fcd\u00fcr\u00fc Yurt Atayun ile \u0130stihbarat \u015eube M\u00fcd\u00fcr\u00fc Erol Demirhan&#8217;\u0131n g\u00f6revden al\u0131nmas\u0131yla ilgili \u0130stanbul Emniyet M\u00fcd\u00fcr\u00fc H\u00fcseyin \u00c7apk\u0131n &#8220;rutin bir uygulama&#8221;dedi. Emniyet \u00e7\u0131k\u0131\u015f\u0131nda bas\u0131n mensuplar\u0131n\u0131 kar\u015f\u0131s\u0131nda g\u00f6ren \u00c7apk\u0131n &#8221; Ne soraca\u011f\u0131n\u0131n belli, bu bizde rutin bir uygulamad\u0131r bir \u00e7e\u015fit n\u00f6bet de\u011fi\u015fimi&#8221; dedi. Bir bas\u0131n mensubunun &#8221; Peki Hakan Fidan&#8217;\u0131n \u00e7a\u011f\u0131r\u0131lmas\u0131yla ilgisi sorusunu ise &#8220;sadece bu&#8221; diye yan\u0131tlad\u0131.<\/p>\n<p style=\"text-align: justify;\"><strong>ATAMALAR YAPILDI\u00a0<\/strong><\/p>\n<p style=\"text-align: justify;\">Ter\u00f6rle M\u00fccadele \u015eube M\u00fcd\u00fcrl\u00fc\u011f\u00fc&#8217;ne \u00d6mer K\u00f6se, \u0130stihbarat \u015eube M\u00fcd\u00fcrl\u00fc\u011f\u00fc&#8217;ne ise Serdar G\u00fcldal\u0131 atand\u0131. \u0130stanbul \u0130stihbarat \u015eube M\u00fcd\u00fcr\u00fc Erol Demirhan\u2019\u0131n ismi tutuklu eski emniyet Hanifi Avc\u0131&#8217;n\u0131n yapt\u0131\u011f\u0131 su\u00e7 duyurusu ile g\u00fcndeme gelmi\u015fti. Avc\u0131, tutuklanmadan \u00f6nce \u0130stihbarat \u015eube M\u00fcd\u00fcr\u00fc Erol Demirhan\u2019\u0131n \u00fcst d\u00fczey b\u00fcrokratlara y\u00f6nelik dinlemeleri yapan isim oldu\u011funu \u00f6ne s\u00fcrm\u00fc\u015ft\u00fc. \u00d6mer K\u00f6se daha \u00f6nce Ter\u00f6rle M\u00fccadele \u015eube M\u00fcd\u00fcr Yard\u0131mc\u0131l\u0131\u011f\u0131 g\u00f6revini y\u00fcr\u00fct\u00fcrken Mali Su\u00e7larla M\u00fccadele \u015eube M\u00fcd\u00fcrl\u00fc\u011f\u00fc&#8217;ne atanm\u0131\u015ft\u0131.<\/p>\n<p style=\"text-align: justify;\">KCK soru\u015fturmas\u0131nda son 24 saate ya\u015fanan di\u011fer \u00f6nemli geli\u015fme ise M\u0130T M\u00fcste\u015far\u0131 Hakan Fidan, eski M\u00fcste\u015far Emre Taner ve eski M\u00fcste\u015far Yard\u0131mc\u0131s\u0131 Afet G\u00fcne\u015f ifade vermek \u00fczere savc\u0131l\u0131\u011fa \u00e7a\u011fr\u0131lmas\u0131 olmu\u015ftu.<\/p>\n<p style=\"text-align: justify;\"><a href=\"http:\/\/www.radikal.com.tr\/Radikal.aspx?aType=RadikalDetayV3&amp;ArticleID=1078122&amp;CategoryID=77\" target=\"_blank\">Kaynak : Radikal.com.tr<\/a><\/p>\n","protected":false},"excerpt":{"rendered":"<p style=\"text-align: center;\">\n<p style=\"text-align: justify;\">KCK soru\u015fturmas\u0131n\u0131 y\u00fcr\u00fcten \u0130stanbul Emniyet M\u00fcd\u00fcrl\u00fc\u011f\u00fc \u0130stihbarat \u015eube M\u00fcd\u00fcr\u00fc Erol Demirhan ve Ter\u00f6rle M\u00fccadele \u015eube M\u00fcd\u00fcr\u00fc Yurt Atay\u00fcn g\u00f6revden al\u0131nd\u0131.<\/p>\n<p style=\"text-align: justify;\">\u0130STANBUL &#8211; Milli \u0130stihbarat Te\u015fkilat\u0131 (M\u0130T) g\u00f6revlililerinin KCK soru\u015fturmas\u0131 kapsam\u0131nda ifadeye \u00e7a\u011fr\u0131lmas\u0131 g\u00fcndeme bomba gibi d\u00fc\u015fm\u00fc\u015ft\u00fc.<\/p>\n","protected":false},"author":1,"featured_media":0,"comment_status":"open","ping_status":"open","sticky":false,"template":"","format":"standard","meta":{"footnotes":""},"categories":[105],"tags":[],"class_list":["post-48571","post","type-post","status-publish","format-standard","hentry","category-gundem","odd"],"_links":{"self":[{"href":"http:\/\/www.korhanyilmaz.com\/index.php?rest_route=\/wp\/v2\/posts\/48571","targetHints":{"allow":["GET"]}}],"collection":[{"href":"http:\/\/www.korhanyilmaz.com\/index.php?rest_route=\/wp\/v2\/posts"}],"about":[{"href":"http:\/\/www.korhanyilmaz.com\/index.php?rest_route=\/wp\/v2\/types\/post"}],"author":[{"embeddable":true,"href":"http:\/\/www.korhanyilmaz.com\/index.php?rest_route=\/wp\/v2\/users\/1"}],"replies":[{"embeddable":true,"href":"http:\/\/www.korhanyilmaz.com\/index.php?rest_route=%2Fwp%2Fv2%2Fcomments&post=48571"}],"version-history":[{"count":0,"href":"http:\/\/www.korhanyilmaz.com\/index.php?rest_route=\/wp\/v2\/posts\/48571\/revisions"}],"wp:attachment":[{"href":"http:\/\/www.korhanyilmaz.com\/index.php?rest_route=%2Fwp%2Fv2%2Fmedia&parent=48571"}],"wp:term":[{"taxonomy":"category","embeddable":true,"href":"http:\/\/www.korhanyilmaz.com\/index.php?rest_route=%2Fwp%2Fv2%2Fcategories&post=48571"},{"taxonomy":"post_tag","embeddable":true,"href":"http:\/\/www.korhanyilmaz.com\/index.php?rest_route=%2Fwp%2Fv2%2Ftags&post=48571"}],"curies":[{"name":"wp","href":"https:\/\/api.w.org\/{rel}","templated":true}]}}