{"id":48562,"date":"2012-02-08T16:20:51","date_gmt":"2012-02-08T14:20:51","guid":{"rendered":"http:\/\/www.korhanyilmaz.com\/?p=48562"},"modified":"2012-02-08T22:13:52","modified_gmt":"2012-02-08T20:13:52","slug":"kcknin-bir-numarali-sanigi-basbakandir","status":"publish","type":"post","link":"http:\/\/www.korhanyilmaz.com\/?p=48562","title":{"rendered":"&#8221;KCK\u2019n\u0131n bir numaral\u0131 san\u0131\u011f\u0131 Ba\u015fbakan\u2019d\u0131r&#8221;"},"content":{"rendered":"<p style=\"text-align: center;\"><a href=\"http:\/\/www.korhanyilmaz.com\/wp-content\/uploads\/2012\/02\/9721.jpg\"  class=\"lightview\"><img loading=\"lazy\" decoding=\"async\" class=\"aligncenter  wp-image-48563\" src=\"http:\/\/www.korhanyilmaz.com\/wp-content\/uploads\/2012\/02\/9721.jpg\" alt=\"\" width=\"396\" height=\"180\" \/><\/a><\/p>\n<p style=\"text-align: justify;\">BDP milletvekili Altan Tan, M\u0130T M\u00fcste\u015far\u0131 Hakan Fidan&#8217;\u0131 Oslo\u2019daki g\u00f6r\u00fc\u015fmeye Ba\u015fbakan Erdo\u011fan\u2019\u0131n yollad\u0131\u011f\u0131n\u0131 savunarak, &#8220;O zaman Ba\u015fbakan Tayyip Erdo\u011fan da KCK san\u0131\u011f\u0131 konumuna gelir. KCK\u2019n\u0131n bir numaral\u0131 san\u0131\u011f\u0131 Ba\u015fbakan\u2019d\u0131r&#8221; dedi.<\/p>\n<p style=\"text-align: justify;\">ANKARA- TBMM\u2019de bas\u0131n toplant\u0131s\u0131 d\u00fczenleyen Tan, Ba\u015fbakan Yard\u0131mc\u0131s\u0131 B\u00fclent Ar\u0131n\u00e7\u2019\u0131n, 2012 y\u0131l\u0131 b\u00fct\u00e7e g\u00f6r\u00fc\u015fmelerinin son g\u00fcn\u00fcnde yapt\u0131\u011f\u0131 konu\u015fmada, &#8220;K\u00fcrtlerin e\u011fitim de dahil t\u00fcm haklar\u0131n\u0131n verilece\u011fini&#8221; s\u00f6yledi\u011fini, ancak daha sonra Diyarbak\u0131r\u2019da &#8220;K\u00fcrt\u00e7e anadil g\u00fcndemimizde yok&#8221; dedi\u011fini belirtti.\u00a0<!--more--><\/p>\n<p style=\"text-align: justify;\">Ar\u0131n\u00e7\u2019in daha sonra kat\u0131ld\u0131\u011f\u0131 bir televizyon programda, \u2019K\u00fcrt\u00e7e bir medeniyet dili mi? K\u00fcrt\u00e7e anadil kimin i\u015fine yarayacak&#8221; dedi\u011fini ifade eden Tan, &#8220;Neler oldu da B\u00fclent Ar\u0131n\u00e7 \u00e7ark etmi\u015ftir? Bu sorunlu ve zihin olarak geri bir yakla\u015f\u0131md\u0131r. Bir dilin medeniyet dili olup olmad\u0131\u011f\u0131na kim karar verecek? \u0130sterseniz K\u00fcrtler veya ba\u015fka bir halk size g\u00f6re \u2019agu, mugu, d\u0131g\u0131l, m\u0131g\u0131l\u2019 diye konu\u015fursa da bu onlar\u0131n en me\u015fru hakk\u0131d\u0131r. Buna karar verecek merci siz de\u011filsiniz, B\u00fclent Ar\u0131n\u00e7 hi\u00e7 de\u011fil. Ar\u0131n\u00e7\u2019\u0131n \u00f6z\u00fcr dilemesi laz\u0131m, haddini de bilmesi laz\u0131m. E\u011fer \u00f6z\u00fcr dilemezse ve bu noktada haddini bilmezse, kendisini medeniyet d\u0131\u015f\u0131 ilan ediyoruz&#8221; diye konu\u015ftu.<\/p>\n<p style=\"text-align: justify;\">Tan, &#8220;M\u0130T m\u00fcste\u015far\u0131 Hakan Fidan\u2019\u0131n ifadeye \u00e7a\u011fr\u0131lmas\u0131&#8221; ile ilgili soruyu yan\u0131tlarken, &#8220;T\u00fcrkiye\u2019de trajikomik i\u015fler meydana gelmeye devam eti\u011fini&#8221; belirterek, &#8220;Biz s\u00f6yledik; abuk subuk KCK davas\u0131n\u0131 s\u00fcrd\u00fcr\u00fcrseniz M\u0130T m\u00fcste\u015far\u0131 Hakan Fidan ile Yard\u0131mc\u0131s\u0131 KCK davas\u0131na \u00e7a\u011fr\u0131ld\u0131ktan bir ay sonra da Ba\u015fbakan \u00e7a\u011fr\u0131l\u0131r. Ba\u015fbakan da KCK davas\u0131nda sorgulan\u0131r, yarg\u0131lan\u0131r. Aynen bizim gibi o da Anayasan\u0131n 14. Maddesi kapsam\u0131na girmez, ter\u00f6rist kabul edilir, bu \u015fekilde\u00a0yarg\u0131lan\u0131r&#8221; dedi. Fidan\u2019\u0131n niye ifadeye \u00e7a\u011fr\u0131ld\u0131\u011f\u0131n\u0131 soran Tan, \u015f\u00f6yle konu\u015ftu.<\/p>\n<p style=\"text-align: justify;\">&#8220;PKK\u2019n\u0131n bir numaral\u0131 san\u0131\u011f\u0131 Sabri Ok ile Oslo\u2019da niye g\u00f6r\u00fc\u015ft\u00fcn? O zaman sor, kim yollad\u0131 Fidan\u2019\u0131? Ba\u015fbakan Tayyip Erdo\u011fan. \u00c7\u00fcnk\u00fc, \u00e7ok a\u00e7\u0131k. Fidan, \u2019Ben burada h\u00fck\u00fcmet ad\u0131na bulunuyorum\u2019 diyor. O zaman Ba\u015fbakan Tayyip Erdo\u011fan da KCK san\u0131\u011f\u0131 konumuna gelir. Bana g\u00f6re de \u00e7ok da iyi olur. Sen b\u00f6yle yaparsan, KCK de b\u00f6yle gelir senin boynuna ge\u00e7er. Bana g\u00f6re, KCK\u2019n\u0131n bir numaral\u0131 san\u0131\u011f\u0131 Ba\u015fbakan\u2019d\u0131r. Komik bir durumdur, do\u011fru de\u011fildir. Hadi bakal\u0131m bunu nas\u0131l temizleyeceksin. M\u0130T M\u00fcste\u015far\u0131n\u0131, kendini, beni nas\u0131l kurtaracaks\u0131n, onu d\u00fc\u015f\u00fcn. Bunlar\u0131n hepsi yanl\u0131\u015ft\u0131r. T\u00fcrkiye\u2019nin acilen titreyip kendine d\u00f6nmesi laz\u0131m.&#8221;<\/p>\n<p style=\"text-align: justify;\"><a href=\"http:\/\/www.gazeteport.com.tr\/haber\/78139\/kck\" target=\"_blank\">Kaynak : GAZETEPORT<\/a><\/p>\n","protected":false},"excerpt":{"rendered":"<p style=\"text-align: center;\">\n<p style=\"text-align: justify;\">BDP milletvekili Altan Tan, M\u0130T M\u00fcste\u015far\u0131 Hakan Fidan&#8217;\u0131 Oslo\u2019daki g\u00f6r\u00fc\u015fmeye Ba\u015fbakan Erdo\u011fan\u2019\u0131n yollad\u0131\u011f\u0131n\u0131 savunarak, &#8220;O zaman Ba\u015fbakan Tayyip Erdo\u011fan da KCK san\u0131\u011f\u0131 konumuna gelir. KCK\u2019n\u0131n bir numaral\u0131 san\u0131\u011f\u0131 Ba\u015fbakan\u2019d\u0131r&#8221; dedi.<\/p>\n<p style=\"text-align: justify;\">ANKARA- TBMM\u2019de bas\u0131n toplant\u0131s\u0131 d\u00fczenleyen Tan, Ba\u015fbakan Yard\u0131mc\u0131s\u0131 B\u00fclent Ar\u0131n\u00e7\u2019\u0131n, 2012 y\u0131l\u0131 b\u00fct\u00e7e g\u00f6r\u00fc\u015fmelerinin son g\u00fcn\u00fcnde yapt\u0131\u011f\u0131 konu\u015fmada, <\/p>\n","protected":false},"author":1,"featured_media":0,"comment_status":"open","ping_status":"open","sticky":false,"template":"","format":"standard","meta":{"footnotes":""},"categories":[105],"tags":[],"class_list":["post-48562","post","type-post","status-publish","format-standard","hentry","category-gundem","odd"],"_links":{"self":[{"href":"http:\/\/www.korhanyilmaz.com\/index.php?rest_route=\/wp\/v2\/posts\/48562","targetHints":{"allow":["GET"]}}],"collection":[{"href":"http:\/\/www.korhanyilmaz.com\/index.php?rest_route=\/wp\/v2\/posts"}],"about":[{"href":"http:\/\/www.korhanyilmaz.com\/index.php?rest_route=\/wp\/v2\/types\/post"}],"author":[{"embeddable":true,"href":"http:\/\/www.korhanyilmaz.com\/index.php?rest_route=\/wp\/v2\/users\/1"}],"replies":[{"embeddable":true,"href":"http:\/\/www.korhanyilmaz.com\/index.php?rest_route=%2Fwp%2Fv2%2Fcomments&post=48562"}],"version-history":[{"count":0,"href":"http:\/\/www.korhanyilmaz.com\/index.php?rest_route=\/wp\/v2\/posts\/48562\/revisions"}],"wp:attachment":[{"href":"http:\/\/www.korhanyilmaz.com\/index.php?rest_route=%2Fwp%2Fv2%2Fmedia&parent=48562"}],"wp:term":[{"taxonomy":"category","embeddable":true,"href":"http:\/\/www.korhanyilmaz.com\/index.php?rest_route=%2Fwp%2Fv2%2Fcategories&post=48562"},{"taxonomy":"post_tag","embeddable":true,"href":"http:\/\/www.korhanyilmaz.com\/index.php?rest_route=%2Fwp%2Fv2%2Ftags&post=48562"}],"curies":[{"name":"wp","href":"https:\/\/api.w.org\/{rel}","templated":true}]}}