{"id":48557,"date":"2012-02-08T16:47:31","date_gmt":"2012-02-08T14:47:31","guid":{"rendered":"http:\/\/www.korhanyilmaz.com\/?p=48557"},"modified":"2012-02-08T17:59:23","modified_gmt":"2012-02-08T15:59:23","slug":"basbakan-yine-ayrimcilik-yapti-ozur-bekliyoruz","status":"publish","type":"post","link":"http:\/\/www.korhanyilmaz.com\/?p=48557","title":{"rendered":"&#8220;Ba\u015fbakan yine ayr\u0131mc\u0131l\u0131k yapt\u0131, \u00f6z\u00fcr bekliyoruz&#8221;"},"content":{"rendered":"<p style=\"text-align: center;\"><a href=\"http:\/\/www.korhanyilmaz.com\/wp-content\/uploads\/2012\/02\/9720.jpg\"  class=\"lightview\"><img loading=\"lazy\" decoding=\"async\" class=\"aligncenter  wp-image-48558\" src=\"http:\/\/www.korhanyilmaz.com\/wp-content\/uploads\/2012\/02\/9720.jpg\" alt=\"\" width=\"276\" height=\"207\" \/><\/a><\/p>\n<p style=\"text-align: justify;\">G\u00fcndem \u00c7ocuk Haklar\u0131 Merkezi, Ba\u015fbakan Recep Tayyip Erdo\u011fan&#8217;\u0131n BM \u00c7ocuk Haklar\u0131na Dair S\u00f6zle\u015fme&#8217;nin \u015fartlar\u0131n\u0131 T\u00fcrkiye&#8217;nin t\u00fcm \u00e7ocuklar\u0131 i\u00e7in, hi\u00e7bir ayr\u0131mc\u0131l\u0131k yapmadan nas\u0131l ger\u00e7ekle\u015ftirece\u011fini a\u00e7\u0131klamas\u0131n\u0131, kamuoyunu ilgisiz polemiklerle me\u015fgul etmemesini ve yaftalad\u0131\u011f\u0131 \u00e7ocuklardan da bir an \u00f6nce \u00f6z\u00fcr dilemesini istedi.<!--more--><\/p>\n<p style=\"text-align: justify;\">Ankara- G\u00fcndem \u00c7ocuk \u00c7ocuk Haklar\u0131 Merkezi&#8217;nden yap\u0131lan yaz\u0131l\u0131 a\u00e7\u0131klamada, dindar nesil yeti\u015ftirme polemikleri aras\u0131nda Erdo\u011fan&#8217;\u0131n, tamamen yanl\u0131\u015f bir \u00fcslupla, u\u00e7ucu madde ba\u011f\u0131ml\u0131s\u0131 \u00e7ocuklar\u0131 &#8220;Dindar olmas\u0131nlar da tinerci mi olsunlar&#8221; diyerek ayr\u0131mc\u0131l\u0131k yap\u0131p konuyu g\u00fcndeme ta\u015f\u0131d\u0131\u011f\u0131, su\u00e7a s\u00fcr\u00fcklenmi\u015f, sokakta ya\u015fayan ve u\u00e7ucu madde ba\u011f\u0131ml\u0131s\u0131 \u00e7ocuklar\u0131 hat\u0131rlad\u0131\u011f\u0131 belirtildi.<\/p>\n<p style=\"text-align: justify;\"><strong>&#8220;Tinerci de\u011fil, madde ba\u011f\u0131ml\u0131s\u0131&#8221;\u00a0<\/strong><\/p>\n<p style=\"text-align: justify;\">Birle\u015fmi\u015f Milletler \u00c7ocuk Haklar\u0131na Dair S\u00f6zle\u015fme&#8217;nin gereklerini yerine getirmeye s\u00f6z vermi\u015f bir \u00fclkenin Ba\u015fbakan\u0131 olarak Erdo\u011fan&#8217;a d\u00fc\u015fenin \u00e7ocuklar\u0131 yaftalamak de\u011fil, onlara haklar\u0131n\u0131 vermek, ihtiya\u00e7lar\u0131n\u0131 kar\u015f\u0131lamak oldu\u011fu vurgulanan a\u00e7\u0131klamada, \u015f\u00f6yle denildi:<\/p>\n<p style=\"text-align: justify;\">&#8220;Ba\u015fbakan&#8217;\u0131n &#8216;dindar gen\u00e7lik yeti\u015ftirmek&#8217; konulu siyasi manevras\u0131n\u0131 me\u015fru k\u0131lmak i\u00e7in bir kalemde &#8216;tinerci&#8217; diyerek yaftalad\u0131\u011f\u0131 \u00e7ocuklar, sokakta ya\u015fayan madde ba\u011f\u0131ml\u0131s\u0131 \u00e7ocuklard\u0131r. \u00d6ncelikle onlar\u0131 bu \u015fekilde yaftalamak ve \u00f6tekile\u015ftirmek, onlar\u0131n neden sokakta ya\u015fad\u0131klar\u0131n\u0131, madde ba\u011f\u0131ml\u0131s\u0131 olduklar\u0131n\u0131 ya da su\u00e7a s\u00fcr\u00fcklendiklerinde ba\u015flar\u0131na ne geldi\u011fini anlamam\u0131z\u0131 imkans\u0131z k\u0131lar. Bu \u00e7ocuklar bizden \u00e7ok uzakta, \u00e7ok farkl\u0131 de\u011filler, hepsi bu toplumun hak sahibi bireyleri. Tek farklar\u0131 bu \u00e7ocuklar\u0131n haklar\u0131n\u0131n seri bir \u015fekilde ihlal ve gasp ediliyor olmas\u0131. Say\u0131lar\u0131 tam olarak bilinmemekle birlikte T\u00fcrkiye&#8217;de \u00e7ok say\u0131da \u00e7ocu\u011fun sokakta ya\u015fad\u0131\u011f\u0131 ve bunlar\u0131n bir\u00e7o\u011funun madde ba\u011f\u0131ml\u0131s\u0131 oldu\u011fu tahmin ediliyor. Sokakta ya\u015famalar\u0131n\u0131n ve madde ba\u011f\u0131ml\u0131s\u0131 olmalar\u0131n\u0131n sebebi de dinsizlik de\u011fil sosyal devletin yoklu\u011fu ve bir dizi hak ihlalinin sonucudur.&#8221;<\/p>\n<p style=\"text-align: justify;\"><strong>Madde ba\u011f\u0131ml\u0131s\u0131 olmak &#8220;dindar&#8221;l\u0131kla ilgili de\u011fil\u00a0<\/strong><\/p>\n<p style=\"text-align: justify;\">Bu \u00e7ocuklar\u0131n sokakta ya\u015famalar\u0131n\u0131n ya da madde ba\u011f\u0131ml\u0131s\u0131 olmalar\u0131n\u0131n sebebinin kendilerinin veya ailelerinin &#8220;dindar&#8221; olmad\u0131\u011f\u0131 de\u011fil; kendilerine ve ailelerine bor\u00e7lu olunan, haklar\u0131 olan sosyal hizmetlerin verilmemesi oldu\u011funa dikkat \u00e7ekilen a\u00e7\u0131klamada, sokakta ya\u015fayan madde ba\u011f\u0131ml\u0131s\u0131 \u00e7ocuklar\u0131n tiner kullanma nedenleri \u015f\u00f6yle s\u0131raland\u0131:<\/p>\n<p style=\"text-align: justify;\">&#8220;<strong>-Kendilerini de\u011ferli ve \u00f6nemli hissetmek,<\/strong><\/p>\n<p style=\"text-align: justify;\"><strong>-Ya\u015fad\u0131klar\u0131n\u0131 unutmak,<\/strong><\/p>\n<p style=\"text-align: justify;\"><strong>-Ya\u015famak i\u00e7in cesaret bulmak,<\/strong><\/p>\n<p style=\"text-align: justify;\"><strong>-D\u00fc\u015ft\u00fckleri durumla ba\u015f edebilmek,<\/strong><\/p>\n<p style=\"text-align: justify;\"><strong>-\u00dc\u015f\u00fcmemek,<\/strong><\/p>\n<p style=\"text-align: justify;\"><strong>-Dilenirken utanmamak.<\/strong>&#8220;<\/p>\n<p style=\"text-align: justify;\"><strong>&#8220;Sebep, sosyal hizmetlerin iflas etmi\u015f olmas\u0131d\u0131r&#8221;\u00a0<\/strong><\/p>\n<p style=\"text-align: justify;\">Sosyal hizmetlerin sadece sosyal yard\u0131ma indirgendi\u011fi i\u00e7in ve sorun \u00e7\u00f6zmeye de\u011fil sorunu \u00f6rtmeye y\u00f6nelik politikalar y\u00fcz\u00fcnden sokaklarda binlerce \u00e7ocuk ya\u015fad\u0131\u011f\u0131 dile getirilen a\u00e7\u0131klamada, \u015funlar ifade edildi:<\/p>\n<p style=\"text-align: justify;\">&#8220;Bu \u00e7ocuklar\u0131n tamam\u0131 madde ba\u011f\u0131ml\u0131l\u0131\u011f\u0131, cinsel istismar ve su\u00e7a s\u00fcr\u00fcklenmek gibi risklerle kar\u015f\u0131 kar\u015f\u0131ya, ba\u015f edemeyecekleri zorlukta bir ya\u015fam\u0131 s\u00fcrd\u00fcrmeye \u00e7al\u0131\u015fmaktad\u0131rlar. B\u00fct\u00fcn bu s\u00fcre\u00e7 i\u00e7inde Ba\u015fbakan&#8217;\u0131n sorun olarak sadece u\u00e7ucu madde ba\u011f\u0131ml\u0131l\u0131\u011f\u0131n\u0131 g\u00f6rmesi ve sorunu daha dindar bir nesil yeti\u015ftirerek \u00e7\u00f6zebilece\u011fini d\u00fc\u015f\u00fcnmesi bizleri deh\u015fete d\u00fc\u015f\u00fcrmektedir. Bir Ba\u015fbakan&#8217;\u0131n konuya bu kadar uzak kalm\u0131\u015f olmas\u0131 sokakta ya\u015fayan, u\u00e7ucu madde ba\u011f\u0131ml\u0131s\u0131 \u00e7ocuklar\u0131n sorunlar\u0131n\u0131n \u00e7\u00f6z\u00fcm\u00fcnde yak\u0131n gelecek i\u00e7in umutsuz bir tablo \u00e7izmektedir. Sosyal \u00e7evresiyle birlikte bir konutta, ailesiyle ya\u015fama \u015fans\u0131 bulamayan, hakk\u0131 olan e\u011fitimi alamayan, sorunla kar\u015f\u0131la\u015ft\u0131\u011f\u0131nda korunmayan, g\u00f6zetilmeyen, ailesine gerekli ekonomik ve sosyal hizmet deste\u011fi verilmeyen ve sonu\u00e7ta madde ba\u011f\u0131ml\u0131s\u0131 olan bir \u00e7ocu\u011fun ba\u015f\u0131na gelenlerden onlar\u0131 &#8216;tinerci&#8217; diye yaftalayanlar ve ayr\u0131mc\u0131l\u0131k yapanlar sorumludur.&#8221;<\/p>\n<p style=\"text-align: justify;\"><a href=\"http:\/\/www.cumhuriyet.com.tr\/?hn=314048\" target=\"_blank\">Kaynak : Cumhuriyet Haber Portal\u0131<\/a><\/p>\n","protected":false},"excerpt":{"rendered":"<p style=\"text-align: center;\">\n<p style=\"text-align: justify;\">G\u00fcndem \u00c7ocuk Haklar\u0131 Merkezi, Ba\u015fbakan Recep Tayyip Erdo\u011fan&#8217;\u0131n BM \u00c7ocuk Haklar\u0131na Dair S\u00f6zle\u015fme&#8217;nin \u015fartlar\u0131n\u0131 T\u00fcrkiye&#8217;nin t\u00fcm \u00e7ocuklar\u0131 i\u00e7in, hi\u00e7bir ayr\u0131mc\u0131l\u0131k yapmadan nas\u0131l ger\u00e7ekle\u015ftirece\u011fini a\u00e7\u0131klamas\u0131n\u0131, kamuoyunu ilgisiz polemiklerle me\u015fgul etmemesini ve yaftalad\u0131\u011f\u0131 \u00e7ocuklardan da bir an \u00f6nce \u00f6z\u00fcr dilemesini istedi.<\/p>\n","protected":false},"author":1,"featured_media":0,"comment_status":"open","ping_status":"open","sticky":false,"template":"","format":"standard","meta":{"footnotes":""},"categories":[105],"tags":[],"class_list":["post-48557","post","type-post","status-publish","format-standard","hentry","category-gundem","odd"],"_links":{"self":[{"href":"http:\/\/www.korhanyilmaz.com\/index.php?rest_route=\/wp\/v2\/posts\/48557","targetHints":{"allow":["GET"]}}],"collection":[{"href":"http:\/\/www.korhanyilmaz.com\/index.php?rest_route=\/wp\/v2\/posts"}],"about":[{"href":"http:\/\/www.korhanyilmaz.com\/index.php?rest_route=\/wp\/v2\/types\/post"}],"author":[{"embeddable":true,"href":"http:\/\/www.korhanyilmaz.com\/index.php?rest_route=\/wp\/v2\/users\/1"}],"replies":[{"embeddable":true,"href":"http:\/\/www.korhanyilmaz.com\/index.php?rest_route=%2Fwp%2Fv2%2Fcomments&post=48557"}],"version-history":[{"count":0,"href":"http:\/\/www.korhanyilmaz.com\/index.php?rest_route=\/wp\/v2\/posts\/48557\/revisions"}],"wp:attachment":[{"href":"http:\/\/www.korhanyilmaz.com\/index.php?rest_route=%2Fwp%2Fv2%2Fmedia&parent=48557"}],"wp:term":[{"taxonomy":"category","embeddable":true,"href":"http:\/\/www.korhanyilmaz.com\/index.php?rest_route=%2Fwp%2Fv2%2Fcategories&post=48557"},{"taxonomy":"post_tag","embeddable":true,"href":"http:\/\/www.korhanyilmaz.com\/index.php?rest_route=%2Fwp%2Fv2%2Ftags&post=48557"}],"curies":[{"name":"wp","href":"https:\/\/api.w.org\/{rel}","templated":true}]}}