{"id":48553,"date":"2012-02-07T21:56:27","date_gmt":"2012-02-07T19:56:27","guid":{"rendered":"http:\/\/www.korhanyilmaz.com\/?p=48553"},"modified":"2012-02-08T17:54:56","modified_gmt":"2012-02-08T15:54:56","slug":"biz-sokaklarda-acken-yanimizda-dindarlar-yoktu","status":"publish","type":"post","link":"http:\/\/www.korhanyilmaz.com\/?p=48553","title":{"rendered":"&#8216;Biz sokaklarda a\u00e7ken yan\u0131m\u0131zda dindarlar yoktu&#8217;"},"content":{"rendered":"<p style=\"text-align: center;\"><a href=\"http:\/\/www.korhanyilmaz.com\/wp-content\/uploads\/2012\/02\/9719.jpg\"  class=\"lightview\"><img loading=\"lazy\" decoding=\"async\" class=\"aligncenter  wp-image-48554\" src=\"http:\/\/www.korhanyilmaz.com\/wp-content\/uploads\/2012\/02\/9719.jpg\" alt=\"\" width=\"420\" height=\"210\" \/><\/a><\/p>\n<p style=\"text-align: justify;\">C\u00fcneyt \u00d6zdemir, Ba\u015fbakan Erdo\u011fan\u2019\u0131n tart\u0131\u015fma yaratan s\u00f6zleri \u00fczerine tinerci bir \u00e7ocu\u011fu canl\u0131 yay\u0131n konu\u011fu olarak ald\u0131, &#8220;Gen\u00e7ler Tinerci mi olsun?&#8221; s\u00f6zlerini o \u00e7ocu\u011fa sordu&#8230;<\/p>\n<p style=\"text-align: justify;\">Ba\u015fbakan Erdo\u011fan\u2019\u0131n \u201cBu gen\u00e7li\u011fin tinerci olmas\u0131n\u0131 m\u0131 istiyorsunuz? Siz bu gen\u00e7li\u011fin manevi de\u011ferlerinden kopuk, hi\u00e7bir istikameti olmayan bir nesil mi olmas\u0131n\u0131 istiyorsunuz? Biz sizinle anla\u015famayaca\u011f\u0131z. Hem \u00e7a\u011fda\u015f hem dindar olunam\u0131yor mu? \u00d6nce ba\u015f\u0131n\u0131z\u0131 \u00f6n\u00fcn\u00fcze e\u011fin ve hem dindar hem \u00e7a\u011fda\u015f bir nesil nas\u0131l yeti\u015fir bir d\u00fc\u015f\u00fcn\u00fcn. Dindar bir nesil farkl\u0131 d\u00fc\u015f\u00fcncelere sayg\u0131l\u0131d\u0131r. O terbiyeyi alarak yeti\u015fmi\u015f bir nesiliz\u201d s\u00f6zleri b\u00fcy\u00fck bir tart\u0131\u015fma ba\u015flatt\u0131.<!--more--><\/p>\n<p style=\"text-align: justify;\">\u00d6zdemir, canl\u0131 yay\u0131nda konu\u011fu olan tinerci \u00e7ocuk ile Ba\u015fbakan Erdo\u011fan\u2019\u0131n konu\u015fmas\u0131n\u0131 de\u011ferlendirdi. Ba\u015fbakan\u2019\u0131n s\u00f6zlerine al\u0131nd\u0131klar\u0131n\u0131 ifade eden tinerci \u00e7ocuk, \u201cBiz sokaklarda a\u00e7, susuz kal\u0131rken yan\u0131m\u0131zda dindarlar yoktu. Allah vard\u0131\u201d dedi.<\/p>\n<p style=\"text-align: justify;\"><a href=\"http:\/\/haber.gazetevatan.com\/biz-sokaklarda-acken-yanimizda-dindarlar-yoktu\/429582\/1\/Gundem\" target=\"_blank\">Kaynak : VATAN Gazetesi<\/a><\/p>\n","protected":false},"excerpt":{"rendered":"<p style=\"text-align: center;\">\n<p style=\"text-align: justify;\">C\u00fcneyt \u00d6zdemir, Ba\u015fbakan Erdo\u011fan\u2019\u0131n tart\u0131\u015fma yaratan s\u00f6zleri \u00fczerine tinerci bir \u00e7ocu\u011fu canl\u0131 yay\u0131n konu\u011fu olarak ald\u0131, &#8220;Gen\u00e7ler Tinerci mi olsun?&#8221; s\u00f6zlerini o \u00e7ocu\u011fa sordu&#8230;<\/p>\n<p style=\"text-align: justify;\">Ba\u015fbakan Erdo\u011fan\u2019\u0131n \u201cBu gen\u00e7li\u011fin tinerci olmas\u0131n\u0131 m\u0131 istiyorsunuz? Siz bu gen\u00e7li\u011fin manevi de\u011ferlerinden kopuk, hi\u00e7bir istikameti olmayan bir nesil mi olmas\u0131n\u0131 istiyorsunuz? Biz sizinle <\/p>\n","protected":false},"author":1,"featured_media":0,"comment_status":"open","ping_status":"open","sticky":false,"template":"","format":"standard","meta":{"footnotes":""},"categories":[105],"tags":[],"class_list":["post-48553","post","type-post","status-publish","format-standard","hentry","category-gundem","odd"],"_links":{"self":[{"href":"http:\/\/www.korhanyilmaz.com\/index.php?rest_route=\/wp\/v2\/posts\/48553","targetHints":{"allow":["GET"]}}],"collection":[{"href":"http:\/\/www.korhanyilmaz.com\/index.php?rest_route=\/wp\/v2\/posts"}],"about":[{"href":"http:\/\/www.korhanyilmaz.com\/index.php?rest_route=\/wp\/v2\/types\/post"}],"author":[{"embeddable":true,"href":"http:\/\/www.korhanyilmaz.com\/index.php?rest_route=\/wp\/v2\/users\/1"}],"replies":[{"embeddable":true,"href":"http:\/\/www.korhanyilmaz.com\/index.php?rest_route=%2Fwp%2Fv2%2Fcomments&post=48553"}],"version-history":[{"count":0,"href":"http:\/\/www.korhanyilmaz.com\/index.php?rest_route=\/wp\/v2\/posts\/48553\/revisions"}],"wp:attachment":[{"href":"http:\/\/www.korhanyilmaz.com\/index.php?rest_route=%2Fwp%2Fv2%2Fmedia&parent=48553"}],"wp:term":[{"taxonomy":"category","embeddable":true,"href":"http:\/\/www.korhanyilmaz.com\/index.php?rest_route=%2Fwp%2Fv2%2Fcategories&post=48553"},{"taxonomy":"post_tag","embeddable":true,"href":"http:\/\/www.korhanyilmaz.com\/index.php?rest_route=%2Fwp%2Fv2%2Ftags&post=48553"}],"curies":[{"name":"wp","href":"https:\/\/api.w.org\/{rel}","templated":true}]}}