{"id":48548,"date":"2012-02-08T17:50:21","date_gmt":"2012-02-08T15:50:21","guid":{"rendered":"http:\/\/www.korhanyilmaz.com\/?p=48548"},"modified":"2012-02-08T17:50:21","modified_gmt":"2012-02-08T15:50:21","slug":"bu-nasil-gazetecilik","status":"publish","type":"post","link":"http:\/\/www.korhanyilmaz.com\/?p=48548","title":{"rendered":"&#8216;Bu nas\u0131l gazetecilik?&#8217;"},"content":{"rendered":"<p style=\"text-align: justify;\"><a href=\"http:\/\/www.korhanyilmaz.com\/wp-content\/uploads\/2012\/02\/9717.jpg\"  class=\"lightview\"><img loading=\"lazy\" decoding=\"async\" class=\"aligncenter  wp-image-48549\" src=\"http:\/\/www.korhanyilmaz.com\/wp-content\/uploads\/2012\/02\/9717.jpg\" alt=\"\" width=\"420\" height=\"210\" \/><\/a><\/p>\n<p style=\"text-align: justify;\">Valiler toplant\u0131s\u0131nda konu\u015fan Ba\u015fbakan Erdo\u011fan, gazeteci C\u00fcneyt \u00d6zdemir&#8217;in tinerci bir \u00e7ocu\u011fu canl\u0131 yay\u0131na \u00e7\u0131karmas\u0131n\u0131 sert bir dille ele\u015ftirdi. &#8221;Bu nas\u0131l gazetecilik?&#8221; diye \u00d6zdemir&#8217;e tepki g\u00f6steren Erdo\u011fan &#8221;Biz do\u011fru bildiklerimizi s\u00f6ylemekten vazge\u00e7meyece\u011fiz&#8221; dedi. C\u00fcneyt \u00d6zdemir de twitter hesab\u0131ndan Ba\u015fbakan&#8217;a yan\u0131t verdi: Gazetecilik tam da bu&#8230;<!--more--><\/p>\n<p style=\"text-align: justify;\">\u0130\u015fte Erdo\u011fan&#8217;\u0131n o konu\u015fmas\u0131:<\/p>\n<p style=\"text-align: justify;\">Bir gazeteci \u00e7\u0131k\u0131yor tinerci \u00e7ocu\u011fu canl\u0131 yay\u0131na \u00e7\u0131kar\u0131yor. &#8220;Ba\u015fbakan&#8217;\u0131n tinerci nesil yeti\u015ftirmeyece\u011fiz s\u00f6z\u00fcnden rahats\u0131z olmas\u0131n\u0131 nas\u0131l de\u011ferlendiriyorsun?&#8221; diye soruyor. B\u00f6yle mi gazetecilik yap\u0131l\u0131r. Sen o \u00e7ocu\u011fu televizyona \u00e7\u0131kar\u0131p, \u00e7ocuklar\u0131n tiner kullanmas\u0131n\u0131 te\u015fvik ediyorsun. Bu nas\u0131l gazetecilik, ondan sonra gazete patronlar, televizyon patronlar\u0131 bundan rahats\u0131z oluyor. Biz bildiklerimizi s\u00f6ylemeye devam edece\u011fiz.<\/p>\n<p style=\"text-align: justify;\">C\u00fcneyt \u00d6zdemir d\u00fcn ak\u015fam CNN T\u00fcrk ekranlar\u0131nda yay\u0131nlanan 5N1K program\u0131na \u00e7\u0131kard\u0131\u011f\u0131 tinerci gence, Ba\u015fbakan Recep Tayyip Erdo\u011fan&#8217;\u0131n, &#8220;Bu gen\u00e7li\u011fin tinerci olmas\u0131n\u0131 m\u0131 istiyorsunuz? Siz bu gen\u00e7li\u011fin manevi de\u011ferlerinden kopuk, hi\u00e7bir istikameti olmayan bir nesil mi olmas\u0131n\u0131 istiyorsunuz?&#8221; s\u00f6zlerini sormu\u015ftu.<\/p>\n<p style=\"text-align: justify;\"><strong>\u00d6ZDEM\u0130R ERDO\u011eAN&#8217;A TWITTER&#8217;DAN CEVAP VERD\u0130\u00a0<\/strong><\/p>\n<p style=\"text-align: justify;\">\u00d6zdemir, Twitter hesab\u0131ndan \u015funlar\u0131 payla\u015ft\u0131:<\/p>\n<p style=\"text-align: center;\"><a href=\"http:\/\/www.korhanyilmaz.com\/wp-content\/uploads\/2012\/02\/9718.jpg\"  class=\"lightview\"><img loading=\"lazy\" decoding=\"async\" class=\"aligncenter  wp-image-48550\" src=\"http:\/\/www.korhanyilmaz.com\/wp-content\/uploads\/2012\/02\/9718.jpg\" alt=\"\" width=\"440\" height=\"181\" \/><\/a><\/p>\n<p style=\"text-align: justify;\">Basbakan Erdogan bir tinerciyi ekrana cikartmama cok kizmis &#8216;Gazetecilik bu mu?&#8217;diye soruyor. Benim icin gazetecilik tam da bu&#8230;<\/p>\n<p style=\"text-align: justify;\">&#8216;Bu&#8217; gazeteciligi daha ne kadar yapabilecegiz asil sorulmasi gereken soru bu&#8230;<\/p>\n<p style=\"text-align: justify;\"><strong>&#8220;T\u0130NERC\u0130 M\u0130 OLSUNLAR?&#8221; S\u00d6ZLER\u0130NE TEPK\u0130\u00a0<\/strong><\/p>\n<p style=\"text-align: justify;\">BA\u015eBAKAN Recep Tayyip Erdo\u011fan\u2019\u0131n, &#8220;AK parti iktidar\u0131ndan kimse ateist nesil yeti\u015ftirmeyi beklemesin, dindar bir gen\u00e7lik yeti\u015ftirece\u011fiz. Dindar olmas\u0131n da tinerci mi olsun?&#8221; a\u00e7\u0131klamas\u0131na tepki g\u00f6steren bir grup \u00fcniversite \u00f6\u011frencisi d\u00fczenledikleri g\u00f6steride, &#8220;Paral\u0131 e\u011fitim tinerci yapar&#8221;, &#8220;Tayyip gen\u00e7li\u011fi de\u011fil, kolektif olal\u0131m&#8221; diye slogan att\u0131.<\/p>\n<p style=\"text-align: justify;\">\u00d6\u011frenci Kolektifi \u00fcyesi olduklar\u0131n\u0131 s\u00f6yleyen 30 ki\u015fi, \u00f6\u011flen saatlerinde Be\u015fikta\u015f\u2019ta toplanarak, Ba\u015fbakanl\u0131k \u00c7al\u0131\u015fma Ofisi y\u00f6n\u00fcnde y\u00fcr\u00fcy\u00fc\u015fe ge\u00e7ti. Polisin uyar\u0131s\u0131 \u00fczerine, iskele meydan\u0131nda duran topluluk, &#8220;Zorbal\u0131\u011fa, Y\u00d6K\u2019e, paral\u0131 e\u011fitime kolektif olal\u0131m&#8221;, &#8220;AK nesil projesi giri\u015fimci, rant\u00e7\u0131, itaatkar, kad\u0131n d\u00fc\u015fman\u0131&#8221; yaz\u0131l\u0131 d\u00f6vizler a\u00e7t\u0131. Bas\u0131n a\u00e7\u0131klamas\u0131n\u0131 okuyan Dilara Ayd\u0131n \u015funlar\u0131 s\u00f6yledi:<\/p>\n<p style=\"text-align: justify;\">&#8220;\u00dcniversiteliler olarak ba\u015fbakan Erdo\u011fan\u2019\u0131n hezeyan dolu bu a\u00e7\u0131klamalar\u0131n\u0131 hayretle izliyoruz. Ba\u015fbakan\u2019a da buradan \u00f6zel konutunun \u00f6n\u00fcnde iki \u00e7ift laf\u0131m\u0131z\u0131 s\u00f6ylemeden edemeyece\u011fiz. Tayyip Erdo\u011fan\u2019\u0131n a\u00e7\u0131klamas\u0131, AKP iktidar\u0131n\u0131n otoriter y\u00fcz\u00fcn\u00fc g\u00f6stermektedir. Bu muhalif olan herkesin susturulmas\u0131, bask\u0131 alt\u0131na al\u0131nmas\u0131, bir kal\u0131ba sokulmas\u0131 politikas\u0131d\u0131r. Gen\u00e7li\u011fi bir kal\u0131ba sokmaya \u00e7al\u0131\u015fmak yeni de\u011fil. \u00d6\u011frenci kolektifleri olarak har\u00e7 ve ula\u015f\u0131m zamlar\u0131na kar\u015f\u0131 yapt\u0131\u011f\u0131m\u0131z eylemlerden sonra da yine beylik laflar\u0131yla, \u2019Bunlar milletten yana de\u011fil, illetten yana, ak\u0131ll\u0131 olun ve adapl\u0131 olun\u2019 demi\u015fti. Ba\u015fbakan Erdo\u011fan bir tornadan \u00e7\u0131km\u0131\u015f gibi, \u015fak \u015fak yapan bir gen\u00e7lik olmam\u0131z\u0131, sorun \u00e7\u0131karmamam\u0131z\u0131 istiyor. Ama \u00fczg\u00fcn\u00fcz, biz sizin istedi\u011finiz gibi ayn\u0131 kal\u0131ba girmeyece\u011fiz. Paral\u0131 e\u011fitim y\u00fcz\u00fcnden okul kap\u0131lar\u0131n\u0131n yoksullara kapat\u0131lmas\u0131na tahamm\u00fcl\u00fcm\u00fcz yok. Halk\u0131n yoksulla\u015ft\u0131r\u0131lmas\u0131na kar\u015f\u0131 halk\u0131n haklar\u0131n\u0131 savunuyoruz. \u00dclkenin kapal\u0131 cezaevine \u00e7evrilmesine kar\u015f\u0131y\u0131z. Malatya\u2019ya f\u00fcze kalkan\u0131, Uludere gibi katliamlar\u0131n son bulmas\u0131n\u0131 istedi\u011fimiz i\u00e7in, kolektif olal\u0131m.&#8221;<\/p>\n<p style=\"text-align: justify;\">Topluluk a\u00e7\u0131klama sonras\u0131, olays\u0131z da\u011f\u0131ld\u0131.<\/p>\n<p style=\"text-align: justify;\"><a href=\"http:\/\/haber.gazetevatan.com\/bu-nasil-gazetecilik\/429684\/1\/Gundem\" target=\"_blank\">Kaynak : VATAN Gazetesi<\/a><\/p>\n","protected":false},"excerpt":{"rendered":"<p style=\"text-align: justify;\">\n<p style=\"text-align: justify;\">Valiler toplant\u0131s\u0131nda konu\u015fan Ba\u015fbakan Erdo\u011fan, gazeteci C\u00fcneyt \u00d6zdemir&#8217;in tinerci bir \u00e7ocu\u011fu canl\u0131 yay\u0131na \u00e7\u0131karmas\u0131n\u0131 sert bir dille ele\u015ftirdi. &#8221;Bu nas\u0131l gazetecilik?&#8221; diye \u00d6zdemir&#8217;e tepki g\u00f6steren Erdo\u011fan &#8221;Biz do\u011fru bildiklerimizi s\u00f6ylemekten vazge\u00e7meyece\u011fiz&#8221; dedi. C\u00fcneyt \u00d6zdemir de twitter hesab\u0131ndan Ba\u015fbakan&#8217;a yan\u0131t verdi: Gazetecilik tam da bu&#8230;<\/p>\n","protected":false},"author":1,"featured_media":0,"comment_status":"open","ping_status":"open","sticky":false,"template":"","format":"standard","meta":{"footnotes":""},"categories":[105],"tags":[],"class_list":["post-48548","post","type-post","status-publish","format-standard","hentry","category-gundem","odd"],"_links":{"self":[{"href":"http:\/\/www.korhanyilmaz.com\/index.php?rest_route=\/wp\/v2\/posts\/48548","targetHints":{"allow":["GET"]}}],"collection":[{"href":"http:\/\/www.korhanyilmaz.com\/index.php?rest_route=\/wp\/v2\/posts"}],"about":[{"href":"http:\/\/www.korhanyilmaz.com\/index.php?rest_route=\/wp\/v2\/types\/post"}],"author":[{"embeddable":true,"href":"http:\/\/www.korhanyilmaz.com\/index.php?rest_route=\/wp\/v2\/users\/1"}],"replies":[{"embeddable":true,"href":"http:\/\/www.korhanyilmaz.com\/index.php?rest_route=%2Fwp%2Fv2%2Fcomments&post=48548"}],"version-history":[{"count":0,"href":"http:\/\/www.korhanyilmaz.com\/index.php?rest_route=\/wp\/v2\/posts\/48548\/revisions"}],"wp:attachment":[{"href":"http:\/\/www.korhanyilmaz.com\/index.php?rest_route=%2Fwp%2Fv2%2Fmedia&parent=48548"}],"wp:term":[{"taxonomy":"category","embeddable":true,"href":"http:\/\/www.korhanyilmaz.com\/index.php?rest_route=%2Fwp%2Fv2%2Fcategories&post=48548"},{"taxonomy":"post_tag","embeddable":true,"href":"http:\/\/www.korhanyilmaz.com\/index.php?rest_route=%2Fwp%2Fv2%2Ftags&post=48548"}],"curies":[{"name":"wp","href":"https:\/\/api.w.org\/{rel}","templated":true}]}}