{"id":48544,"date":"2012-02-08T17:13:39","date_gmt":"2012-02-08T15:13:39","guid":{"rendered":"http:\/\/www.korhanyilmaz.com\/?p=48544"},"modified":"2012-02-08T17:23:59","modified_gmt":"2012-02-08T15:23:59","slug":"abd-elcisine-brifing-veren-polis-aciklandi","status":"publish","type":"post","link":"http:\/\/www.korhanyilmaz.com\/?p=48544","title":{"rendered":"ABD El\u00e7isi&#8217;ne brifing veren polis a\u00e7\u0131kland\u0131"},"content":{"rendered":"<p style=\"text-align: center;\"><a href=\"http:\/\/www.korhanyilmaz.com\/wp-content\/uploads\/2012\/02\/9716.jpg\"  class=\"lightview\"><img loading=\"lazy\" decoding=\"async\" class=\"aligncenter  wp-image-48545\" src=\"http:\/\/www.korhanyilmaz.com\/wp-content\/uploads\/2012\/02\/9716.jpg\" alt=\"\" width=\"396\" height=\"180\" \/><\/a><\/p>\n<p style=\"text-align: justify;\">ABD El\u00e7isi&#8217;ne birifing veren polisin ses kay\u0131tlar\u0131n\u0131 dinledi\u011fini belirten Baydar, bu polisin ara\u015ft\u0131r\u0131lmas\u0131n\u0131 istedi.<\/p>\n<p style=\"text-align: justify;\">\u00a0ANKARA &#8211; CHP Ayd\u0131n Milletvekili Metin L\u00fctfi Baydar, ABD B\u00fcy\u00fckel\u00e7ili\u011fi M\u00fcste\u015far\u0131 Daniel O\u2019Grady taraf\u0131ndan Washington\u2019a yaz\u0131lan kriptoda, \u201c29 May\u0131s\u2019ta B\u00fcy\u00fckel\u00e7ilik Ergenekon soru\u015fturmas\u0131 hakk\u0131nda T\u00fcrk polisinin kontrter\u00f6rizm ve istihbarat birimlerinden Uluslararas\u0131 \u0130li\u015fkiler ve Analiz B\u00f6l\u00fcm\u00fc direkt\u00f6r\u00fc Ufuk Ersoy Yavuz taraf\u0131ndan y\u00f6netilen bir brifing dinlediler\u201d denildi\u011fini belirterek, \u201cB\u00f6yle bir ki\u015fi EGM\u2019de \u00e7al\u0131\u015fmakta m\u0131d\u0131r? Bu ki\u015fi ka\u00e7 kez brifing vermi\u015ftir\u201d diye sordu.\u00a0<!--more--><\/p>\n<p style=\"text-align: justify;\">TBMM\u2019de CHP Antalya Milletvekili Y\u0131ld\u0131ray Sapan ile bas\u0131n toplant\u0131s\u0131 d\u00fczenleyen Ayd\u0131n Milletvekili Metin L\u00fctfi Baydar, 2 Haziran 2009&#8217;da ABD B\u00fcy\u00fckel\u00e7ili\u011fi M\u00fcste\u015far\u0131 Daniel O\u2019Grady taraf\u0131ndan Washington\u2019a yaz\u0131lan kriptoda, \u201c29 May\u0131s\u2019ta B\u00fcy\u00fckel\u00e7ilik Ergenekon soru\u015fturmas\u0131 hakk\u0131nda T\u00fcrk polisinin kontrter\u00f6rizm ve istihbarat birimlerinden Uluslararas\u0131 \u0130li\u015fkiler ve Analiz B\u00f6l\u00fcm\u00fc direkt\u00f6r\u00fc Ufuk Ersoy Yavuz taraf\u0131ndan y\u00f6netilen bir brifing dinlediler\u201d denildi\u011fini belirterek, \u015fu sorular\u0131 y\u00f6neltti:<\/p>\n<p style=\"text-align: justify;\">\u201cUfuk Ersoy Yavuz kimdir? B\u00f6yle bir ki\u015fi EGM\u2019de \u00e7al\u0131\u015fmakta m\u0131d\u0131r? Bu ki\u015fi ka\u00e7 kez brifing vermi\u015ftir? Bu brifing hangi ama\u00e7la verilmi\u015ftir? B\u00f6yle bir brifing bu ki\u015fi taraf\u0131ndan yap\u0131lm\u0131\u015f ise bu brifing verme emrini kim vermi\u015ftir? Emri kimse vermemi\u015f ve bu ki\u015fi kendi ba\u015f\u0131na brifingi vermi\u015fse bu ki\u015fi hakk\u0131nda EGM ya da \u0130\u00e7i\u015fleri Bakanl\u0131\u011f\u0131 m\u00fcfetti\u015fleri herhangi bir idari ya da cezai soru\u015fturma ba\u015flatm\u0131\u015flar m\u0131d\u0131r?\u201d<\/p>\n<p style=\"text-align: justify;\"><strong>\u201cBU KURULU\u015eU K\u0130M Y\u00d6NLEND\u0130R\u0130YOR?\u201d<\/strong><\/p>\n<p style=\"text-align: justify;\">WikiLeaks belgelerine g\u00f6re bu brifingin EGM yetkililerinden talep edildi\u011finin belirtildi\u011fini ifade eden Baydar, \u201cABD B\u00fcy\u00fckel\u00e7ili\u011fi M\u00fcste\u015far\u0131 Daniel O\u2019Grady 24 Kas\u0131m 2008\u2019te Washington\u2019a yazd\u0131\u011f\u0131 kriptoda; \u2018Bir yasal ate\u015fe iste\u011fine cevap veren T\u00fcrk polisi 21 Kas\u0131m 2008\u2019te B\u00fcy\u00fckel\u00e7ili\u011fe Ergenekon adl\u0131 AKP h\u00fck\u00fcmetini devirmek isteyen karanl\u0131k \u015febeke hakk\u0131nda g\u00f6rsellerinde katk\u0131s\u0131yla detayl\u0131 bir brifing vermi\u015flerdir\u2019 denilmi\u015ftir\u201d dedi.<\/p>\n<p style=\"text-align: justify;\">\u201cEGM, ABD B\u00fcy\u00fckel\u00e7ili\u011finden gelen istek \u00fczerine e\u011fer b\u00f6yle bir brifing vermemi\u015f ise bu brifingi kim vermi\u015ftir\u201d diyen Baydar, \u015fu sorular\u0131 sordu:<\/p>\n<p style=\"text-align: justify;\">\u201cEGM, \u0130\u00e7i\u015fleri Bakanl\u0131\u011f\u0131n\u0131n haberi yok ise T\u00fcrkiye\u2019de de bu makamlardan ba\u011f\u0131ms\u0131z birileri ad\u0131na bu i\u015fleri y\u00fcr\u00fcten delil \u00fcreten komplo yaratan bir kurulu\u015f mu vard\u0131r? Bu kurulu\u015fu kim y\u00f6nlendirmektedir?&#8221;<\/p>\n<p style=\"text-align: justify;\"><strong>SAVCILARA \u00c7A\u011eRIDA BULUNDU<\/strong><\/p>\n<p style=\"text-align: justify;\">Bas\u0131n toplant\u0131s\u0131nda Baydar, kendi \u00e7evirdi\u011fi d\u00f6rt tane WikiLeaks kriptosunu da bas\u0131n mensuplar\u0131na da\u011f\u0131tt\u0131.<\/p>\n<p style=\"text-align: justify;\">Savc\u0131lara da \u00e7a\u011fr\u0131da bulunan Baydar, \u201cBu konular\u0131n ayd\u0131nlat\u0131lmaya ihtiyac\u0131 vard\u0131r? Kamuoyuna ve T\u00fcrk adaletinin onurlu savc\u0131lar\u0131na sayg\u0131 ile duyurulur\u201d dedi.<\/p>\n<p style=\"text-align: justify;\">Bir bas\u0131n mensubunun, \u201cSu\u00e7 duyurusunda bulunacak m\u0131s\u0131n\u0131z\u201d sorusuna Baydar, \u201cBunu bir su\u00e7 duyurusu olarak nitelendiriyoruz. Ama \u00f6zellikle hakk\u0131ndaki iddialarla ilgili olarak bir \u00f6nceki CHP\u2019nin Genel Ba\u015fkan\u0131 Say\u0131n Deniz Baykal da 3 g\u00fcn s\u00fcre vermi\u015fti. O da bir su\u00e7 duyurusunda bulunacak. Birle\u015ftirebiliriz\u201d dedi.<\/p>\n<p style=\"text-align: justify;\">Bir soru \u00fczerine Baydar, \u201cKriptoya g\u00f6re konu\u015fuyorum, bir ki\u015fiden fazla oldu\u011funu tahmin ediyoruz. Bir de yasal ate\u015feye e\u015flik eden bir RA\u2019dan s\u00f6z ediliyor. RA M\u0131s\u0131r\u2019da bir tanr\u0131 de\u011fil ise acaba nedir? Ona da sizler gazeteci olarak detayl\u0131 bakars\u0131n\u0131z\u201d dedi.<\/p>\n<p style=\"text-align: justify;\">\u201cABD El\u00e7ili\u011fi ile temas\u0131n\u0131z oldu mu\u201d sorusuna Baydar, \u201cHay\u0131r, hay\u0131r\u201d demekle yetindi.<\/p>\n<p style=\"text-align: justify;\"><a href=\"http:\/\/www.gazeteport.com.tr\/haber\/78152\/abd_elcisine_brifing_veren_polis_aciklandi\" target=\"_blank\">Kaynak \u00a0: GAZETEPORT<\/a><\/p>\n","protected":false},"excerpt":{"rendered":"<p style=\"text-align: center;\">\n<p style=\"text-align: justify;\">ABD El\u00e7isi&#8217;ne birifing veren polisin ses kay\u0131tlar\u0131n\u0131 dinledi\u011fini belirten Baydar, bu polisin ara\u015ft\u0131r\u0131lmas\u0131n\u0131 istedi.<\/p>\n<p style=\"text-align: justify;\"> ANKARA &#8211; CHP Ayd\u0131n Milletvekili Metin L\u00fctfi Baydar, ABD B\u00fcy\u00fckel\u00e7ili\u011fi M\u00fcste\u015far\u0131 Daniel O\u2019Grady taraf\u0131ndan Washington\u2019a yaz\u0131lan kriptoda, \u201c29 May\u0131s\u2019ta B\u00fcy\u00fckel\u00e7ilik Ergenekon soru\u015fturmas\u0131 hakk\u0131nda T\u00fcrk polisinin kontrter\u00f6rizm ve istihbarat birimlerinden Uluslararas\u0131 \u0130li\u015fkiler ve Analiz <\/p>\n","protected":false},"author":1,"featured_media":0,"comment_status":"open","ping_status":"open","sticky":false,"template":"","format":"standard","meta":{"footnotes":""},"categories":[105],"tags":[],"class_list":["post-48544","post","type-post","status-publish","format-standard","hentry","category-gundem","odd"],"_links":{"self":[{"href":"http:\/\/www.korhanyilmaz.com\/index.php?rest_route=\/wp\/v2\/posts\/48544","targetHints":{"allow":["GET"]}}],"collection":[{"href":"http:\/\/www.korhanyilmaz.com\/index.php?rest_route=\/wp\/v2\/posts"}],"about":[{"href":"http:\/\/www.korhanyilmaz.com\/index.php?rest_route=\/wp\/v2\/types\/post"}],"author":[{"embeddable":true,"href":"http:\/\/www.korhanyilmaz.com\/index.php?rest_route=\/wp\/v2\/users\/1"}],"replies":[{"embeddable":true,"href":"http:\/\/www.korhanyilmaz.com\/index.php?rest_route=%2Fwp%2Fv2%2Fcomments&post=48544"}],"version-history":[{"count":0,"href":"http:\/\/www.korhanyilmaz.com\/index.php?rest_route=\/wp\/v2\/posts\/48544\/revisions"}],"wp:attachment":[{"href":"http:\/\/www.korhanyilmaz.com\/index.php?rest_route=%2Fwp%2Fv2%2Fmedia&parent=48544"}],"wp:term":[{"taxonomy":"category","embeddable":true,"href":"http:\/\/www.korhanyilmaz.com\/index.php?rest_route=%2Fwp%2Fv2%2Fcategories&post=48544"},{"taxonomy":"post_tag","embeddable":true,"href":"http:\/\/www.korhanyilmaz.com\/index.php?rest_route=%2Fwp%2Fv2%2Ftags&post=48544"}],"curies":[{"name":"wp","href":"https:\/\/api.w.org\/{rel}","templated":true}]}}