{"id":48534,"date":"2012-02-07T13:20:39","date_gmt":"2012-02-07T11:20:39","guid":{"rendered":"http:\/\/www.korhanyilmaz.com\/?p=48534"},"modified":"2012-02-07T17:06:29","modified_gmt":"2012-02-07T15:06:29","slug":"aytac-durak-tahliye-oldu","status":"publish","type":"post","link":"http:\/\/www.korhanyilmaz.com\/?p=48534","title":{"rendered":"Ayta\u00e7 Durak tahliye oldu"},"content":{"rendered":"<p style=\"text-align: center;\"><a href=\"http:\/\/www.korhanyilmaz.com\/wp-content\/uploads\/2012\/02\/9714.jpg\"  class=\"lightview\"><img loading=\"lazy\" decoding=\"async\" class=\"aligncenter  wp-image-48535\" src=\"http:\/\/www.korhanyilmaz.com\/wp-content\/uploads\/2012\/02\/9714.jpg\" alt=\"\" width=\"396\" height=\"180\" \/><\/a><\/p>\n<p style=\"text-align: justify;\">Yolsuzlukla su\u00e7lanan ve Adana B\u00fcy\u00fck\u015fehir Belediye Ba\u015fkanl\u0131\u011f\u0131 g\u00f6revinden 24 ay \u00f6nce uzakla\u015ft\u0131r\u0131lan Ayta\u00e7 Durak tahliye edildi.<\/p>\n<p style=\"text-align: justify;\">ADANA &#8211; Adana B\u00fcy\u00fck\u015fehir Belediye Ba\u015fkanl\u0131\u011f\u0131 g\u00f6revinden 24 ay \u00f6nce uzakla\u015ft\u0131r\u0131lan ve belediye arsas\u0131n\u0131n damad\u0131na sat\u0131\u015f\u0131yla ilgili y\u00fcr\u00fct\u00fclen soru\u015fturmada 42 g\u00fcn \u00f6nce tutuklan\u0131p, hakk\u0131nda &#8216;Kamu kurum veya kurulu\u015flar\u0131n\u0131n ihalesine fesat kar\u0131\u015ft\u0131rmak&#8217; su\u00e7lamas\u0131yla 12 y\u0131la kadar hapis istemiyle dava a\u00e7\u0131lan Ayta\u00e7 Durak, ilk duru\u015fmada tahliye edildi.\u00a0<!--more--><\/p>\n<p style=\"text-align: justify;\">27 Aral\u0131k 2011&#8217;den bu yana K\u00fcrk\u00e7\u00fcler E Tipi Kapal\u0131 Cezaevi&#8217;nde tutulan Ayta\u00e7 Durak, birlikte tutukland\u0131\u011f\u0131 damad\u0131 Bekir Cavcav, Adana B\u00fcy\u00fck\u015fehir Belediyesi eski Genel Sekreteri Hasan G\u00fcl\u015fen ve Durak \u0130n\u015faat Limited \u015eirketi \u00e7al\u0131\u015fan\u0131 Atilla Kuzucu ile birlikte cezaevi arac\u0131yla sabah saatlerinde adliyeye getirildi.<\/p>\n<p style=\"text-align: justify;\"><strong>JANDARMADAN G\u00d6R\u00dcNT\u00dc \u00d6NLEM\u0130<\/strong><\/p>\n<p style=\"text-align: justify;\">Ayta\u00e7 Durak&#8217;\u0131n g\u00f6r\u00fcnt\u00fclenmemesi i\u00e7in jandarma geni\u015f \u00f6nlem ald\u0131. Cezaevi ara\u00e7lar\u0131n\u0131n getirildi\u011fi adliyenin yan taraf\u0131nda g\u00fcvenlik kordonu olu\u015fturan jandarma, Durak&#8217;\u0131n g\u00f6r\u00fcnt\u00fclenmesine izin vermedi. Cezaevi ara\u00e7lar\u0131na da kimseyi yakla\u015ft\u0131rmayan jandarma, zaman zaman gazetecilerle tart\u0131\u015ft\u0131. Cezaevi arac\u0131ndan indirilen Durak ve yan\u0131ndaki tutuklu san\u0131klar, adliye i\u00e7ine al\u0131nd\u0131.<\/p>\n<p style=\"text-align: justify;\"><strong>MAHKEME BA\u015eKANI UYARDI<\/strong><\/p>\n<p style=\"text-align: justify;\">Adana 3&#8217;\u00fcnc\u00fc A\u011f\u0131r Ceza Mahkemesi&#8217;ndeki ilk duru\u015fmada mahkeme ba\u015fkan\u0131 58 sayfal\u0131k iddianameyi \u00f6zetleyerek okuyup, san\u0131klar hakk\u0131ndaki su\u00e7lamay\u0131 hat\u0131rlatt\u0131. San\u0131klar\u0131n savunmalar\u0131n\u0131 yaparken sadece iddialarla ilgili konu\u015fmalar\u0131 konusunda uyar\u0131da bulundu.<\/p>\n<p style=\"text-align: justify;\"><strong>&#8216;B\u0130L\u0130RK\u0130\u015e\u0130LER TET\u0130K\u00c7\u0130L\u0130K YAPMI\u015eLAR&#8217;<\/strong><\/p>\n<p style=\"text-align: justify;\">\u0130lk savunmay\u0131 Ayta\u00e7 Durak yapt\u0131. Konu\u015fmas\u0131na mahkeme heyetini selamlayarak ba\u015flayan Durak, kendisinin cezaevine konulmas\u0131na kadar devam eden s\u00fcrecin, i\u00e7erisinde r\u00fc\u015fvet pazarl\u0131\u011f\u0131 oldu\u011fu iddia edilen kaseti dinletmesiyle ba\u015flad\u0131\u011f\u0131n\u0131 s\u00f6yledi.<\/p>\n<p style=\"text-align: justify;\">Kasetin a\u00e7\u0131klanmas\u0131n\u0131n ard\u0131ndan ortaya at\u0131lan kar\u015f\u0131l\u0131kl\u0131 iddialar\u0131n bas\u0131nda geni\u015f yer buldu\u011funu belirten Durak, &#8220;Bunun \u00fczerine \u0130\u00e7i\u015fleri Bakanl\u0131\u011f\u0131 hakl\u0131 olarak m\u00fcfetti\u015f g\u00f6nderdi. M\u00fcfetti\u015fler de bilirki\u015fiden rapor istedi. Defterdarl\u0131ktan se\u00e7ilen 3 ki\u015filik bilirki\u015fi heyetinin haz\u0131rlad\u0131\u011f\u0131 ve kafalar\u0131 kar\u0131\u015ft\u0131ran 7 klas\u00f6rl\u00fck rapor do\u011frultusunda polis de fezleke d\u00fczenledi. Kafalar kar\u0131\u015ft\u0131r\u0131ld\u0131\u011f\u0131 i\u00e7in de bizler tutukland\u0131k. Bilirki\u015filer adeta tetik\u00e7ilik yapm\u0131\u015ft\u0131r&#8221; dedi.<\/p>\n<p style=\"text-align: justify;\">S\u00f6z konusu ihaleden \u00f6nce kendisinin yetkisini devretti\u011fini ifade eden Durak, &#8220;Benim bu ihaleye damad\u0131m\u0131n girdi\u011fini bilsem, kendisine girme derdim. Kald\u0131 ki ihaleye girmesi de yasalara uygundur&#8221; diye savunma yapt\u0131.<\/p>\n<p style=\"text-align: justify;\"><strong>&#8216;YASALARA UYGUN YAPILDI&#8217;<\/strong><\/p>\n<p style=\"text-align: justify;\">Davaya konu olan arsan\u0131n yasalara uygun olarak ihalesinin yap\u0131ld\u0131\u011f\u0131n\u0131 belirten san\u0131klardan d\u00f6nemin B\u00fcy\u00fck\u015fehir Belediyesi Genel Sekreteri Hasan G\u00fcl\u015fen, &#8220;O g\u00fcn 16 adet parselin sat\u0131\u015f\u0131 yap\u0131ld\u0131. Her \u015fey yasalara uygun \u015fekilde yap\u0131ld\u0131&#8221; dedi.<\/p>\n<p style=\"text-align: justify;\"><strong>&#8220;ZATEN ZARAR ETT\u0130M&#8221;<\/strong><\/p>\n<p style=\"text-align: justify;\">Hakk\u0131ndaki su\u00e7lamay\u0131 kabul etmeyen Ayta\u00e7 Durak&#8217;\u0131n damad\u0131 Bekir Cavcav ise &#8220;Ben yasalar\u0131 cezaevine girdikten sonra \u00f6\u011frendim. Su\u00e7lamalar\u0131n hi\u00e7birini kabul etmiyorum. Ben isteseydim, kendim girmez yerime ba\u015fkas\u0131n\u0131 sokard\u0131m. Kald\u0131 ki ben bu arsa konusunda zarar ettim&#8221; diye konu\u015ftu.<\/p>\n<p style=\"text-align: justify;\">Di\u011fer san\u0131klarla san\u0131k avukatlar\u0131 su\u00e7lamalar\u0131 kabul etmeyerek tahliye talebinde bulundu. Mahkeme heyeti, oy \u00e7oklu\u011fuyla tutuklu san\u0131klar\u0131n tahliyesine karar vererek duru\u015fmay\u0131 erteledi.<\/p>\n<p style=\"text-align: justify;\">Karar\u0131n ard\u0131ndan salonda ve adliye koridorunda bekleyen tutuklu yak\u0131nlar\u0131 sevin\u00e7ten birbirlerine sar\u0131larak g\u00f6zya\u015f\u0131 d\u00f6kt\u00fc.<\/p>\n<p style=\"text-align: justify;\"><strong>G\u00d6L MANZARALI ARSA SATI\u015eI 6 YIL \u00d6NCE YAPILDI<\/strong><\/p>\n<p style=\"text-align: justify;\">Soru\u015fturma konusu olan Merkez Sar\u0131\u00e7am \u0130l\u00e7esi Menek\u015fe K\u00f6y\u00fc&#8217;nde Seyhan Baraj G\u00f6l\u00fc manzaral\u0131 13 bin 56 metrekarelik arsan\u0131n, belediyeye ait 6 bin 528 metrekarelik hissesi 2006&#8217;da ihaleyle sat\u0131\u015fa \u00e7\u0131kar\u0131lm\u0131\u015f, ihaleye giren iki ki\u015fiden biri olan Durak&#8217;\u0131n damad\u0131 Bekir Cavcav, 278 bin lira bedelle s\u00f6z konusu arsay\u0131 sat\u0131n alm\u0131\u015ft\u0131. Sat\u0131\u015fa konu edilen parselin di\u011fer hissedar\u0131 Ahmet Nuri Karaba\u015f ise ihalenin mevzuata ayk\u0131r\u0131 ger\u00e7ekle\u015ftirildi\u011fini, \u00f6nal\u0131m hakk\u0131n\u0131n engellenerek ma\u011fduriyetine neden olundu\u011fu iddias\u0131yla yarg\u0131ya ba\u015fvurmu\u015ftu. Durak&#8217;\u0131n g\u00f6revden uzakla\u015ft\u0131r\u0131lmas\u0131n\u0131n ard\u0131ndan \u0130\u00e7i\u015fleri Bakanl\u0131\u011f\u0131 m\u00fcfetti\u015fleri bu konuyla ilgili de inceleme yapm\u0131\u015f, haz\u0131rlanan raporun ard\u0131ndan \u0130\u00e7i\u015fleri Bakanl\u0131\u011f\u0131 Durak hakk\u0131nda soru\u015fturma izni vermi\u015fti.<\/p>\n<p style=\"text-align: justify;\"><a href=\"http:\/\/www.gazeteport.com.tr\/haber\/77894\/aytac_durak_tahliye_oldu\" target=\"_blank\">Kaynak : GAZETEPORT<\/a><\/p>\n","protected":false},"excerpt":{"rendered":"<p style=\"text-align: center;\">\n<p style=\"text-align: justify;\">Yolsuzlukla su\u00e7lanan ve Adana B\u00fcy\u00fck\u015fehir Belediye Ba\u015fkanl\u0131\u011f\u0131 g\u00f6revinden 24 ay \u00f6nce uzakla\u015ft\u0131r\u0131lan Ayta\u00e7 Durak tahliye edildi.<\/p>\n<p style=\"text-align: justify;\">ADANA &#8211; Adana B\u00fcy\u00fck\u015fehir Belediye Ba\u015fkanl\u0131\u011f\u0131 g\u00f6revinden 24 ay \u00f6nce uzakla\u015ft\u0131r\u0131lan ve belediye arsas\u0131n\u0131n damad\u0131na sat\u0131\u015f\u0131yla ilgili y\u00fcr\u00fct\u00fclen soru\u015fturmada 42 g\u00fcn \u00f6nce tutuklan\u0131p, hakk\u0131nda &#8216;Kamu kurum veya kurulu\u015flar\u0131n\u0131n ihalesine fesat kar\u0131\u015ft\u0131rmak&#8217; su\u00e7lamas\u0131yla <\/p>\n","protected":false},"author":1,"featured_media":0,"comment_status":"open","ping_status":"open","sticky":false,"template":"","format":"standard","meta":{"footnotes":""},"categories":[105],"tags":[],"class_list":["post-48534","post","type-post","status-publish","format-standard","hentry","category-gundem","odd"],"_links":{"self":[{"href":"http:\/\/www.korhanyilmaz.com\/index.php?rest_route=\/wp\/v2\/posts\/48534","targetHints":{"allow":["GET"]}}],"collection":[{"href":"http:\/\/www.korhanyilmaz.com\/index.php?rest_route=\/wp\/v2\/posts"}],"about":[{"href":"http:\/\/www.korhanyilmaz.com\/index.php?rest_route=\/wp\/v2\/types\/post"}],"author":[{"embeddable":true,"href":"http:\/\/www.korhanyilmaz.com\/index.php?rest_route=\/wp\/v2\/users\/1"}],"replies":[{"embeddable":true,"href":"http:\/\/www.korhanyilmaz.com\/index.php?rest_route=%2Fwp%2Fv2%2Fcomments&post=48534"}],"version-history":[{"count":0,"href":"http:\/\/www.korhanyilmaz.com\/index.php?rest_route=\/wp\/v2\/posts\/48534\/revisions"}],"wp:attachment":[{"href":"http:\/\/www.korhanyilmaz.com\/index.php?rest_route=%2Fwp%2Fv2%2Fmedia&parent=48534"}],"wp:term":[{"taxonomy":"category","embeddable":true,"href":"http:\/\/www.korhanyilmaz.com\/index.php?rest_route=%2Fwp%2Fv2%2Fcategories&post=48534"},{"taxonomy":"post_tag","embeddable":true,"href":"http:\/\/www.korhanyilmaz.com\/index.php?rest_route=%2Fwp%2Fv2%2Ftags&post=48534"}],"curies":[{"name":"wp","href":"https:\/\/api.w.org\/{rel}","templated":true}]}}