{"id":48530,"date":"2012-02-07T10:37:12","date_gmt":"2012-02-07T08:37:12","guid":{"rendered":"http:\/\/www.korhanyilmaz.com\/?p=48530"},"modified":"2012-02-07T17:02:09","modified_gmt":"2012-02-07T15:02:09","slug":"baykal-3-gun-sure-tanidi","status":"publish","type":"post","link":"http:\/\/www.korhanyilmaz.com\/?p=48530","title":{"rendered":"Baykal 3 g\u00fcn s\u00fcre tan\u0131d\u0131"},"content":{"rendered":"<p style=\"text-align: center;\"><a href=\"http:\/\/www.korhanyilmaz.com\/wp-content\/uploads\/2012\/02\/9713.jpg\"  class=\"lightview\"><img loading=\"lazy\" decoding=\"async\" class=\"aligncenter  wp-image-48531\" src=\"http:\/\/www.korhanyilmaz.com\/wp-content\/uploads\/2012\/02\/9713.jpg\" alt=\"\" width=\"396\" height=\"180\" \/><\/a><\/p>\n<p style=\"text-align: justify;\">Deniz Baykal&#8217;\u0131n avukat\u0131 Muzaffer Y\u0131lmaz o iddialar \u00fczerine a\u00e7\u0131klama yapt\u0131.<\/p>\n<p style=\"text-align: justify;\">CHP eski lideri Deniz Baykal, Wikileaks belgelerine dayand\u0131r\u0131larak hakk\u0131nda \u00e7\u0131kar\u0131lan iddialar\u0131n pe\u015fini b\u0131rakm\u0131yor. Baykal, iddia konusu belgeler 3 g\u00fcn i\u00e7inde ilgili savc\u0131l\u0131klara verilmezse Emniyet yetkilileri, \u0130\u00e7i\u015fleri bakan\u0131 ve Ba\u015fbakan hakk\u0131nda su\u00e7 duyurusunda bulunacak ve tazminat davas\u0131 a\u00e7acak.\u00a0<!--more--><\/p>\n<p style=\"text-align: justify;\">Baykal\u2019\u0131n talimat\u0131 \u00fczerine, avukat\u0131 Muzaffer Y\u0131lmaz yaz\u0131l\u0131 a\u00e7\u0131klama yapt\u0131. A\u00e7\u0131klamada, T\u00fcrk Emniyeti\u2019nin 2008 y\u0131l\u0131nda ABD B\u00fcy\u00fckel\u00e7ilik yetkililerine Ergenekon soru\u015fturmas\u0131 hakk\u0131nda geni\u015f kapsaml\u0131 bir brifing verdi\u011fi, brifingde d\u00f6nemin CHP lideri Baykal\u2019\u0131n r\u00fc\u015fvet ald\u0131\u011f\u0131na dair bir belgenin de ele ge\u00e7irildi\u011fi iddialar\u0131 hat\u0131rlat\u0131ld\u0131. \u201cB\u00f6yle bir belge bulunmas\u0131 durumunda Emniyet yetkililerinin yapmas\u0131 gereken belgeleri T\u00fcrk yarg\u0131s\u0131na iletmektir\u201d denilen a\u00e7\u0131klamada yetkililere 3 g\u00fcn s\u00fcre tan\u0131nd\u0131.<\/p>\n<p style=\"text-align: justify;\"><a href=\"http:\/\/www.gazeteport.com.tr\/haber\/77860\/baykal_3_gun_sure_tanidi\" target=\"_blank\">Kaynak : GAZETEPORT<\/a><\/p>\n","protected":false},"excerpt":{"rendered":"<p style=\"text-align: center;\">\n<p style=\"text-align: justify;\">Deniz Baykal&#8217;\u0131n avukat\u0131 Muzaffer Y\u0131lmaz o iddialar \u00fczerine a\u00e7\u0131klama yapt\u0131.<\/p>\n<p style=\"text-align: justify;\">CHP eski lideri Deniz Baykal, Wikileaks belgelerine dayand\u0131r\u0131larak hakk\u0131nda \u00e7\u0131kar\u0131lan iddialar\u0131n pe\u015fini b\u0131rakm\u0131yor. Baykal, iddia konusu belgeler 3 g\u00fcn i\u00e7inde ilgili savc\u0131l\u0131klara verilmezse Emniyet yetkilileri, \u0130\u00e7i\u015fleri bakan\u0131 ve Ba\u015fbakan hakk\u0131nda su\u00e7 duyurusunda bulunacak ve tazminat davas\u0131 a\u00e7acak. <\/p>\n","protected":false},"author":1,"featured_media":0,"comment_status":"open","ping_status":"open","sticky":false,"template":"","format":"standard","meta":{"footnotes":""},"categories":[105],"tags":[],"class_list":["post-48530","post","type-post","status-publish","format-standard","hentry","category-gundem","odd"],"_links":{"self":[{"href":"http:\/\/www.korhanyilmaz.com\/index.php?rest_route=\/wp\/v2\/posts\/48530","targetHints":{"allow":["GET"]}}],"collection":[{"href":"http:\/\/www.korhanyilmaz.com\/index.php?rest_route=\/wp\/v2\/posts"}],"about":[{"href":"http:\/\/www.korhanyilmaz.com\/index.php?rest_route=\/wp\/v2\/types\/post"}],"author":[{"embeddable":true,"href":"http:\/\/www.korhanyilmaz.com\/index.php?rest_route=\/wp\/v2\/users\/1"}],"replies":[{"embeddable":true,"href":"http:\/\/www.korhanyilmaz.com\/index.php?rest_route=%2Fwp%2Fv2%2Fcomments&post=48530"}],"version-history":[{"count":0,"href":"http:\/\/www.korhanyilmaz.com\/index.php?rest_route=\/wp\/v2\/posts\/48530\/revisions"}],"wp:attachment":[{"href":"http:\/\/www.korhanyilmaz.com\/index.php?rest_route=%2Fwp%2Fv2%2Fmedia&parent=48530"}],"wp:term":[{"taxonomy":"category","embeddable":true,"href":"http:\/\/www.korhanyilmaz.com\/index.php?rest_route=%2Fwp%2Fv2%2Fcategories&post=48530"},{"taxonomy":"post_tag","embeddable":true,"href":"http:\/\/www.korhanyilmaz.com\/index.php?rest_route=%2Fwp%2Fv2%2Ftags&post=48530"}],"curies":[{"name":"wp","href":"https:\/\/api.w.org\/{rel}","templated":true}]}}