{"id":48523,"date":"2012-02-07T08:02:20","date_gmt":"2012-02-07T06:02:20","guid":{"rendered":"http:\/\/www.korhanyilmaz.com\/?p=48523"},"modified":"2012-02-07T16:48:22","modified_gmt":"2012-02-07T14:48:22","slug":"savci-hakan-kilic-hayatini-kaybetti","status":"publish","type":"post","link":"http:\/\/www.korhanyilmaz.com\/?p=48523","title":{"rendered":"Savc\u0131 Hakan K\u0131l\u0131\u00e7 hayat\u0131n\u0131 kaybetti"},"content":{"rendered":"<p style=\"text-align: center;\"><a href=\"http:\/\/www.korhanyilmaz.com\/wp-content\/uploads\/2012\/02\/9711.jpg\"  class=\"lightview\"><img loading=\"lazy\" decoding=\"async\" class=\"aligncenter  wp-image-48524\" src=\"http:\/\/www.korhanyilmaz.com\/wp-content\/uploads\/2012\/02\/9711.jpg\" alt=\"\" width=\"396\" height=\"180\" \/><\/a><\/p>\n<p style=\"text-align: justify;\">A\u011fr\u0131&#8217;n\u0131n Do\u011fubayaz\u0131t il\u00e7esinde 5 \u015eubat&#8217;ta silahl\u0131 sald\u0131r\u0131ya u\u011frayan Cumhuriyet Savc\u0131s\u0131 Hakan K\u0131l\u0131\u00e7, tedavi g\u00f6rd\u00fc\u011f\u00fc GATA&#8217;da ya\u015fam\u0131n\u0131 yitirdi.<\/p>\n<p style=\"text-align: justify;\">DO\u011eUBAYAZIT &#8211; A\u011fr\u0131&#8217;n\u0131n Do\u011fubayaz\u0131t \u0130l\u00e7esi&#8217;nde pazar g\u00fcn\u00fc silahl\u0131 sald\u0131r\u0131ya u\u011frayan Cumhuriyet Savc\u0131s\u0131 Hakan K\u0131l\u0131\u00e7 tedavi g\u00f6rd\u00fc\u011f\u00fc Ankara Atat\u00fcrk E\u011fitim ve Ara\u015ft\u0131rma Hastanesi&#8217;nde bu sabah ya\u015fam\u0131n\u0131 yitirdi.\u00a0<!--more--><\/p>\n<p style=\"text-align: justify;\">G\u00f6rev yapt\u0131\u011f\u0131 Do\u011fubeyaz\u0131t \u0130l\u00e7esi&#8217;nde pazar g\u00fcn\u00fc \u00f6\u011fle saatlerinde bir \u015fark\u00fcteriden al\u0131\u015fveri\u015f yapt\u0131ktan sonra otomobiline do\u011fru giderken silahl\u0131 sald\u0131r\u0131ya u\u011frayan savc\u0131 Hakan K\u0131l\u0131\u00e7, a\u011f\u0131r yaraland\u0131. Do\u011fubayaz\u0131t Devlet Hastanesi&#8217;nde yap\u0131lan m\u00fcdahalenin ard\u0131ndan ayn\u0131 ak\u015fam Sa\u011fl\u0131k Bakanl\u0131\u011f\u0131&#8217;n\u0131n ambulans u\u00e7a\u011f\u0131 ile Ankara&#8217;ya getirilen Hakan K\u0131l\u0131\u00e7, Atat\u00fcrk E\u011fitim ve Ara\u015ft\u0131rma Hastanesi&#8217;nde ameliyata al\u0131nd\u0131. Boyun damar\u0131 yak\u0131n\u0131, kafatas\u0131 ve biri de s\u0131rt\u0131ndan olmak \u00fczere 3 ayr\u0131 yerinden ald\u0131\u011f\u0131 kur\u015funlarla a\u011f\u0131r yaralanan K\u0131l\u0131\u00e7, ameliyat sonras\u0131 N\u00f6roloji Yo\u011fun Bak\u0131m \u00dcnitesi&#8217;ne al\u0131nd\u0131. Burada kalbi bir ara duran savc\u0131 K\u0131l\u0131\u00e7&#8217;a res\u00fcsitasyon uygulanarak hayata geri d\u00f6nd\u00fcr\u00fcld\u00fc.<\/p>\n<p style=\"text-align: justify;\">Tedavisi yo\u011fun bak\u0131m destek \u00fcnitesine ba\u011fl\u0131 olarak s\u00fcrd\u00fcr\u00fclen Cumhuriyet Savc\u0131s\u0131 Hakan K\u0131l\u0131\u00e7, doktorlar\u0131n t\u00fcm \u00e7abas\u0131na kar\u015f\u0131n kurtar\u0131lamayarak bu sabah vefat etti.<\/p>\n<p style=\"text-align: justify;\"><strong>SALDIRGANI \u00d6ZEL EK\u0130P ARIYOR<\/strong><\/p>\n<p style=\"text-align: justify;\">Sald\u0131r\u0131y\u0131 ger\u00e7ekle\u015ftiren, akli dengesi yerinde olmad\u0131\u011f\u0131 ileri s\u00fcr\u00fclen ve gasp su\u00e7undan sab\u0131kal\u0131 ki\u015finin yakalanmas\u0131 i\u00e7in polis ve jandarma \u00f6zel ekip olu\u015fturdu. Do\u011fubayaz\u0131t&#8217;a kom\u015fu Ta\u015fl\u0131\u00e7ay \u0130l\u00e7esi&#8217;nde olayla ilgili olduklar\u0131 \u015f\u00fcphesiyle g\u00f6zalt\u0131na al\u0131nan 3 ki\u015finin de sorgusu s\u00fcr\u00fcyor.<\/p>\n<p style=\"text-align: justify;\"><strong>\u015eOK \u0130DD\u0130A<\/strong><\/p>\n<p style=\"text-align: justify;\">\u00d6te yandan S\u00f6zc\u00fc gazetesinde yer alan habere g\u00f6re, 3 kur\u015funla vurulan Savc\u0131 K\u0131l\u0131\u00e7&#8217;\u0131n siyasilerin de kar\u0131\u015ft\u0131\u011f\u0131 s\u00f6ylenen \u00f6nemli bir ka\u00e7ak\u00e7\u0131l\u0131k olay\u0131n\u0131n \u00fcst\u00fcnde oldu\u011fu iddia edildi. S\u00f6zc\u00fc Gazetesinden Sayg\u0131 \u00d6zt\u00fcrk&#8217;\u00fcn dile getirdi\u011fi iddiaya g\u00f6re Do\u011fubeyaz\u0131t Cumhuriyet savc\u0131s\u0131 Hakan K\u0131l\u0131\u00e7 \u00f6nemli bir ka\u00e7ak\u00e7\u0131l\u0131k olay\u0131n\u0131n \u00fczerine gidiyordu. Bu olay\u0131n i\u00e7inde baz\u0131 siyasilerin de oldu\u011fu \u00f6ne s\u00fcr\u00fcl\u00fcyordu. Yani tetik\u00e7ilerin arkas\u0131nrda \u00f6nemli baz\u0131 g\u00fc\u00e7lerin oldu\u011funu iddia etti.<\/p>\n<p style=\"text-align: justify;\"><a href=\"http:\/\/www.gazeteport.com.tr\/haber\/77806\/savci_hakan_kilic_hayatini_kaybetti\" target=\"_blank\">Kaynak : GAZETEPORT<\/a><\/p>\n","protected":false},"excerpt":{"rendered":"<p style=\"text-align: center;\">\n<p style=\"text-align: justify;\">A\u011fr\u0131&#8217;n\u0131n Do\u011fubayaz\u0131t il\u00e7esinde 5 \u015eubat&#8217;ta silahl\u0131 sald\u0131r\u0131ya u\u011frayan Cumhuriyet Savc\u0131s\u0131 Hakan K\u0131l\u0131\u00e7, tedavi g\u00f6rd\u00fc\u011f\u00fc GATA&#8217;da ya\u015fam\u0131n\u0131 yitirdi.<\/p>\n<p style=\"text-align: justify;\">DO\u011eUBAYAZIT &#8211; A\u011fr\u0131&#8217;n\u0131n Do\u011fubayaz\u0131t \u0130l\u00e7esi&#8217;nde pazar g\u00fcn\u00fc silahl\u0131 sald\u0131r\u0131ya u\u011frayan Cumhuriyet Savc\u0131s\u0131 Hakan K\u0131l\u0131\u00e7 tedavi g\u00f6rd\u00fc\u011f\u00fc Ankara Atat\u00fcrk E\u011fitim ve Ara\u015ft\u0131rma Hastanesi&#8217;nde bu sabah ya\u015fam\u0131n\u0131 yitirdi. <\/p>\n","protected":false},"author":1,"featured_media":0,"comment_status":"open","ping_status":"open","sticky":false,"template":"","format":"standard","meta":{"footnotes":""},"categories":[105],"tags":[],"class_list":["post-48523","post","type-post","status-publish","format-standard","hentry","category-gundem","odd"],"_links":{"self":[{"href":"http:\/\/www.korhanyilmaz.com\/index.php?rest_route=\/wp\/v2\/posts\/48523","targetHints":{"allow":["GET"]}}],"collection":[{"href":"http:\/\/www.korhanyilmaz.com\/index.php?rest_route=\/wp\/v2\/posts"}],"about":[{"href":"http:\/\/www.korhanyilmaz.com\/index.php?rest_route=\/wp\/v2\/types\/post"}],"author":[{"embeddable":true,"href":"http:\/\/www.korhanyilmaz.com\/index.php?rest_route=\/wp\/v2\/users\/1"}],"replies":[{"embeddable":true,"href":"http:\/\/www.korhanyilmaz.com\/index.php?rest_route=%2Fwp%2Fv2%2Fcomments&post=48523"}],"version-history":[{"count":0,"href":"http:\/\/www.korhanyilmaz.com\/index.php?rest_route=\/wp\/v2\/posts\/48523\/revisions"}],"wp:attachment":[{"href":"http:\/\/www.korhanyilmaz.com\/index.php?rest_route=%2Fwp%2Fv2%2Fmedia&parent=48523"}],"wp:term":[{"taxonomy":"category","embeddable":true,"href":"http:\/\/www.korhanyilmaz.com\/index.php?rest_route=%2Fwp%2Fv2%2Fcategories&post=48523"},{"taxonomy":"post_tag","embeddable":true,"href":"http:\/\/www.korhanyilmaz.com\/index.php?rest_route=%2Fwp%2Fv2%2Ftags&post=48523"}],"curies":[{"name":"wp","href":"https:\/\/api.w.org\/{rel}","templated":true}]}}