{"id":48511,"date":"2012-02-07T14:21:48","date_gmt":"2012-02-07T12:21:48","guid":{"rendered":"http:\/\/www.korhanyilmaz.com\/?p=48511"},"modified":"2012-02-07T15:17:21","modified_gmt":"2012-02-07T13:17:21","slug":"o-dindar-degil-din-tuccaridir","status":"publish","type":"post","link":"http:\/\/www.korhanyilmaz.com\/?p=48511","title":{"rendered":"&#8220;O dindar de\u011fil din t\u00fcccar\u0131d\u0131r&#8221;"},"content":{"rendered":"<p style=\"text-align: center;\"><a href=\"http:\/\/www.korhanyilmaz.com\/wp-content\/uploads\/2012\/02\/9707.jpg\"  class=\"lightview\"><img loading=\"lazy\" decoding=\"async\" class=\"aligncenter  wp-image-48512\" src=\"http:\/\/www.korhanyilmaz.com\/wp-content\/uploads\/2012\/02\/9707.jpg\" alt=\"\" width=\"321\" height=\"241\" \/><\/a><\/p>\n<p style=\"text-align: justify;\">CHP Genel Ba\u015fkan\u0131 Kemal K\u0131l\u0131\u00e7daro\u011flu, partisinin grup toplant\u0131s\u0131nda konu\u015ftu.<\/p>\n<p style=\"text-align: justify;\">\u0130stanbul- \u0130\u015fte K\u0131l\u0131\u00e7daro\u011flu&#8217;nun konu\u015fmas\u0131ndan sat\u0131rba\u015flar\u0131:<\/p>\n<p style=\"text-align: justify;\"><strong>Uludere\u00a0<\/strong><\/p>\n<p style=\"text-align: justify;\">Ba\u015fbakan\u2019a defalarca sorduk sen bu istihbarat\u0131 nereden ald\u0131n diye. Bir t\u00fcrl\u00fc cevap gelmedi. ABD\u2019den mi ald\u0131n, \u0130srail\u2019den mi ald\u0131n. \u015eimdi daha a\u00e7\u0131k soruyorum: Sen bu istihbarat\u0131 CIA\u2019den mi ald\u0131n, MOSSAD\u2019dan m\u0131 ald\u0131n. \u00c7\u0131k s\u00f6yle bunu. S\u00f6ylemiyor. Unutturmaya \u00e7al\u0131\u015f\u0131yor.\u00a0<!--more--><\/p>\n<p style=\"text-align: justify;\">80 y\u0131l \u00f6ncesine gidiyor da 2012\u2019de yapt\u0131\u011f\u0131n\u0131n hesab\u0131n\u0131 veremiyor. Yabanc\u0131 \u00fclkelerin oyunca\u011f\u0131 oldun. Bu ortaya \u00e7\u0131ks\u0131n istemiyorsun.<\/p>\n<p style=\"text-align: justify;\">Sen daha 40 g\u00fcn \u00f6nceki olaylarla hesapla\u015fam\u0131yorsun, d\u00fcnyan\u0131n en basit sorusuna cevap veremiyorsun. Sen ABD\u2019nin korkulu\u011fu musun, \u0130srail\u2019in korkulu\u011fu musun?<\/p>\n<p style=\"text-align: justify;\">12 ya\u015f\u0131ndaki \u00e7ocuklar\u0131 bombalayarak \u00f6ld\u00fcreceksiniz sonra \u00e7\u0131k\u0131p ahkam keseceksiniz. Bu i\u015fin kilit noktas\u0131 istihbarat\u0131n kimden al\u0131nd\u0131\u011f\u0131 ile ortaya \u00e7\u0131kacakt\u0131r.<\/p>\n<p style=\"text-align: justify;\">Uludere\u2019de o\u011flunu kaybeden Semire Enc\u00fc Ba\u015fbakan\u2019a bir insanl\u0131k dersi vermi\u015f. \u015e\u00f6yle demi\u015f Semire Han\u0131m, \u201cRecep Tayyip Erdo\u011fan, para g\u00f6nderece\u011fim demi\u015fsin ben para istemiyorum ben o\u011flumun katillerinin bulunmas\u0131n\u0131 istiyorum. Devlet bana 1 trilyon verse o\u011flumun bir t\u0131rna\u011f\u0131 etmez.\u201d<\/p>\n<p style=\"text-align: justify;\"><strong>\u201c46 dakikan\u0131n 45 dakikas\u0131 CHP&#8217;den bahsetti&#8221;\u00a0<\/strong><\/p>\n<p style=\"text-align: justify;\">Ge\u00e7en hafta Ba\u015fbakan parti grubunda 46 dakika konu\u015fmu\u015f. 45 dakikas\u0131 CHP ve K\u0131l\u0131\u00e7daro\u011flu hakk\u0131nda konu\u015fmu\u015f. Recep Tayyip Erdo\u011fan 34 defa CHP, 12 defa da K\u0131l\u0131\u00e7daro\u011flu demi\u015f. Hani CHP\u2019nin durumu bu kadar k\u00f6t\u00fcyd\u00fc niye bu kadar bahsediyorsun. Korkacaks\u0131n Recep Tayyip Erdo\u011fan. Frenleri tutmuyor k\u0131rk y\u0131l \u00f6nceki \u0130n\u00f6n\u00fc\u2019ye gidiyor. Trikopis bile \u0130n\u00f6n\u00fc\u2019yle bu kadar u\u011fra\u015fmad\u0131.<\/p>\n<p style=\"text-align: justify;\"><strong>Bunlar postmodern diktat\u00f6rd\u00fcr.\u00a0<\/strong><\/p>\n<p style=\"text-align: justify;\">\u0130n\u00f6n\u00fc bu \u00fclkede emperyalizm ve yedi d\u00fcvele kar\u015f\u0131 m\u00fccadele eden Mustafa Kemal\u2019\u0130n arkada\u015f\u0131d\u0131r ve bizim de ba\u015f\u0131m\u0131z\u0131n tac\u0131d\u0131r. Onu b\u00fct\u00fcn d\u00fcnya sayg\u0131yla kar\u015f\u0131l\u0131yor.<\/p>\n<p style=\"text-align: justify;\">Recep Tayyip Erdo\u011fan bir b\u00f6l\u00fcc\u00fcd\u00fcr. Toplumu b\u00f6ler. Toplumun fay hatlar\u0131n\u0131 tetiklemek deprem yaratmak istiyor.<\/p>\n<p style=\"text-align: justify;\"><strong>Dindarl\u0131k tart\u0131\u015fmas\u0131\u00a0<\/strong><\/p>\n<p style=\"text-align: justify;\">Recep Tayyip Erdo\u011fan\u2019\u0131 dindar olarak g\u00f6rmek b\u00fct\u00fcn dindarlara yap\u0131lm\u0131\u015f en b\u00fcy\u00fck hakarettir. Recep Tayyip Erdo\u011fan dindar g\u00f6r\u00fcn\u00fcml\u00fc bir din t\u00fcccar\u0131d\u0131r. Irak\u2019ta 1 bu\u00e7uk milyon M\u00fcsl\u00fcman katledilirken, M\u00fcsl\u00fcman kad\u0131nlara tecav\u00fcz edilirken sesi \u00e7\u0131kmad\u0131. \u015eimdi \u00e7\u0131km\u0131\u015f dindarl\u0131k tasl\u0131yor. O dindar de\u011fil din t\u00fcccar\u0131d\u0131r.<\/p>\n<p style=\"text-align: justify;\">Deniz Feneri olay\u0131n\u0131 biliyorsunuz. Ne i\u00e7in yapt\u0131lar bunlar\u0131 dindarl\u0131k ad\u0131na yapt\u0131lar. Ama yap\u0131lanlar vicdans\u0131zl\u0131kt\u0131. Deniz Feneri&#8217;nde ba\u011f\u0131\u015flar nas\u0131l din t\u00fcccarl\u0131\u011f\u0131 ile topland\u0131ysa Recep Tayyip Erdo\u011fan da ayn\u0131 \u015fekilde oy toplamaya \u00e7al\u0131\u015f\u0131yor.<\/p>\n<p style=\"text-align: justify;\">Bunlar din ticaretinden ba\u015fka bir yola da sap\u0131yorlar. 29 Ekim\u2019i yasaklad\u0131lar deprem oldu\u011fu i\u00e7in sonra ko\u015fa ko\u015fa d\u00fc\u011f\u00fcne gittiler utanmadan. Sonra 19 May\u0131s kutlamalar\u0131n\u0131 yasaklad\u0131lar. Ard\u0131ndan and\u0131m\u0131zdan rahats\u0131z oldular. Son olarak Atat\u00fcrk\u2019\u00fcn Gen\u00e7li\u011fe Hitabesi\u2019ne rahats\u0131z oldular. Recep Tayyip Erdo\u011fan \u00e7\u0131k hangi c\u00fcmleden rahats\u0131z oldu\u011funu milletin \u00f6n\u00fcnde s\u00f6yle.<\/p>\n<p style=\"text-align: justify;\">Sald\u0131r\u0131lar bu milletin ulusal kurtulu\u015f sava\u015f\u0131 sonras\u0131 elde etti\u011fi de\u011ferlere yap\u0131l\u0131yor. \u00c7ok bilin\u00e7li sald\u0131r\u0131lar bunlar. Bat\u0131n\u0131n ta\u015feronlu\u011funa soyundular. Koyun g\u00fcden gen\u00e7lik olarak yeti\u015ftirmek istiyorlar. O gen\u00e7lik bu \u00fclkenin \u00e7imentosudur.<\/p>\n<p style=\"text-align: justify;\">Cumhuriyetin kurulu\u015fundan bu yana elde etti\u011fimiz kazan\u0131nlar tek tek elimizden al\u0131nmak isteniyor. Onun i\u00e7in diyoruz bunlar post modern diktat\u00f6rlerdir diye.<\/p>\n<p style=\"text-align: justify;\"><strong>&#8220;Kendinize iki soru sorun&#8221;\u00a0<\/strong><\/p>\n<p style=\"text-align: justify;\">Vatanda\u015fa sesleniyorum kendinize iki soru sorun, \u201cBen Recep Tayyip Erdo\u011fan hakk\u0131nda k\u00f6t\u00fc bir \u015fey yazarsam ba\u015f\u0131ma bir \u015fey gelir mi?\u201d, iki \u201cBenim telefonlar\u0131m dinleniyor mu?\u201d. Bu iki soruya hemen hay\u0131r diyemezsiniz bilin ki o \u00fclkede diktat\u00f6rl\u00fck vard\u0131r.<\/p>\n<p style=\"text-align: justify;\">Asl\u0131nda soru sormaya bile gerek yok. Recep Tayyip Erdo\u011fan ge\u00e7en hafta ne dedi, \u201cK\u0131l\u0131\u00e7daro\u011flu art\u0131k mercek alt\u0131ndas\u0131n.\u201d \u015eu densizli\u011fe, \u015fu ahlaks\u0131zl\u0131\u011fa bakar m\u0131s\u0131n\u0131z. Sende ahlak k\u0131r\u0131nt\u0131s\u0131 var m\u0131 \u00e7\u0131k s\u00f6yle.<\/p>\n<p style=\"text-align: justify;\">Wikileaks belgelerinde ortaya \u00e7\u0131kt\u0131. D\u00f6nemin ABD B\u00fcy\u00fckel\u00e7isinin g\u00f6nderdi\u011fi kriptoda Ba\u015fbakan ile Ergenekon savc\u0131lar\u0131n\u0131n d\u00fczenli olarak g\u00f6r\u00fc\u015ft\u00fc\u011f\u00fcn\u00fc yaz\u0131yor.<\/p>\n<p style=\"text-align: justify;\"><strong>Paul Auster\u00a0<\/strong><\/p>\n<p style=\"text-align: justify;\">Paul Auster insan haklar\u0131 ihlali yap\u0131lan \u00fclkelere gitmeyece\u011fini a\u00e7\u0131klad\u0131. Bu \u00fclkeler aras\u0131nda T\u00fcrkiye\u2019de var. Kendi tercihidir, ki\u015fisel prensibidir. Ama Recep Tayyip Erdo\u011fan bundan rahats\u0131z oldu. Auster Irak\u2019ta 1,5 milyon katledilirken Bush ve Cheney\u2019i su\u00e7luyor. B\u00fcy\u00fck ihtimalle Recep Tayyip Erdo\u011fan bundan rahats\u0131z oldu.<\/p>\n<p style=\"text-align: justify;\">Yoksa Auster\u2019\u0131n \u015fu s\u00f6zlerinden mi rahats\u0131z oldu: \u201cAtat\u00fcrk ola\u011fan\u00fcst\u00fc bir lider, T\u00fcrkiye\u2019yi yeniden yaratan e\u015fsiz biri. 20. yy\u2019\u0131n en \u00f6nemli tarihi ki\u015filiklerinden biri\u201d diyor Paul Auster.<\/p>\n<p style=\"text-align: justify;\"><a href=\"http:\/\/www.cumhuriyet.com.tr\/?hn=313766\" target=\"_blank\">Kaynak : Cumhuriyet Haber Portal\u0131<\/a><\/p>\n","protected":false},"excerpt":{"rendered":"<p style=\"text-align: center;\">\n<p style=\"text-align: justify;\">CHP Genel Ba\u015fkan\u0131 Kemal K\u0131l\u0131\u00e7daro\u011flu, partisinin grup toplant\u0131s\u0131nda konu\u015ftu.<\/p>\n<p style=\"text-align: justify;\">\u0130stanbul- \u0130\u015fte K\u0131l\u0131\u00e7daro\u011flu&#8217;nun konu\u015fmas\u0131ndan sat\u0131rba\u015flar\u0131:<\/p>\n<p style=\"text-align: justify;\">Uludere <\/p>\n<p style=\"text-align: justify;\">Ba\u015fbakan\u2019a defalarca sorduk sen bu istihbarat\u0131 nereden ald\u0131n diye. Bir t\u00fcrl\u00fc cevap gelmedi. ABD\u2019den mi ald\u0131n, \u0130srail\u2019den mi ald\u0131n. \u015eimdi daha a\u00e7\u0131k soruyorum: Sen bu istihbarat\u0131 CIA\u2019den mi <\/p>\n","protected":false},"author":1,"featured_media":0,"comment_status":"open","ping_status":"open","sticky":false,"template":"","format":"standard","meta":{"footnotes":""},"categories":[105],"tags":[],"class_list":["post-48511","post","type-post","status-publish","format-standard","hentry","category-gundem","odd"],"_links":{"self":[{"href":"http:\/\/www.korhanyilmaz.com\/index.php?rest_route=\/wp\/v2\/posts\/48511","targetHints":{"allow":["GET"]}}],"collection":[{"href":"http:\/\/www.korhanyilmaz.com\/index.php?rest_route=\/wp\/v2\/posts"}],"about":[{"href":"http:\/\/www.korhanyilmaz.com\/index.php?rest_route=\/wp\/v2\/types\/post"}],"author":[{"embeddable":true,"href":"http:\/\/www.korhanyilmaz.com\/index.php?rest_route=\/wp\/v2\/users\/1"}],"replies":[{"embeddable":true,"href":"http:\/\/www.korhanyilmaz.com\/index.php?rest_route=%2Fwp%2Fv2%2Fcomments&post=48511"}],"version-history":[{"count":0,"href":"http:\/\/www.korhanyilmaz.com\/index.php?rest_route=\/wp\/v2\/posts\/48511\/revisions"}],"wp:attachment":[{"href":"http:\/\/www.korhanyilmaz.com\/index.php?rest_route=%2Fwp%2Fv2%2Fmedia&parent=48511"}],"wp:term":[{"taxonomy":"category","embeddable":true,"href":"http:\/\/www.korhanyilmaz.com\/index.php?rest_route=%2Fwp%2Fv2%2Fcategories&post=48511"},{"taxonomy":"post_tag","embeddable":true,"href":"http:\/\/www.korhanyilmaz.com\/index.php?rest_route=%2Fwp%2Fv2%2Ftags&post=48511"}],"curies":[{"name":"wp","href":"https:\/\/api.w.org\/{rel}","templated":true}]}}