{"id":4851,"date":"2009-03-11T17:09:08","date_gmt":"2009-03-11T15:09:08","guid":{"rendered":"http:\/\/www.korhanyilmaz.com\/?p=4851"},"modified":"2009-03-11T17:09:08","modified_gmt":"2009-03-11T15:09:08","slug":"arinctan-generallere-salvo","status":"publish","type":"post","link":"http:\/\/www.korhanyilmaz.com\/?p=4851","title":{"rendered":"Ar\u0131n\u00e7&#039;tan generallere salvo!"},"content":{"rendered":"<p><img loading=\"lazy\" decoding=\"async\" class=\"aligncenter size-full wp-image-4852\" title=\"22. D\u00f6nem T\u00fcrkiye B\u00fcy\u00fck Millet Meclisi (TBMM) Ba\u015fkan\u0131 B\u00fclent Ar\u0131n\u00e7\" src=\"http:\/\/www.korhanyilmaz.com\/wp-content\/uploads\/2009\/03\/110320091710521511266_2.jpg\" alt=\"22. D\u00f6nem T\u00fcrkiye B\u00fcy\u00fck Millet Meclisi (TBMM) Ba\u015fkan\u0131 B\u00fclent Ar\u0131n\u00e7\" width=\"193\" height=\"102\" \/><strong><\/strong><\/p>\n<p style=\"text-align: justify;\"><strong>&#8216;Allah&#8217;a \u015f\u00fckrediyorum ki bunlar\u0131n zaman\u0131nda bir sava\u015fa girmemi\u015fiz&#8217;<\/strong><\/p>\n<p style=\"text-align: justify;\">22. D\u00f6nem T\u00fcrkiye B\u00fcy\u00fck Millet Meclisi (TBMM) Ba\u015fkan\u0131 B\u00fclent Ar\u0131n\u00e7, Ergenekon Davas\u0131 kapsam\u0131ndaki emekli orgenerallerin askerlikten ba\u015fka her t\u00fcrl\u00fc i\u015fi yapt\u0131klar\u0131n\u0131 dile getirerek, &#8220;Allah&#8217;a \u00e7ok \u015f\u00fckrediyorum ki T\u00fcrkiye bunlar\u0131n zaman\u0131nda bir sava\u015fa falan girmemi\u015f, yoksa bunlar\u0131n sava\u015facak halleri yok&#8221; dedi.<\/p>\n<p style=\"text-align: justify;\">B\u00fclent Ar\u0131n\u00e7, baz\u0131 gezi ve incelemelerde bulunmak \u00fczere u\u00e7akla \u0130zmir&#8217;den Van&#8217;a geldi. Van Ferit Melen Havaalan\u0131&#8217;nda Milli E\u011fitim Bakan\u0131 H\u00fcseyin \u00c7elik, Adalet ve Kalk\u0131nma Partisi (AK Parti) Van Milletvekilleri Kayhan T\u00fcrkmeno\u011flu, \u0130kram Din\u00e7er, Kerem Altun, G\u00fcl\u015fen Orhan, Van Belediye Ba\u015fkan\u0131 Burhan Yenig\u00fcn ve partili \u00fcyeler taraf\u0131ndan kar\u015f\u0131lanan B\u00fclent Ar\u0131n\u00e7, konvoy e\u015fli\u011finde bindi\u011fi se\u00e7im otob\u00fcs\u00fc ile se\u00e7im b\u00fcrosuna geldi. Burada partili \u00fcyeler taraf\u0131ndan co\u015fkuyla kar\u015f\u0131lanan Ar\u0131n\u00e7, partililerle selamla\u015ft\u0131. <!--more-->Ard\u0131ndan k\u0131sa bir konu\u015fma yapan Mili E\u011fitim Bakan\u0131 H\u00fcseyin \u00c7elik, B\u00fclent Ar\u0131n\u00e7&#8217;\u0131 Van&#8217;da a\u011f\u0131rlamaktan dolay\u0131 son derece mutlu olduklar\u0131n\u0131 ifade etti. \u00c7elik, Ar\u0131n\u00e7&#8217;a eski meclis ba\u015fkan\u0131 demediklerini &#8216;Eskimez meclis ba\u015fkan\u0131&#8217; diye hitap ettiklerini dile getirdi.<\/p>\n<p style=\"text-align: justify;\">Daha sonra partililere hitaben konu\u015fmas\u0131n\u0131 yapmak \u00fczere k\u00fcrs\u00fcye gelen B\u00fclent Ar\u0131n\u00e7, AK Parti iktidar\u0131n\u0131n yapm\u0131\u015f oldu\u011fu hizmetlerden bahsetti. Konu\u015fmas\u0131nda muhalefetin kendilerine y\u00f6nelik y\u00fcr\u00fctt\u00fc\u011f\u00fc engelleri de ele\u015ftiren Ar\u0131n\u00e7, T\u00fcrkiye g\u00fcndemini me\u015fgul eden Ergenekon Davas\u0131 ile de ilgili a\u00e7\u0131klamalarda bulundu. Ar\u0131n\u00e7 konu\u015fmas\u0131n\u0131 \u015f\u00f6yle s\u00fcrd\u00fcrd\u00fc;<\/p>\n<p style=\"text-align: justify;\">&#8220;T\u00fcrkiye&#8217;nin b\u00f6l\u00fcnmez b\u00fct\u00fcnl\u00fc\u011f\u00fcn\u00fc kimler dinamitlemi\u015f, siyasi suikastlar\u0131n arkas\u0131nda ne varm\u0131\u015f. T\u00fcrkiye&#8217;yi kar\u0131\u015ft\u0131ran g\u00fc\u00e7ler neyi hesaplam\u0131\u015f ve AK Parti iktidar\u0131 b\u00fct\u00fcn bunlara kar\u015f\u0131 nas\u0131l dimdik ayakta kalm\u0131\u015f bunu g\u00f6r\u00fcyoruz. Emekli orgenerallerin ses kay\u0131tlar\u0131 var. Aman Allah&#8217;\u0131m neler konu\u015fmu\u015flar, neler s\u00f6ylemi\u015fler. Allah&#8217;a \u00e7ok \u015f\u00fckrediyorum ki T\u00fcrkiye bunlar\u0131n zaman\u0131nda bir sava\u015fa falan girmemi\u015f yoksa bunlar\u0131n sava\u015facak halleri yok. Askerlikten ba\u015fka her \u015feyi yapm\u0131\u015flar. \u00c7\u00fcnk\u00fc siyasetle u\u011fra\u015fm\u0131\u015flar, darbelerle u\u011fra\u015fm\u0131\u015flar memlekette kendi kafalar\u0131na g\u00f6re uygun bulduklar\u0131 i\u015fleri yapmak i\u00e7in maalesef yasa d\u0131\u015f\u0131 g\u00fc\u00e7lerle bile i\u015f yapmaktan \u00e7ekinmemi\u015fler. \u00c7ok yanl\u0131\u015f bir \u015fey. Ama bunlara kar\u015f\u0131 e\u011fer T\u00fcrkiye&#8217;de AK Parti h\u00fck\u00fcmeti olmasayd\u0131 hi\u00e7bir h\u00fck\u00fcmet ayakta kalamazd\u0131. Bizi biz yapan bunlarla m\u00fccadele etme noktas\u0131nda yasan\u0131n \u00f6n\u00fcne yarg\u0131n\u0131n \u00f6n\u00fcne al\u0131p bunlar\u0131 getiren kolluk kuvvetleriyle g\u00fc\u00e7l\u00fc bir iktidar\u0131m\u0131z var. Bu d\u00f6nemde bunlar ortaya \u00e7\u0131k\u0131yor ve biz bu d\u00f6nemde T\u00fcrkiye&#8217;nin hangi badirelerden ge\u00e7ti\u011fini g\u00f6r\u00fcyoruz. Olay yarg\u0131ya intikal etti yarg\u0131 en adaletli karar\u0131n\u0131 verir. Ama duydu\u011fumuz ve okuduklar\u0131m\u0131z bile bizim akl\u0131m\u0131z\u0131 ba\u015f\u0131m\u0131za getirmek i\u00e7in yeterli olsa gerek. Dolay\u0131s\u0131yla bu iktidar\u0131n g\u00fc\u00e7lenerek devam etmesi ve Davos da nas\u0131l T\u00fcrkiye&#8217;nin Ba\u015fbakan\u0131n sadece T\u00fcrkiye&#8217;deki halk\u0131m\u0131z\u0131n s\u00f6zlerini, inanc\u0131n\u0131 konu\u015fan bir ba\u015fbakan de\u011fil.<\/p>\n<p style=\"text-align: justify;\">D\u00fcnyadaki mazlumlar i\u00e7in ger\u00e7ekleri s\u00f6ylemi\u015fse AK Parti iktidar\u0131n\u0131n yapaca\u011f\u0131 bu hizmetlere kimse engel olmamal\u0131d\u0131r. Bak\u0131n Davos&#8217;ta o konu\u015fmay\u0131 yaparken, bizde \u00e7ok mon\u015fer var. Eyvah bu diplomasiye ayk\u0131r\u0131 oldu. \u0130srail bize k\u0131zacak, Amerika Birle\u015fik Devletleri (ABD) bize k\u00fcsecek. D\u00fcnyada yaln\u0131z kalaca\u011f\u0131z. Bu s\u00f6ylenir mi? Hem de kaba kaba s\u00f6ylenir mi? adama sus diyerek, ver diyerek dur diyerek, yan\u0131ndaki ya\u015fl\u0131 adama kar\u015f\u0131 &#8216;Sen ya\u015fl\u0131s\u0131n b\u00f6yle konu\u015fuyorsun bak sen adam \u00f6ld\u00fcrmeyi iyi bilirsin zalim adam&#8217; demek olur mu diye \u00e7ok \u00fcz\u00fcld\u00fcler. Perez den daha \u00e7ok \u00fcz\u00fcld\u00fcler. Aman Allah&#8217;\u0131m a\u011flad\u0131lar sabaha kadar. De\u011ferli dostlar sizler namuslu olursan\u0131z \u015fahsiyetli olursan\u0131z d\u00fcr\u00fcst ve inan\u00e7l\u0131 olursan\u0131z ve Allah&#8217;tan ba\u015fka kimseden korkmazsan\u0131z Allah sizi izzetli yapar onurlu yapar.&#8221;<\/p>\n<p style=\"text-align: justify;\">G\u00fcn i\u00e7erisinde \u00e7e\u015fitli ziyaretlerde bulunacak olan B\u00fclent Ar\u0131n\u00e7&#8217;\u0131n, geceyi Van&#8217;da ge\u00e7irdikten sonra yar\u0131n \u0130zmir&#8217;e d\u00f6nece\u011fi belirtildi.<\/p>\n<p style=\"text-align: justify;\"><span style=\"color: #888888;\">Kaynak : AA<\/span><\/p>\n<p style=\"text-align: justify;\">\n","protected":false},"excerpt":{"rendered":"<\/p>\n<p style=\"text-align: justify;\">&#8216;Allah&#8217;a \u015f\u00fckrediyorum ki bunlar\u0131n zaman\u0131nda bir sava\u015fa girmemi\u015fiz&#8217;<\/p>\n<p style=\"text-align: justify;\">22. D\u00f6nem T\u00fcrkiye B\u00fcy\u00fck Millet Meclisi (TBMM) Ba\u015fkan\u0131 B\u00fclent Ar\u0131n\u00e7, Ergenekon Davas\u0131 kapsam\u0131ndaki emekli orgenerallerin askerlikten ba\u015fka her t\u00fcrl\u00fc i\u015fi yapt\u0131klar\u0131n\u0131 dile getirerek, &#8220;Allah&#8217;a \u00e7ok \u015f\u00fckrediyorum ki T\u00fcrkiye bunlar\u0131n zaman\u0131nda bir sava\u015fa falan girmemi\u015f, yoksa bunlar\u0131n sava\u015facak halleri yok&#8221; dedi.<\/p>\n<p style=\"text-align:  \n\n","protected":false},"author":1,"featured_media":0,"comment_status":"open","ping_status":"closed","sticky":false,"template":"","format":"standard","meta":{"footnotes":""},"categories":[105],"tags":[],"class_list":["post-4851","post","type-post","status-publish","format-standard","hentry","category-gundem","odd"],"_links":{"self":[{"href":"http:\/\/www.korhanyilmaz.com\/index.php?rest_route=\/wp\/v2\/posts\/4851","targetHints":{"allow":["GET"]}}],"collection":[{"href":"http:\/\/www.korhanyilmaz.com\/index.php?rest_route=\/wp\/v2\/posts"}],"about":[{"href":"http:\/\/www.korhanyilmaz.com\/index.php?rest_route=\/wp\/v2\/types\/post"}],"author":[{"embeddable":true,"href":"http:\/\/www.korhanyilmaz.com\/index.php?rest_route=\/wp\/v2\/users\/1"}],"replies":[{"embeddable":true,"href":"http:\/\/www.korhanyilmaz.com\/index.php?rest_route=%2Fwp%2Fv2%2Fcomments&post=4851"}],"version-history":[{"count":0,"href":"http:\/\/www.korhanyilmaz.com\/index.php?rest_route=\/wp\/v2\/posts\/4851\/revisions"}],"wp:attachment":[{"href":"http:\/\/www.korhanyilmaz.com\/index.php?rest_route=%2Fwp%2Fv2%2Fmedia&parent=4851"}],"wp:term":[{"taxonomy":"category","embeddable":true,"href":"http:\/\/www.korhanyilmaz.com\/index.php?rest_route=%2Fwp%2Fv2%2Fcategories&post=4851"},{"taxonomy":"post_tag","embeddable":true,"href":"http:\/\/www.korhanyilmaz.com\/index.php?rest_route=%2Fwp%2Fv2%2Ftags&post=4851"}],"curies":[{"name":"wp","href":"https:\/\/api.w.org\/{rel}","templated":true}]}}