{"id":48507,"date":"2012-02-07T11:51:29","date_gmt":"2012-02-07T09:51:29","guid":{"rendered":"http:\/\/www.korhanyilmaz.com\/?p=48507"},"modified":"2012-02-07T14:44:02","modified_gmt":"2012-02-07T12:44:02","slug":"erdogan-o-yazarla-israile-gidip-piknik-yapin","status":"publish","type":"post","link":"http:\/\/www.korhanyilmaz.com\/?p=48507","title":{"rendered":"Erdo\u011fan: O yazarla \u0130srail&#8217;e gidip piknik yap\u0131n"},"content":{"rendered":"<p style=\"text-align: center;\"><a href=\"http:\/\/www.korhanyilmaz.com\/wp-content\/uploads\/2012\/02\/9706.jpg\"  class=\"lightview\"><img loading=\"lazy\" decoding=\"async\" class=\"aligncenter  wp-image-48508\" src=\"http:\/\/www.korhanyilmaz.com\/wp-content\/uploads\/2012\/02\/9706.jpg\" alt=\"\" width=\"379\" height=\"197\" \/><\/a><\/p>\n<p style=\"text-align: justify;\">CHP Lideri K\u0131l\u0131\u00e7daro\u011flu&#8217;nun ABD&#8217;li yazar Auster&#8217;\u0131 davet etmesiyle ilgili konu\u015fan Ba\u015fbakan Erdo\u011fan, &#8220;Yazar gelirse l\u00fctfen T\u00fcrkiye&#8217;den sonra birlikte \u0130srail&#8217;e gitsinler. Gazze&#8217;yi g\u00f6ren tepede birlikte piknik yaps\u0131nlar&#8221; dedi. Suriye&#8217;ye y\u00f6nelik de\u011ferlendirme yapan Erdo\u011fan, &#8220;Er ya da ge\u00e7 Humus&#8217;un hesab\u0131 sorulacak&#8221; diye konu\u015ftu.<!--more--><\/p>\n<p style=\"text-align: justify;\">ANKARA &#8211; Ba\u015fbakan Tayyip Erdo\u011fan, partisinin grup toplant\u0131s\u0131nda konu\u015fma yapt\u0131.<\/p>\n<p style=\"text-align: justify;\">Suriye&#8217;de ya\u015fanan geli\u015fmelerden, ABD&#8217;li yazar Paul Auster&#8217;a kadar bir\u00e7ok konuda mesajlar veren Erdo\u011fan, dindar nesil polemi\u011fiyle ilgili tart\u0131\u015fmalara da de\u011findi.<\/p>\n<p style=\"text-align: justify;\">Erdo\u011fan, konu\u015fmas\u0131na Suriye&#8217;nin Humus kentinde 100&#8217;e yak\u0131n ki\u015finin \u00f6l\u00fcm\u00fcyle ilgili de\u011ferlendirme yaparak ba\u015flad\u0131.<\/p>\n<p style=\"text-align: justify;\">Suriye Lideri Esad&#8217;a y\u00f6nelik sert mesajlar veren Erdo\u011fan \u015funlar\u0131 s\u00f6yledi:<\/p>\n<p style=\"text-align: justify;\">&#8220;Y\u0131llarca \u00f6nce Suriye&#8217;nin Hama \u015fehrinde \u00e7ok ac\u0131 bir katliam ya\u015fand\u0131. Adeta \u015fehri silercesine sald\u0131r\u0131 ger\u00e7ekle\u015fti. Ka\u00e7 ki\u015finin katledildi\u011fi bilinmiyor. Bu katliam\u0131n \u00fczeri h\u0131zl\u0131 bir \u015fekilde \u00f6rtmeye \u00e7al\u0131\u015f\u0131ld\u0131. Uluslararas\u0131 toplum meselenin \u00fczerine gitmedi. Olay\u0131n \u00fczeri kapat\u0131ld\u0131. Uluslararas\u0131 toplum Hama&#8217;da 30 bin insan\u0131n katledilmesine sessiz kald\u0131. Emzikleri a\u011f\u0131zlar\u0131nda katledilmi\u015f \u00e7ocuklar\u0131 ter\u00f6rist diye yaftalay\u0131p ak\u0131tt\u0131klar\u0131 kan\u0131n \u00fczerini \u00f6rtt\u00fcler. Bu daha b\u00fcy\u00fck bir canilikti. Hama&#8217;da 1982&#8217;de ger\u00e7ekle\u015fen bu katliam \u0130slam co\u011frafyas\u0131nda \u00e7ok a\u011f\u0131r bir yara a\u00e7t\u0131. O katillerden hesap sorulmad\u0131. O katliam\u0131 yapanlar yarg\u0131 \u00f6n\u00fcne \u00e7\u0131kar\u0131lmad\u0131.<\/p>\n<p style=\"text-align: justify;\"><strong>&#8216;F\u0130RAVUNLARIN \u0130Z\u0130NDEN G\u0130DEN HAK ETT\u0130\u011e\u0130N\u0130 BULUR&#8217;<\/strong><\/p>\n<p style=\"text-align: justify;\">Kendi halklar\u0131na kar\u015f\u0131 kaplan kesilen bu dikkat\u00f6rler topraklar\u0131na kasteden yabanc\u0131lara \u00e7\u0131tlar\u0131n\u0131 bile \u00e7\u0131karamad\u0131lar. Kabaday\u0131 misali sa\u011fa sola efelendiler ama namlular\u0131n \u00f6n\u00fcne kendi karde\u015flerini koydular. \u0130ran-Irak sava\u015f\u0131nda 1 milyon M\u00fcsl\u00fcman\u0131 kim \u00f6ld\u00fcrd\u00fc? Bat\u0131l\u0131lar m\u0131 \u00f6ld\u00fcrd\u00fc?<\/p>\n<p style=\"text-align: justify;\">Hama&#8217;daki katliam\u0131 kim yapt\u0131? Gayrim\u00fcsl\u00fcmler mi yapt\u0131? Tamam\u0131n\u0131 kendisini M\u00fcsl\u00fcman olarak nitelendirilen ama demir yumru\u011funu kendi karde\u015flerinin kafas\u0131na indiren modern Firavunlar bunu yapt\u0131. Bu zorbalar, bu zalimler hak ettiklerini buldular. Bu zorbalar\u0131n halk\u0131na zulmetmesine dur demeyen kimi bat\u0131l\u0131 \u00fclkeler k\u0131l\u0131n\u0131 bile k\u0131p\u0131rdatmad\u0131. Bug\u00fcn babalar\u0131n\u0131n, Firavunlar\u0131n izinden gidenler de hak ettiklerini mutlaka bulacaklar.<\/p>\n<p style=\"text-align: justify;\"><strong>&#8216;HUMUS&#8217;UN HESABI ER YA DA GE\u00c7 SORULACAK&#8217;<\/strong><\/p>\n<p style=\"text-align: justify;\">Hama&#8217;da 30 bin masumu \u00f6ld\u00fcren Baba Esad, b\u00fct\u00fcn Suriye halk\u0131n\u0131n haf\u0131zas\u0131nda yarg\u0131land\u0131 ve ac\u0131mas\u0131z bir diktat\u00f6r olarak tarihe ad\u0131n\u0131 yazd\u0131rd\u0131. Bug\u00fcn onun izinden gidenler Humus&#8217;ta masum sivilleri katledenler kendi halk\u0131n\u0131n \u00f6n\u00fcnde hesap verecek. Hama&#8217;n\u0131n hesab\u0131 sorulmad\u0131, er ya da ge\u00e7 Humus&#8217;un hesab\u0131 sorulacakt\u0131r. Esad madem \u00f6lene kadar sava\u015facaks\u0131n, neden Golan Tepeleri i\u00e7in \u00f6lene kadar sava\u015fmad\u0131n. Senin kahramanl\u0131\u011f\u0131n kendi mazlum halk\u0131na m\u0131? Bu korkudur, kahramanl\u0131k de\u011fildir. Bu acziyetttir, zavall\u0131l\u0131kt\u0131r. Hi\u00e7bir zul\u00fcm kar\u015f\u0131l\u0131ks\u0131z kalmaz. Mazlumun ah\u0131 er yada ge\u00e7 \u00e7\u0131kar.<\/p>\n<p style=\"text-align: justify;\"><strong>&#8216;MEN DAKKA DUKKA&#8217;<\/strong><\/p>\n<p style=\"text-align: justify;\">Suriye bizim i\u00e7in \u00f6yle s\u0131radan bir kom\u015fu de\u011fildir. Cilveg\u00f6z\u00fc&#8217;nden ba\u015flay\u0131n her ad\u0131mda karde\u015fli\u011fimizin ortak medeniyetimizin izlerini g\u00f6r\u00fcrs\u00fcn\u00fcz. Biz Suriye&#8217;de olup bitene kar\u015f\u0131 sessiz kalamay\u0131z. Suriye halk\u0131na s\u0131rt\u0131m\u0131z\u0131 d\u00f6nemeyiz. Zalimlerin s\u0131rt\u0131n\u0131 s\u0131vazlamay\u0131z. CHP gitsin ayn\u0131 zihniyeti payla\u015ft\u0131\u011f\u0131 Baas partisine destek versin. Biz mazlum Suriye halk\u0131yla dayan\u0131\u015fma i\u00e7inde olaca\u011f\u0131z. Hama katliam\u0131n\u0131n izlerini silin dedik. Halk\u0131n\u0131zla bar\u0131\u015f\u0131n dedik. Bunu samimiyetle s\u00f6yledik. Suriye&#8217;de reformlar\u0131n ger\u00e7ekle\u015fece\u011fine inand\u0131k. Ama Esad babas\u0131 gibi silahlar\u0131n namlusunu kendi halk\u0131na \u00e7evirmeye ba\u015flad\u0131. Verdi\u011fi s\u00f6zlerin arkas\u0131nda durmad\u0131. Hama katliam\u0131n\u0131n 30. y\u0131ld\u00f6n\u00fcm\u00fcnde y\u00fczlerce masum insan\u0131 toplu halde katletti.<\/p>\n<p style=\"text-align: justify;\"><strong>&#8216;ONLARIN DA \u00dcZER\u0130NE KAN SI\u00c7RIYOR&#8217;<\/strong><\/p>\n<p style=\"text-align: justify;\">Gitti\u011fin yol, yol de\u011fildir. Bu yol \u00e7\u0131kmaz sokakt\u0131r. Bu yanl\u0131\u015f yoldan d\u00f6nmesini tavsiye ediyoruz. AK Parti grubundan sesleniyorum. Kendi dilinde sesleniyorum. Ya Be\u015f\u015far men dakka dukka. Ey Be\u015far eden bulur. Suriye&#8217;de ya\u015fananlar bir insanl\u0131k dram\u0131d\u0131r. Suriye d\u00fcnyada herkes i\u00e7in bir samimiyet testidir. BM&#8217;de ya\u015fanan s\u00fcre\u00e7 medeni d\u00fcnya a\u00e7\u0131s\u0131ndan bir fiyaskodur. BM G\u00fcvenlik Konseyi bir kez daha uluslararas\u0131 toplumun vicdan\u0131n\u0131 tutsak alm\u0131\u015ft\u0131r. Zalimin eline \u00f6ld\u00fcrme lisans\u0131 vermesi kabul edilebilir de\u011fildir. \u0130nsanl\u0131\u011fa vicdana s\u0131\u011fmaz. Veto yetkisine haiz olman\u0131n sorumlulu\u011fu b\u00fcy\u00fckt\u00fcr. Bu yetki kullan\u0131l\u0131rken zulm\u00fcn devam etmesine ye\u015fil \u0131\u015f\u0131k yak\u0131lmamal\u0131d\u0131r. Uluslararas\u0131 toplum bu gidi\u015fata tek bir a\u011f\u0131zdan dur bile diyememi\u015ftir. Suriye meselesi kutuplararas\u0131 \u00e7eki\u015fmelere kurban edilemez. Suriye \u00fczerinden siyasi g\u00fc\u00e7 m\u00fccadelesi verenler bilsin ki, akan kan onlar\u0131n da \u00fczerine s\u0131\u00e7r\u0131yor. Biz T\u00fcrkiye olarak diyalo\u011fun g\u00fcc\u00fcne inand\u0131k. B\u00f6lgemizdeki t\u00fcm sorunlar\u0131n m\u00fczakere zemininde \u00e7\u00f6z\u00fclmesi gerekti\u011fini vurgulad\u0131k. Sorunun varl\u0131\u011f\u0131 konusunda kafa kar\u0131\u015f\u0131kl\u0131\u011f\u0131 ya\u015fan\u0131yor. BM&#8217;deki kimi \u00fclkelerden gelen a\u00e7\u0131klamalar b\u00fcy\u00fck bir pi\u015fkinlik oldu\u011funu g\u00f6steriyor. Suriye&#8217;deki karde\u015flerimizin yan\u0131nda olmaya devam edece\u011fiz. Arap Ligi&#8217;nin Suriye&#8217;yle ilgili giri\u015fimlerini desteklemeye devam edece\u011fiz.&#8221;<\/p>\n<p style=\"text-align: justify;\"><strong>&#8216;GAZZEY\u0130 G\u00d6REN TEPEDE P\u0130KN\u0130K YAPIN&#8217;<\/strong><\/p>\n<p style=\"text-align: justify;\">Erdo\u011fan, grup toplant\u0131s\u0131nda ABD&#8217;li yazar Paul Auster&#8217;\u0131n T\u00fcrkiye hakk\u0131ndaki g\u00f6r\u00fc\u015fleri sonras\u0131nda siyasi ortamda ya\u015fanan tart\u0131\u015fmalara da de\u011findi.<\/p>\n<p style=\"text-align: justify;\">Erdo\u011fan konu\u015fla ilgili \u015f\u00f6yle konu\u015ftu: &#8220;2002 \u00f6ncesinde medyada en \u00e7ok da TRT&#8217;de bir tak\u0131m haberler olurdu. T\u00fcrkiye \u00f6v\u00fcld\u00fc gibi haberler seyrek \u00e7\u0131kt\u0131\u011f\u0131 i\u00e7in her haber g\u00fcndeme geliyordu. T\u00fcrkiye bu komleksten kurtuldu. AK Parti&#8217;yle ilgili yorumlar, haberler yay\u0131nlan\u0131yor. 14 A\u011fustos 2001&#8217;de bunlar\u0131n olaca\u011f\u0131n\u0131 o g\u00fcnden i\u015faret etmi\u015ftik. T\u00fcrkiye ekonomideki ba\u015far\u0131lar\u0131yla geni\u015f \u015fekilde yer al\u0131yor. Biz yo\u011funluk gere\u011fi se\u00e7ici davran\u0131yoruz.<\/p>\n<p style=\"text-align: justify;\">Ge\u00e7ti\u011fimiz hafta sonu ABD&#8217;li bir edebiyat\u00e7\u0131n\u0131n T\u00fcrkiye&#8217;yle ilgili ifadeleri yay\u0131nland\u0131. Belli ki ABD&#8217;li yazar T\u00fcrkiye hakk\u0131nda yanl\u0131\u015f y\u00f6nlendirilmi\u015f. Bu ABD&#8217;li yazar\u0131n s\u00f6zleri CHP Genel Ba\u015fkan\u0131 taraf\u0131ndan c\u0131mb\u0131zland\u0131. Bu tart\u0131\u015fmay\u0131 ba\u015flatan biz de\u011filiz. CHP Genel Ba\u015fkan\u0131 K\u0131l\u0131\u00e7daro\u011flu&#8217;dur. Bu ifadeler i\u00e7 politika malzemesi haline getirilince dikkat kesildik. T\u00fcrkiye&#8217;ye gitmeyece\u011fini s\u00f6yleyen yazar 2010&#8217;da \u0130srail&#8217;e gitmi\u015f. \u0130srail devlet adamlar\u0131yla foto\u011fraf \u00e7ektirmi\u015f. \u0130srail&#8217;de tutuklu yazar ve gazeteci yok dedi. K\u0131l\u0131\u00e7daro\u011flu papa\u011fan gibi tekrarlad\u0131. Say\u0131n K\u0131l\u0131\u00e7daro\u011flu &#8216;Ba\u015fbakan \u00f6\u011frensin ka\u00e7 tutuklu gazeteci var&#8217; dedi. Umuyorum ki, \u0130srail&#8217;e arka \u00e7\u0131kan bu s\u00f6zleriyle birilerinin g\u00f6z\u00fcne girmi\u015ftir. Ben olsayd\u0131m Mavi Marmara&#8217;n\u0131n gitmesine izin vermezdim diyerek ad\u0131n\u0131 T\u00fcrk siyasetine alt\u0131n harflerle yazd\u0131rm\u0131\u015ft\u0131, tabii teneke. K\u0131l\u0131\u00e7daro\u011flu son s\u00f6zleriyle zirve yapt\u0131. Bir g\u00fcn BDP&#8217;nin vagonu, papa\u011fan\u0131 oluyor. Bir ba\u015fka g\u00fcn yabanc\u0131 yazarlara \u00e7anak tutuyor. O yazar\u0131 T\u00fcrkiye&#8217;ye davet etmi\u015f. O yazar CHP&#8217;nin davetine icabet eder de gelirse l\u00fctfen T\u00fcrkiye&#8217;den sonra birlikte \u0130srail&#8217;e gitsinler. Aksi takdirde bu seyahat eksik kal\u0131r. Gazze&#8217;yi g\u00f6ren tepede birlikte piknik yaps\u0131nlar. Arkalar\u0131na Gazze&#8217;yi alarak koro halinde s\u00f6ylediklerini tekrar etsinler. \u0130srail&#8217;de tutuklu gazeteci-yazar yok desinler. Bunu s\u00f6ylemek en hafif tabirle yalanc\u0131l\u0131kt\u0131r. Filistin \u015fehitlerine haks\u0131zl\u0131kt\u0131r. \u00d6yle Filistinli yazarlar var ki, s\u00fcrg\u00fcnde. K\u0131l\u0131\u00e7daro\u011flu Mahmud Dervi\u015f&#8217;in \u015fu \u015fiirini iyi dinlesin; &#8216;Anam bu sat\u0131rlar\u0131 kime yazd\u0131n. Karada, denizde ufukta kapatm\u0131\u015flar t\u00fcm yollar\u0131. Belki de benim gibisiniz adressiz. Evet nedir k\u0131ymeti insan\u0131n adresi yoksa.&#8217; Bu dizelerin \u015fairi adresi olmadan Filistin&#8217;i g\u00f6remeden gurbette can verdi.<\/p>\n<p style=\"text-align: justify;\">\u0130srail hapisanelerini g\u00f6remeyen nice yazar, gazeteci var. \u0130srail&#8217;de tutuklu gazeteci yok demek Mahmud Dervi\u015f&#8217;e haks\u0131zl\u0131kt\u0131r. K\u0131l\u0131\u00e7daro\u011flu ve ABD&#8217;li yazar Filistinlileri gazeteci yazar olarak g\u00f6rm\u00fcyorlarsa gitsinler \u0130srailli gazetecileri \u0130srail askeri sans\u00fcr kurumuna sorsunlar.<\/p>\n<p style=\"text-align: justify;\"><strong>&#8216;CHP B\u0130LE B\u00d6YLE B\u0130R BA\u015eKANI HAK ETM\u0130YOR&#8217;<\/strong><\/p>\n<p style=\"text-align: justify;\">Burada son derece art niyetli bir kampanya var. Baz\u0131 yazarlar\u0131 da yede\u011fine alan K\u0131l\u0131\u00e7daro\u011flu, T\u00fcrkiye&#8217;yi karalayarak son derece \u00e7irkin bir kampanya y\u00fcr\u00fct\u00fcyor. Ergenekon davas\u0131n\u0131 \u00f6nemsiz hale getirmek i\u00e7in bu ta\u015feronlu\u011fu yap\u0131yor. Roj TV&#8217;yi niye savunmuyorsun. Onu da savun. Git Danimarka&#8217;ya Roj TV&#8217;yi de savun. Bat\u0131l\u0131 gazetecilerin tecr\u00fcbe etmedikleri bir durum var. Bat\u0131da gazeteciler darbe planlar\u0131 i\u00e7inde yer alm\u0131yorlar. Bat\u0131da birilerine haber yazd\u0131r\u0131p sonra da bunu parti kapatma davalar\u0131na delil olarak koymuyorlar. Biz bu kara propagandaya kar\u015f\u0131 m\u00fccadele edece\u011fiz. T\u00fcm d\u00fcnyana gazeteciler ve yazarlar\u0131n de\u011fil, ter\u00f6r eylemi yapanlar\u0131n yarg\u0131land\u0131\u011f\u0131n\u0131 anlataca\u011f\u0131z. Fransa&#8217;daki yasa konusunda destek veriyorsunuz. T\u00fcrkiye aleyhindeki a\u00e7\u0131klamalara niye \u00e7anak tutuyorsunuz. Dersim meselesini bug\u00fcn sen hari\u00e7 t\u00fcm T\u00fcrkiye sorguluyor. Dersimli oldu\u011fun halde kendi partinde Dersim&#8217;le ilgili konu\u015fmay\u0131 yasaklayacaks\u0131n. Diyarbak\u0131r il y\u00f6netimini g\u00f6revden alacaks\u0131n. Yabanc\u0131 gazetelere T\u00fcrkiye&#8217;de \u00f6zg\u00fcrl\u00fck yok diye makale yazacaks\u0131n. CHP bile b\u00f6yle bir genel ba\u015fkan\u0131 hak etmiyor.&#8221;<\/p>\n<p style=\"text-align: justify;\"><strong>&#8216;SON DERECE BAYAT B\u0130R KAMPANYA&#8217;<\/strong><\/p>\n<p style=\"text-align: justify;\">&#8220;Dindar nesil&#8221; tart\u0131\u015fmas\u0131 hakk\u0131nda da konu\u015fan Erdo\u011fan s\u00f6zlerini \u015f\u00f6yle tamamlad\u0131:<\/p>\n<p style=\"text-align: justify;\">&#8220;Bu kampanya son derece bayat bir kampanya. 13 Nisan 1909&#8217;dan beri tam 103 y\u0131ld\u0131r temcit pilav\u0131 gibi bu \u00fclkenin \u00f6n\u00fcne getirildi. \u0130rtica diyerek partiler kapat\u0131ld\u0131, demokrasi ask\u0131ya al\u0131nd\u0131, h\u00fck\u00fcmetlerin eli kolu ba\u011fland\u0131. Bunlar bize utanmadan m\u00fcrteci yaftas\u0131 yak\u0131\u015ft\u0131r\u0131yor. T\u00fcrkiye hi\u00e7bir zaman irticaya prim vermedi. Sanal irtica korkusuna \u00e7ok a\u011f\u0131r bedeller \u00f6dendi. Kimi a\u015fa\u011f\u0131lamak istedilerse &#8216;yobaz&#8217; dediler. Dindar nesil kavram\u0131nda kopart\u0131lan f\u0131rt\u0131na 31 Mart Vakas\u0131&#8217;nda, Menemen olay\u0131nda, AK Parti&#8217;nin kapat\u0131lma davas\u0131 \u00f6ncesinde y\u00fcr\u00fct\u00fclen kampanyan\u0131n ayn\u0131s\u0131. Biz bu yolda elinden irtica bahanesi al\u0131n\u0131d\u0131\u011f\u0131 i\u00e7in kimlik bunal\u0131m\u0131 ya\u015fayan yazarlarla de\u011fil, milletimizle y\u00fcr\u00fcyoruz. Sizin veryans\u0131n\u0131n\u0131z de\u011fil, halk\u0131n veryans\u0131n\u0131 \u00f6nemlidir. Onun da \u00f6l\u00e7\u00fcs\u00fc sand\u0131kt\u0131r. Siz milletle beraber y\u00fcr\u00fcmediniz. Milletin diliyle konu\u015fmad\u0131\u011f\u0131n\u0131z i\u00e7in de ony\u0131llard\u0131r iktidar olamad\u0131n\u0131z. Anayasan\u0131n 24. maddesini a\u00e7\u0131n okuyun.<\/p>\n<p style=\"text-align: justify;\">Anayasay\u0131 kabul etmiyorsunuz o zaman bir dindar insan\u0131n \u00e7a\u011fda\u015f olabilece\u011fini ni\u00e7in d\u00fc\u015f\u00fcnm\u00fcyorsunuz. Dindarl\u0131\u011f\u0131 ne zannediyorlar? Bunlar\u0131n dindarl\u0131k anlay\u0131\u015f\u0131 da farkl\u0131. Bunlar \u00e7a\u011fda\u015fl\u0131\u011f\u0131 da anlam\u0131\u015f de\u011filler. D\u00fcn Fatih Projesi&#8217;yle bunlara yeni bir ders verdik. Dindarl\u0131\u011f\u0131 savunan ba\u015fbakan\u0131n projesi. Ni\u00e7in sizler bunlar\u0131 yapamad\u0131n\u0131z? Anadolu&#8217;nun yoksul \u00e7ocuklar\u0131na iPad gibi bu tabletleri verece\u011fiz. \u00c7\u0131km\u0131\u015f biri utanmadan AK Parti m\u00fcteahhitler yeti\u015ftirmi\u015f diyor. Ne kadar zavall\u0131s\u0131n sen ya. B\u00fct\u00fcm m\u00fcteahhitlerin hepsi ortada. Biz i\u015fi ehline veririz.<\/p>\n<p style=\"text-align: justify;\"><strong>&#8216;FA\u0130Z DAHA DA \u0130NECEK, M\u00dcCADELE EDECE\u011e\u0130Z&#8217;<\/strong><\/p>\n<p style=\"text-align: justify;\">Sizler faizle insan\u0131 s\u00f6m\u00fcrd\u00fcn\u00fcz. Bizler y\u00fczde 63&#8217;ten ald\u0131k, y\u00fczde 10&#8217;a kadar d\u00fc\u015ft\u00fck. Bunu kabullenmiyoruz. Daha da inecek, onun da m\u00fccadelesini verece\u011fiz. Y\u00fczde 10&#8217;u da y\u00fcksek g\u00f6r\u00fcyoruz.<\/p>\n<p style=\"text-align: justify;\"><strong>&#8216;YILLARCA LA\u0130KL\u0130\u011e\u0130 NASIL \u00d6L\u00c7T\u00dcN\u00dcZ?&#8217;<\/strong><\/p>\n<p style=\"text-align: justify;\">Bu h\u00fck\u00fcmetin gizli niyetleri var, takiyye yap\u0131yor diyerek ensemizde boza pi\u015firilmesine m\u00fcsaade etmeyiz. Bizim iktidar\u0131m\u0131zda ikna odalar\u0131 yok Say\u0131n K\u0131l\u0131\u00e7daro\u011flu. Dindarlara ony\u0131llar boyunca ikinci s\u0131n\u0131f muamelesi yap\u0131ld\u0131. Selam\u00fcn aleyk\u00fcm diyenler d\u0131\u015fland\u0131. Camiler kapat\u0131ld\u0131. Bu \u00fclkeden ony\u0131llar boyunca CHP taraf\u0131ndan zararl\u0131 al\u0131\u015fkanl\u0131klar \u00f6zendirilirken gen\u00e7ler kendi de\u011ferlerine yabanc\u0131 hale geldi. 1990&#8217;larda ba\u015f\u00f6rt\u00fc k\u0131zlara ikna odalar\u0131nda i\u015fkence edenler vekil yap\u0131larak \u00f6d\u00fcllendirildi. Dindarl\u0131k \u00f6l\u00e7me merakl\u0131s\u0131 de\u011filiz. Siz bu \u00fclkede y\u0131llarca laikli\u011fi nas\u0131l \u00f6l\u00e7t\u00fcn\u00fcz, hangi cihaz\u0131 kulland\u0131n\u0131z \u00f6nce bunu anlat\u0131n. Ba\u015f\u00f6rt\u00fcs\u00fcyle ilgili d\u00fczenlemeyi neden Anayasa Mahkemesi&#8217;ne g\u00f6t\u00fcrd\u00fcn\u00fcz, bunu anlat\u0131n. \u0130mam hatiplerle meseleniz ne, katsay\u0131 konusuna niye bu kadar tak\u0131ld\u0131n\u0131z. Biz birilerinin yapt\u0131\u011f\u0131 gibi \u00f6\u011frenci formatlama gayretinde de\u011filiz. Biz d\u00fcn Karaca\u00f6ren&#8217;de TOK\u0130 konutlar\u0131 i\u00e7inde ak\u0131ll\u0131 tahtalar\u0131n da\u011f\u0131t\u0131m\u0131n\u0131 yapt\u0131k. Zengin fakir ay\u0131r\u0131m\u0131 asla yok. \u00d6n\u00fcnde koskoca prof AK Parti yoksullara e\u011filmedi diyor. Vah zavall\u0131 vah. Biz bunun m\u00fccadelesini veriyoruz. \u00d6n\u00fcnde prof olan her \u015feyi bilmez. Fatih Projesi&#8217;yle ilgili hangi ad\u0131mlar\u0131n at\u0131ld\u0131\u011f\u0131ndan haberi yok. 1 milyona yak\u0131n bilgisayar g\u00f6nderdik. Haberin var m\u0131 hoca? Bilgisayar\u0131n internetin oldu\u011fu okulda dayatma olabilir mi? O y\u00fczden bizden \u00f6nce okullara internet g\u00f6ndermediler. Olsa olsa bilgisayarlar\u0131 formatlars\u0131n\u0131z, zihinleri asla formatlayamazs\u0131n\u0131z. Hi\u00e7bir parti kendi tasavvurunu topluma dayatamaz. Sizler de l\u00fctfen k\u00f6\u015fe yazarlar\u0131 zorla i\u015fi buralara kayd\u0131rmaya \u00e7al\u0131\u015fmay\u0131n. &#8220;<\/p>\n<p style=\"text-align: justify;\"><a href=\"http:\/\/www.ntvmsnbc.com\/id\/25319985\" target=\"_blank\">Kaynak : NTVMSNBC<\/a><\/p>\n","protected":false},"excerpt":{"rendered":"<p style=\"text-align: center;\">\n<p style=\"text-align: justify;\">CHP Lideri K\u0131l\u0131\u00e7daro\u011flu&#8217;nun ABD&#8217;li yazar Auster&#8217;\u0131 davet etmesiyle ilgili konu\u015fan Ba\u015fbakan Erdo\u011fan, &#8220;Yazar gelirse l\u00fctfen T\u00fcrkiye&#8217;den sonra birlikte \u0130srail&#8217;e gitsinler. Gazze&#8217;yi g\u00f6ren tepede birlikte piknik yaps\u0131nlar&#8221; dedi. Suriye&#8217;ye y\u00f6nelik de\u011ferlendirme yapan Erdo\u011fan, &#8220;Er ya da ge\u00e7 Humus&#8217;un hesab\u0131 sorulacak&#8221; diye konu\u015ftu.<\/p>\n","protected":false},"author":1,"featured_media":0,"comment_status":"open","ping_status":"open","sticky":false,"template":"","format":"standard","meta":{"footnotes":""},"categories":[105],"tags":[],"class_list":["post-48507","post","type-post","status-publish","format-standard","hentry","category-gundem","odd"],"_links":{"self":[{"href":"http:\/\/www.korhanyilmaz.com\/index.php?rest_route=\/wp\/v2\/posts\/48507","targetHints":{"allow":["GET"]}}],"collection":[{"href":"http:\/\/www.korhanyilmaz.com\/index.php?rest_route=\/wp\/v2\/posts"}],"about":[{"href":"http:\/\/www.korhanyilmaz.com\/index.php?rest_route=\/wp\/v2\/types\/post"}],"author":[{"embeddable":true,"href":"http:\/\/www.korhanyilmaz.com\/index.php?rest_route=\/wp\/v2\/users\/1"}],"replies":[{"embeddable":true,"href":"http:\/\/www.korhanyilmaz.com\/index.php?rest_route=%2Fwp%2Fv2%2Fcomments&post=48507"}],"version-history":[{"count":0,"href":"http:\/\/www.korhanyilmaz.com\/index.php?rest_route=\/wp\/v2\/posts\/48507\/revisions"}],"wp:attachment":[{"href":"http:\/\/www.korhanyilmaz.com\/index.php?rest_route=%2Fwp%2Fv2%2Fmedia&parent=48507"}],"wp:term":[{"taxonomy":"category","embeddable":true,"href":"http:\/\/www.korhanyilmaz.com\/index.php?rest_route=%2Fwp%2Fv2%2Fcategories&post=48507"},{"taxonomy":"post_tag","embeddable":true,"href":"http:\/\/www.korhanyilmaz.com\/index.php?rest_route=%2Fwp%2Fv2%2Ftags&post=48507"}],"curies":[{"name":"wp","href":"https:\/\/api.w.org\/{rel}","templated":true}]}}