{"id":48504,"date":"2012-02-07T09:22:31","date_gmt":"2012-02-07T07:22:31","guid":{"rendered":"http:\/\/www.korhanyilmaz.com\/?p=48504"},"modified":"2012-02-07T14:25:00","modified_gmt":"2012-02-07T12:25:00","slug":"talimat-ankaradan","status":"publish","type":"post","link":"http:\/\/www.korhanyilmaz.com\/?p=48504","title":{"rendered":"Talimat Ankara&#8217;dan!"},"content":{"rendered":"<p style=\"text-align: center;\"><a href=\"http:\/\/www.korhanyilmaz.com\/wp-content\/uploads\/2012\/02\/9705.jpg\"  class=\"lightview\"><img loading=\"lazy\" decoding=\"async\" class=\"aligncenter  wp-image-48505\" src=\"http:\/\/www.korhanyilmaz.com\/wp-content\/uploads\/2012\/02\/9705.jpg\" alt=\"\" width=\"345\" height=\"265\" \/><\/a><\/p>\n<p style=\"text-align: justify;\">Uludere olay\u0131n\u0131 inceleyen TBMM \u0130nsan Haklar\u0131n\u0131 \u0130nceleme Alt Komisyonu, m\u00fclki ve askeri yetkilileri dinledi. \u015e\u0131rnak 23. Jandarma S\u0131n\u0131r T\u00fcmen Komutan\u0131 T\u00fcmgeneral \u0130lhan B\u00f6l\u00fck, istihbarat payla\u015f\u0131m\u0131 ve hava harek\u00e2t\u0131n\u0131n Ankara\u2019dan y\u00f6netildi\u011fini s\u00f6yledi.<\/p>\n<p style=\"text-align: justify;\">Uludere olay\u0131n\u0131 inceleyen TBMM \u0130nsan Haklar\u0131n\u0131 \u0130nceleme Alt Komisyonu Uludere olay\u0131ndaki bilinmeyenleri ortaya \u00e7\u0131karmak amac\u0131yla m\u00fclki ve askeri yetkilileri dinledi.<!--more--><\/p>\n<p style=\"text-align: justify;\">Milliyet&#8217;\u00een haberine g\u00f6re yetkililer heyete \u00f6zetle \u015fu bilgileri verdi:<\/p>\n<p style=\"text-align: justify;\"><strong>Talimat Ankara\u2019dan\u00a0<\/strong><\/p>\n<p style=\"text-align: justify;\">&#8211; Vali Vahdettin \u00d6zkan: S\u0131n\u0131r \u00f6tesi operasyonlar bize ve b\u00f6lgedeki askeri makamlara bilgi verilmeden yap\u0131lmakta. Son Uludere hadisesinde de b\u00f6yle oldu. Harek\u00e2t \u015e\u0131rnak d\u0131\u015f\u0131nda ger\u00e7ekle\u015fti. Olay sonras\u0131 mahalli yetkili olarak vatanda\u015flar\u0131n b\u00fcy\u00fck tepkisine maruz kald\u0131k. Y\u00fck\u00fcm\u00fcz\u00fc hafifleteceksiniz, geli\u015finiz memnun etti.<\/p>\n<p style=\"text-align: justify;\">&#8211; Uludere Kaymakam\u0131 Naif Yavuz (G\u00fclyaz\u0131 k\u00f6y\u00fcndeki taziye \u00e7ad\u0131r\u0131nda sald\u0131r\u0131ya u\u011fram\u0131\u015ft\u0131): Uludere\u2019nin \u015eenoba beldesindeki 2 asker, Heron g\u00f6r\u00fcnt\u00fclerini canl\u0131 izledi. Bu iki askerin dinlenmesi gerekir. \u015eu ana kadar il\u00e7enin m\u00fclki amiri olarak bana iletilmi\u015f bir bilgi yok. Sadece \u015fahsi temaslar\u0131mdan edindi\u011fim bilgiler var. Olayla ilgili askerler bana bilgi vermedi. S\u0131n\u0131r birliklerinden de bana intikal edilen bir \u015fey yok, zaten bana ba\u011fl\u0131 de\u011filler.<\/p>\n<p style=\"text-align: justify;\"><strong>\u2018Bilgi verilmedi\u2019\u00a0<\/strong><\/p>\n<p style=\"text-align: justify;\">&#8211; \u015e\u0131rnak 23. Jandarma S\u0131n\u0131r T\u00fcmen Komutan\u0131 T\u00fcmgeneral \u0130lhan B\u00f6l\u00fck: \u201cAnkara\u2019dan olaydan bir g\u00fcn \u00f6nce bize \u2018s\u0131n\u0131r b\u00f6lgesindeki kara unsurlar\u0131n\u0131z\u0131 \u00e7ekin\u2019 talimat\u0131 verildi. B\u00f6lgenin ge\u00e7ici olarak u\u00e7u\u015fa yasak b\u00f6lge ilan edildi\u011fi, Kuzey Irak topraklar\u0131nda tespit edilen PKK\u2019l\u0131 bir gruba y\u00f6nelik hava harekat\u0131 yap\u0131laca\u011f\u0131, bu nedenle b\u00f6lgede helikopterlerin ikinci bir emre kadar havalanmamas\u0131 istenildi. Operasyonun ne zaman yap\u0131laca\u011f\u0131na dair herhangi bir bilgi aktar\u0131lmad\u0131.<\/p>\n<p style=\"text-align: justify;\">&#8211; G\u00fclyaz\u0131 Jandarma Karakol Komutan\u0131 Astsubay K\u0131demli Ba\u015f\u00e7avu\u015f Vehbi G\u00f6\u00e7men: Hava harek\u00e2t\u0131nda bizimle koordineli bir ileti\u015fim kurulmad\u0131 Bana sorsalard\u0131, bunlar\u0131n ka\u00e7ak\u00e7\u0131 olduklar\u0131n\u0131 s\u00f6ylerdim.<\/p>\n<p style=\"text-align: justify;\">&#8211; G\u00fclyaz\u0131 Tugay Komutan Yard\u0131mc\u0131s\u0131 Albay H\u00fcseyin Onur G\u00fcney: (Vali \u00d6zkan\u2019\u0131n \u2018Bu adam\u0131 al\u0131n\u2019 talebi do\u011frultusunda g\u00f6revden al\u0131nm\u0131\u015ft\u0131): Asl\u0131nda bu olayda t\u00fcmgeneralin sorumlu\u011fu neyse benim de sorumlulu\u011fum o kadard\u0131r. Emir komuta dahilinde bir faaliyet var. Bu olayla ilgili bir karar da verilmedi. En yak\u0131n askeri merkez G\u00fclyaz\u0131 oldu\u011fu i\u00e7in bana y\u00f6nelik bir su\u00e7lama geli\u015ftirildi. Ciddi soru\u015fturma yap\u0131lmad\u0131\u011f\u0131 i\u00e7in Vali gelen tepkileri gidermek i\u00e7in benim oradan al\u0131nmam\u0131 istedi. Su\u00e7lu oldu\u011fum i\u00e7in g\u00f6rev yerim de\u011fi\u015ftirilmedi. Benim bu olayda \u00f6zel bir rol\u00fcm yok. Operasyonla ilgili yerel askeri birimlerin bir sorumlulu\u011fu da yok.<\/p>\n<p style=\"text-align: justify;\"><strong>Top at\u0131\u015f\u0131n\u0131n talimat\u0131 van\u2019dan\u00a0<\/strong><\/p>\n<p style=\"text-align: justify;\">Askeri yetkililer, ka\u00e7ak\u00e7\u0131lar\u0131n \u00fczerine G\u00fclyaz\u0131\u2019dan yap\u0131lan top at\u0131\u015f\u0131n\u0131n talimat\u0131n\u0131 ise Ankara\u2019n\u0131n bilgisi dahilinde Van Kolordu Komutanl\u0131\u011f\u0131\u2019n\u0131n verdi\u011fini s\u00f6yledi. Komisyon bunun \u00fczerine, Van, Malatya ve Ankara\u2019da g\u00f6revli, ilgili komutanlar\u0131 dinleme ve Heron g\u00f6r\u00fcnt\u00fclerini izleme karar\u0131 ald\u0131.<\/p>\n<p style=\"text-align: justify;\"><strong>\u2018Heron g\u00f6r\u00fcnt\u00fcleri elbette izlenecek\u2019\u00a0<\/strong><\/p>\n<p style=\"text-align: justify;\">Komisyon Ba\u015fkan\u0131 Ayhan Sefer \u00dcst\u00fcn, \u201cArt\u0131k T\u00fcrkiye\u2019de hi\u00e7bir \u015fey gizli kapakl\u0131 kalamaz. Bu olay ayd\u0131nlanmal\u0131 ki vatanda\u015flar\u0131m\u0131z\u0131n kafalar\u0131nda herhangi bir soru i\u015fareti kalmas\u0131n. Olay\u0131n tamam\u0131n\u0131 g\u00f6rmeden, resmini tamam\u0131n\u0131 g\u00f6remeden fikir beyan etmek kamuoyunu yan\u0131lt\u0131c\u0131 olabilir. \u0130hsas\u0131 reyde bulunmu\u015f olabiliriz. O bak\u0131mdan bence sab\u0131rla vatanda\u015flar\u0131m\u0131z ve kamuoyu bu soru\u015fturmalar\u0131n sonunu beklemeli. (Heron g\u00f6r\u00fcnt\u00fclerini izleyecek misiniz? sorusu \u00fczerine) Elbette ki g\u00f6r\u00fcnt\u00fcleri izlemek istiyoruz. Bug\u00fcn buna zaman\u0131m\u0131z yetmeyecek\u201d diye konu\u015ftu.<\/p>\n<p style=\"text-align: justify;\"><strong>\u2018Foto\u011fraf net\u2019\u00a0<\/strong><\/p>\n<p style=\"text-align: justify;\">Komisyon \u00fcyeleri, yetkililerden bilgi ald\u0131ktan sonra \u015f\u00f6yle konu\u015ftu:<\/p>\n<p style=\"text-align: justify;\">&#8211; BDP\u2019li Ertu\u011frul K\u00fcrk\u00e7\u00fc: Askeri yetkililer bize verdi\u011fi brifingte, \u2018olaydan bir saat \u00f6nce, Ankara\u2019dan arayan askeri yetkililerin talimatlar verdi\u011fini aktard\u0131. Durum \u00e7ok vahim, olayla ilgisi bulunan herkesi dinlemeye devam edece\u011fiz.<\/p>\n<p style=\"text-align: justify;\">&#8211; CHP\u2019li Levent G\u00f6k: Buradaki askerlerin olayla ilgili bilgisi olmad\u0131\u011f\u0131 anla\u015f\u0131l\u0131yor. \u0130nsans\u0131z hava ara\u00e7lar\u0131n\u0131n de\u011ferlendirilmesi buraya ait de\u011fil. Talimat Ankara\u2019dan. Bu olay\u0131n esas failleri ba\u015fka yerde, bunu h\u00fck\u00fcmet de t\u00fcm askeri yetkililer de biliyor. Burada oyalan\u0131yoruz. Bu olay\u0131n ba\u015f\u0131ndan beri planlay\u0131c\u0131s\u0131 kim ve neler oldu\u011fu konusu \u00fcst makamlar taraf\u0131ndan biliniyor. Genelkurmay ve h\u00fck\u00fcmet. Bu bilgilerin bize getirilmesi gerekirdi. K\u00f6yde yapt\u0131\u011f\u0131m\u0131z incelemede o \u00e7ocuklar\u0131n foto\u011fraflar\u0131n\u0131 g\u00f6rd\u00fcm, gece uyuyamad\u0131m. G\u00f6revden tek ki\u015fi al\u0131nm\u0131\u015f. O da halk\u0131 psikolojik olarak rahatlatmak i\u00e7in.<\/p>\n<p style=\"text-align: justify;\">&#8211; Ak Partili G\u00fcl\u015fen Orhan: Evet devletin bu b\u00f6lgede sicili bozuk. Olay bir an \u00f6nce \u00e7\u00f6z\u00fclmeli. Heron g\u00f6r\u00fcnt\u00fcleri olmasa bile k\u00f6yde g\u00f6rd\u00fc\u011f\u00fcm\u00fcz foto\u011fraf her \u015feyi ortaya koyuyor. Akl\u0131 ba\u015f\u0131nda birka\u00e7 insan vard\u0131, onlar da kar\u015f\u0131 tarafta akrabalar\u0131n\u0131n bulundu\u011funu ve gidip gelmeye devam edeceklerini s\u00f6yledi.<\/p>\n<p style=\"text-align: justify;\"><strong>\u2018Tazminatlar\u0131 kim \u00f6deyecek\u2019\u00a0<\/strong><\/p>\n<p style=\"text-align: justify;\">CHP, Uludere\u2019de \u00f6lenlerin yak\u0131nlar\u0131na tazminatlar\u0131n kim taraf\u0131ndan \u00f6denece\u011fine ili\u015fkin Meclis Ara\u015ft\u0131rmas\u0131 a\u00e7\u0131lmas\u0131n\u0131 istedi. TBMM Ba\u015fkanl\u0131\u011f\u0131\u2019na sunulan \u00f6nergenin gerek\u00e7esinde, Uludere\u2019deki olay sonras\u0131, anayasada idarenin kendi eylem ve i\u015flemlerinden do\u011fan zararlar\u0131 \u00f6demekle y\u00fck\u00fcml\u00fc oldu\u011fu ancak bu tazminat borcunun, zarar\u0131n do\u011fmas\u0131na neden olan ilgililerden kimlere ve nas\u0131l r\u00fccu ettirilece\u011fi konusunda a\u00e7\u0131kl\u0131k getirilmedi\u011fi belirtildi. Anayasaya g\u00f6re, yetkinin hukuka ayk\u0131r\u0131 olarak kullan\u0131lmas\u0131 sonucu olu\u015fan kamu zarar\u0131n\u0131n, memurlar ve di\u011fer g\u00f6revlilere r\u00fccu edilmesi gerekti\u011fi vurgulanarak, \u201cKamu Mali Y\u00f6netimi ve Kontrol Kanunu\u2019na g\u00f6re, bakanlar, hukuki, mali konularda Ba\u015fbakan\u2019a ve TBMM\u2019ye kar\u015f\u0131 sorumludur. Tazminat \u00f6denmesi halinde meydana gelecek olan kamu zarar\u0131n\u0131n r\u00fccu edilebilmesi i\u00e7in olay\u0131n meydana gelmesinde kusuru bulunan ki\u015filerin tespit edilmesi amac\u0131yla Meclis Ara\u015ft\u0131rmas\u0131 a\u00e7\u0131lmas\u0131n\u0131 istiyoruz\u201d denildi.<\/p>\n<p style=\"text-align: justify;\"><a href=\"http:\/\/www.cnnturk.com\/2012\/turkiye\/02\/07\/talimat.ankaradan\/648028.0\/index.html\" target=\"_blank\">Kaynak : CNN T\u00dcRK<\/a><\/p>\n","protected":false},"excerpt":{"rendered":"<p style=\"text-align: center;\">\n<p style=\"text-align: justify;\">Uludere olay\u0131n\u0131 inceleyen TBMM \u0130nsan Haklar\u0131n\u0131 \u0130nceleme Alt Komisyonu, m\u00fclki ve askeri yetkilileri dinledi. \u015e\u0131rnak 23. Jandarma S\u0131n\u0131r T\u00fcmen Komutan\u0131 T\u00fcmgeneral \u0130lhan B\u00f6l\u00fck, istihbarat payla\u015f\u0131m\u0131 ve hava harek\u00e2t\u0131n\u0131n Ankara\u2019dan y\u00f6netildi\u011fini s\u00f6yledi.<\/p>\n<p style=\"text-align: justify;\">Uludere olay\u0131n\u0131 inceleyen TBMM \u0130nsan Haklar\u0131n\u0131 \u0130nceleme Alt Komisyonu Uludere olay\u0131ndaki bilinmeyenleri ortaya \u00e7\u0131karmak amac\u0131yla m\u00fclki ve <\/p>\n","protected":false},"author":1,"featured_media":0,"comment_status":"open","ping_status":"open","sticky":false,"template":"","format":"standard","meta":{"footnotes":""},"categories":[105],"tags":[],"class_list":["post-48504","post","type-post","status-publish","format-standard","hentry","category-gundem","odd"],"_links":{"self":[{"href":"http:\/\/www.korhanyilmaz.com\/index.php?rest_route=\/wp\/v2\/posts\/48504","targetHints":{"allow":["GET"]}}],"collection":[{"href":"http:\/\/www.korhanyilmaz.com\/index.php?rest_route=\/wp\/v2\/posts"}],"about":[{"href":"http:\/\/www.korhanyilmaz.com\/index.php?rest_route=\/wp\/v2\/types\/post"}],"author":[{"embeddable":true,"href":"http:\/\/www.korhanyilmaz.com\/index.php?rest_route=\/wp\/v2\/users\/1"}],"replies":[{"embeddable":true,"href":"http:\/\/www.korhanyilmaz.com\/index.php?rest_route=%2Fwp%2Fv2%2Fcomments&post=48504"}],"version-history":[{"count":0,"href":"http:\/\/www.korhanyilmaz.com\/index.php?rest_route=\/wp\/v2\/posts\/48504\/revisions"}],"wp:attachment":[{"href":"http:\/\/www.korhanyilmaz.com\/index.php?rest_route=%2Fwp%2Fv2%2Fmedia&parent=48504"}],"wp:term":[{"taxonomy":"category","embeddable":true,"href":"http:\/\/www.korhanyilmaz.com\/index.php?rest_route=%2Fwp%2Fv2%2Fcategories&post=48504"},{"taxonomy":"post_tag","embeddable":true,"href":"http:\/\/www.korhanyilmaz.com\/index.php?rest_route=%2Fwp%2Fv2%2Ftags&post=48504"}],"curies":[{"name":"wp","href":"https:\/\/api.w.org\/{rel}","templated":true}]}}