{"id":48496,"date":"2012-02-07T11:18:26","date_gmt":"2012-02-07T09:18:26","guid":{"rendered":"http:\/\/www.korhanyilmaz.com\/?p=48496"},"modified":"2012-02-07T13:17:33","modified_gmt":"2012-02-07T11:17:33","slug":"bu-heykeller-universiteden-sokuldu-mu","status":"publish","type":"post","link":"http:\/\/www.korhanyilmaz.com\/?p=48496","title":{"rendered":"Bu heykeller \u00fcniversiteden s\u00f6k\u00fcld\u00fc m\u00fc?"},"content":{"rendered":"<p style=\"text-align: justify;\"><a href=\"http:\/\/www.korhanyilmaz.com\/wp-content\/uploads\/2012\/02\/9703.jpg\"  class=\"lightview\"><img loading=\"lazy\" decoding=\"async\" class=\"aligncenter size-full wp-image-48497\" title=\"\" src=\"http:\/\/www.korhanyilmaz.com\/wp-content\/uploads\/2012\/02\/9703.jpg\" alt=\"\" width=\"292\" height=\"201\" \/><\/a><\/p>\n<p style=\"text-align: justify;\">CHP \u0130stanbul Milletvekili Oktay Ek\u015fi, Milli E\u011fitim Bakan\u0131 \u00d6mer Din\u00e7er\u2019e, Dumlup\u0131nar \u00dcniversitesi yerle\u015fkesinin giri\u015finde bulunan mermer bloktan yontulmu\u015f &#8220;Aslan ve Kartal&#8221; heykelinin &#8220;Ermenistan\u2019\u0131n devlet armas\u0131&#8221; oldu\u011funu ileri s\u00fcren bir ki\u015finin &#8220;ihbar&#8221; mektubu \u00fczerine yerinden s\u00f6k\u00fclerek depoya at\u0131l\u0131p at\u0131lmad\u0131\u011f\u0131n\u0131 sordu.\u00a0<!--more--><\/p>\n<p style=\"text-align: justify;\">CHP \u0130stanbul Milletvekili Oktay Ek\u015fi, TBMM Ba\u015fkanl\u0131\u011f\u0131\u2019na, Milli E\u011fitim Bakan\u0131 \u00d6mer Din\u00e7er\u2019in yan\u0131tlamas\u0131 istemiyle soru \u00f6nergesi verdi. Ek\u015fi, \u015fu sorular\u0131 y\u00f6neltti:<\/p>\n<p style=\"text-align: justify;\">&#8220;Halen Gazi \u00dcniversitesinde \u00f6\u011fretim g\u00f6revlisi olan \u2018An\u0131tlar Heykelt\u0131ra\u015f\u0131\u2019 unvan\u0131na sahip Gagauz (Gargauz) T\u00fcrkleri k\u00f6kenli T\u00fcrk vatanda\u015f\u0131 Atanas Kara\u00e7oban taraf\u0131ndan yap\u0131lan ve K\u00fctahya\u2019daki Dumlup\u0131nar \u00dcniversitesi yerle\u015fkesinin giri\u015finde bulunan mermer bloktan yontulmu\u015f \u2018Aslan ve Kartal\u2019 heykelinin \u2018Ermenistan\u2019\u0131n devlet armas\u0131\u2019 oldu\u011funu ileri s\u00fcren bir ki\u015finin \u2018ihbar\u2019 mektubu \u00fczerine Dumlup\u0131nar \u00dcniversitesi Y\u00f6netim Kurulunun 11 Ocak 2012 tarihinde \u2018oy \u00e7oklu\u011fu\u2019 ile ald\u0131\u011f\u0131 karar sonucu, yerinden s\u00f6k\u00fclerek depoya at\u0131ld\u0131\u011f\u0131 do\u011fru mudur?<\/p>\n<p style=\"text-align: justify;\">Bir zamanlar Tekel kibrit kutular\u0131n\u0131n \u00fczerindeki motiflerde \u2018Stalin portresi\u2019 arayan paranoid bak\u0131\u015f a\u00e7\u0131s\u0131yla bu karar gerisindeki bak\u0131\u015f a\u00e7\u0131s\u0131 aras\u0131nda paralellik yok mudur?<\/p>\n<p style=\"text-align: justify;\">Bakanl\u0131\u011f\u0131n\u0131z ve Dumlup\u0131nar \u00dcniversitesi y\u00f6neticileri- heykelt\u0131ra\u015f Atanas Kara\u00e7oban\u2019\u0131n ayn\u0131 \u00fcniversite yerle\u015fkesinde \u0130stiklal Sava\u015f\u0131m\u0131z\u0131 simgeleyen Kurtulu\u015f Heykeline ilaveten Rekt\u00f6rl\u00fck binas\u0131 \u00f6n\u00fcndeki Atat\u00fcrk An\u0131t\u0131n\u0131, Atat\u00fcrk\u2019\u00fcn silah arkada\u015flar\u0131ndan As\u0131m G\u00fcnd\u00fcz\u2019\u00fcn heykelini ve daha pek \u00e7ok tan\u0131nm\u0131\u015f ki\u015finin heykellerini yapan, tan\u0131nm\u0131\u015f ve \u00f6nemli bir sanat\u00e7\u0131 oldu\u011funun bilincinde midir?<\/p>\n<p style=\"text-align: justify;\">Bakanl\u0131\u011f\u0131n\u0131z, \u2018Aslan ve Kartal\u2019 heykelinin anlam\u0131n\u0131 a\u00e7\u0131klayan sanat\u00e7\u0131n\u0131n, \u2018Gelece\u011fin teminat\u0131 olan T\u00fcrk Gen\u00e7lerini vatan\u0131n b\u00f6l\u00fcnmezli\u011fi ve milletin birli\u011fi y\u00f6n\u00fcnde motive etmeyi ama\u00e7lad\u0131\u011f\u0131n\u0131\u2019 s\u00f6yledi\u011finden haberdar m\u0131d\u0131r? Keza sanat\u00e7\u0131 Kara\u00e7oban\u2019a g\u00f6re heykeldeki \u2018aslan\u2019\u0131n yeni \u00f6\u011frencilere \u2018Buraya ho\u015f geldiniz Aslan evlatlar\u0131m\u0131z\u2019 mesaj\u0131 verdi\u011fini, kartal\u0131n da mezun olup gidenlere \u2019Edindi\u011finiz bilgi ve becerileri vatan\u0131n d\u00f6rt bir yan\u0131na ta\u015f\u0131mak i\u00e7in buradan g\u00f6ky\u00fcz\u00fcne u\u00e7un ve olabildi\u011fince y\u00fckselin\u2019 anlam\u0131na geldi\u011fini Bakanl\u0131\u011f\u0131n\u0131z bilmekte midir?<\/p>\n<p style=\"text-align: justify;\">Dumlup\u0131nar \u00dcniversitesi\u2019nde depoya at\u0131lan heykelle ilgili telif hakk\u0131 sanat\u00e7\u0131 Kara\u00e7oban\u2019a m\u0131 yoksa Dumlup\u0131nar \u00dcniversitesi\u2019ne mi aittir?&#8221;<\/p>\n<p style=\"text-align: justify;\"><a href=\"http:\/\/www.cnnturk.com\/2012\/turkiye\/02\/07\/bu.heykeller.universiteden.sokuldu.mu\/648077.0\/index.html\" target=\"_blank\">Kaynak : CNN T\u00dcRK<\/a><\/p>\n","protected":false},"excerpt":{"rendered":"<p style=\"text-align: justify;\">\n<p style=\"text-align: justify;\">CHP \u0130stanbul Milletvekili Oktay Ek\u015fi, Milli E\u011fitim Bakan\u0131 \u00d6mer Din\u00e7er\u2019e, Dumlup\u0131nar \u00dcniversitesi yerle\u015fkesinin giri\u015finde bulunan mermer bloktan yontulmu\u015f &#8220;Aslan ve Kartal&#8221; heykelinin &#8220;Ermenistan\u2019\u0131n devlet armas\u0131&#8221; oldu\u011funu ileri s\u00fcren bir ki\u015finin &#8220;ihbar&#8221; mektubu \u00fczerine yerinden s\u00f6k\u00fclerek depoya at\u0131l\u0131p at\u0131lmad\u0131\u011f\u0131n\u0131 sordu. <\/p>\n","protected":false},"author":1,"featured_media":0,"comment_status":"open","ping_status":"open","sticky":false,"template":"","format":"standard","meta":{"footnotes":""},"categories":[105],"tags":[],"class_list":["post-48496","post","type-post","status-publish","format-standard","hentry","category-gundem","odd"],"_links":{"self":[{"href":"http:\/\/www.korhanyilmaz.com\/index.php?rest_route=\/wp\/v2\/posts\/48496","targetHints":{"allow":["GET"]}}],"collection":[{"href":"http:\/\/www.korhanyilmaz.com\/index.php?rest_route=\/wp\/v2\/posts"}],"about":[{"href":"http:\/\/www.korhanyilmaz.com\/index.php?rest_route=\/wp\/v2\/types\/post"}],"author":[{"embeddable":true,"href":"http:\/\/www.korhanyilmaz.com\/index.php?rest_route=\/wp\/v2\/users\/1"}],"replies":[{"embeddable":true,"href":"http:\/\/www.korhanyilmaz.com\/index.php?rest_route=%2Fwp%2Fv2%2Fcomments&post=48496"}],"version-history":[{"count":0,"href":"http:\/\/www.korhanyilmaz.com\/index.php?rest_route=\/wp\/v2\/posts\/48496\/revisions"}],"wp:attachment":[{"href":"http:\/\/www.korhanyilmaz.com\/index.php?rest_route=%2Fwp%2Fv2%2Fmedia&parent=48496"}],"wp:term":[{"taxonomy":"category","embeddable":true,"href":"http:\/\/www.korhanyilmaz.com\/index.php?rest_route=%2Fwp%2Fv2%2Fcategories&post=48496"},{"taxonomy":"post_tag","embeddable":true,"href":"http:\/\/www.korhanyilmaz.com\/index.php?rest_route=%2Fwp%2Fv2%2Ftags&post=48496"}],"curies":[{"name":"wp","href":"https:\/\/api.w.org\/{rel}","templated":true}]}}