{"id":48492,"date":"2012-02-07T13:06:21","date_gmt":"2012-02-07T11:06:21","guid":{"rendered":"http:\/\/www.korhanyilmaz.com\/?p=48492"},"modified":"2012-02-07T13:13:56","modified_gmt":"2012-02-07T11:13:56","slug":"bahceli-akp-suriyeye-mudahaleye-destek-oluyor","status":"publish","type":"post","link":"http:\/\/www.korhanyilmaz.com\/?p=48492","title":{"rendered":"Bah\u00e7eli: &#8220;AKP, Suriye&#8217;ye m\u00fcdahaleye destek oluyor&#8221;"},"content":{"rendered":"<p style=\"text-align: center;\"><a href=\"http:\/\/www.korhanyilmaz.com\/wp-content\/uploads\/2012\/02\/9702.jpg\"  class=\"lightview\"><img loading=\"lazy\" decoding=\"async\" class=\"aligncenter  wp-image-48493\" src=\"http:\/\/www.korhanyilmaz.com\/wp-content\/uploads\/2012\/02\/9702.jpg\" alt=\"\" width=\"315\" height=\"217\" \/><\/a><\/p>\n<p style=\"text-align: justify;\">Partisinin grup toplant\u0131s\u0131nda konu\u015fan MHP Genel Ba\u015fkan\u0131 Devlet Bah\u00e7eli, &#8220;AKP&#8217;nin sava\u015f \u00e7\u0131\u011f\u0131rtkanl\u0131\u011f\u0131 yapmas\u0131 ve kom\u015fu bir \u00fclkeye m\u00fcdahale niyetlerine destek olmas\u0131 kabul edilir gibi de\u011fildir&#8221; dedi. Bah\u00e7eli, AKP&#8217;yi, cumhuriyete dair ne varsa kar\u015f\u0131s\u0131na almakla da su\u00e7lad\u0131.<\/p>\n<p style=\"text-align: justify;\">Bah\u00e7eli, partisinin grup toplant\u0131s\u0131nda yapt\u0131\u011f\u0131 konu\u015fmada, kamuoyunda &#8220;Arap Bahar\u0131&#8221; olarak bilinen olaylara de\u011findi. Olaylar\u0131 &#8220;isyan ve halk hareketi olarak niteleyen Bah\u00e7eli, bu olaylar\u0131n yak\u0131n co\u011frafyalar\u0131 alt \u00fcst etti\u011fini ve olumlu beklenti i\u00e7inde olanlar\u0131 hayal k\u0131r\u0131kl\u0131\u011f\u0131na u\u011fratt\u0131\u011f\u0131n\u0131 savundu.<!--more--><\/p>\n<p style=\"text-align: justify;\">Bah\u00e7eli, &#8220;M\u0131s\u0131r&#8217;daki \u015fiddet sahneleri, dinmek bilmeyen olaylar, Tahrir felsefesine a\u015f\u0131r\u0131 anlam y\u00fckleyen herkesi mahcup etmi\u015f ve y\u00fczlerini k\u0131zartm\u0131\u015ft\u0131r. Libya&#8217;daki insan haklar\u0131 ihlalleri, i\u015fkenceler, cezaevlerinin dolup ta\u015fmas\u0131 bir di\u011fer sorun olarak kendisini g\u00f6stermektedir&#8221; diye konu\u015ftu.<\/p>\n<p style=\"text-align: justify;\">&#8220;K\u00fcresel i\u015ftah\u0131n hedefine ula\u015famad\u0131\u011f\u0131 Suriye&#8217;de cinayetlere ve insanl\u0131k dramlar\u0131na her g\u00fcn bir yenisi eklenmektedir&#8221; ifadesini kullanan Bah\u00e7eli, \u015f\u00f6yle devam etti:<\/p>\n<p style=\"text-align: justify;\">&#8220;M\u00fcbarek Mevlit Kandili&#8217;ni kar\u015f\u0131lad\u0131\u011f\u0131m\u0131z g\u00fcn, Humus kentinde say\u0131lar\u0131 300&#8217;e yakla\u015fan ki\u015finin sald\u0131r\u0131lara kurban gitmesi, insan\u0131m diyen herkesin, her vicdan sahibinin y\u00fcre\u011fini s\u0131zlatm\u0131\u015ft\u0131r. 11 ayd\u0131r s\u00fcren \u00e7at\u0131\u015fmalar ve \u00f6z itibariyle i\u00e7 sava\u015f olarak tan\u0131mlanmas\u0131 gereken Suriye&#8217;deki olaylar, Humus&#8217;taki vah\u015fet ve deh\u015fet tablosuyla kritik bir e\u015fi\u011fe gelmi\u015ftir. Bu cinayetin faillerini, azmettiricilerini k\u0131n\u0131yor ve buradan telin ediyorum. Humus&#8217;ta ya\u015fanan insanl\u0131k trajedisinin, tam 30 y\u0131l \u00f6nceki Hama felaketinin y\u0131ld\u00f6n\u00fcm\u00fcnde vuku bulmas\u0131n\u0131 mutlaka iyi de\u011ferlendirmek ve analiz etmek mecburiyeti vard\u0131r. Bize g\u00f6re, Suriye yang\u0131n\u0131 gittik\u00e7e geni\u015flerken, buradan \u015eam uzman\u0131 kesilenler, tam vak\u0131f olmad\u0131klar\u0131 bilgi k\u0131r\u0131nt\u0131lar\u0131yla ahkam kesenler yapt\u0131klar\u0131 yorumlar\u0131n nerelere varaca\u011f\u0131n\u0131 da iyi g\u00f6rmelidirler. Hele hele, Humus&#8217;taki cinayetlerin taraf\u0131 kesin olarak netle\u015fmeden, da\u011fa do\u011fru bir deyimle, sald\u0131r\u0131lar\u0131n muhaliflerden mi yoksa Esad rejiminden mi kaynakland\u0131\u011f\u0131 a\u00e7\u0131kl\u0131k kazanmadan, Bat\u0131&#8217;n\u0131n istedi\u011fi \u015fekilde de\u011ferlendirme yapanlar\u0131n, yak\u0131n co\u011frafyalar\u0131m\u0131zdaki bunal\u0131mda k\u00fc\u00e7\u00fck ya da b\u00fcy\u00fck oranda paylar\u0131 olaca\u011f\u0131n\u0131 unutmamalar\u0131 gerekmektedir.&#8221;<\/p>\n<p style=\"text-align: justify;\"><strong>&#8220;\u0130lk cephe alan&#8230;&#8221;\u00a0<\/strong><\/p>\n<p style=\"text-align: justify;\">&#8220;Suriye&#8217;de, ne olmu\u015ftur da \u015fimdi her yer kar\u0131\u015fm\u0131\u015f ve vah\u015fi eylemler, toplu infazlar belirgin hale gelmi\u015ftir?&#8221; sorusunu y\u00f6nelten Bah\u00e7eli, bu sorunun cevab\u0131n\u0131n, Ba\u015fbakan Recep Tayyip Erdo\u011fan&#8217;\u0131n, Suriye Devlet Ba\u015fkan\u0131 Be\u015f\u015far Esad ile karde\u015flikten birden bire nas\u0131l d\u00fc\u015fmanl\u0131\u011fa geldi\u011fini izah etmesiyle kendili\u011finden ortaya \u00e7\u0131kaca\u011f\u0131n\u0131 \u00f6ne s\u00fcrd\u00fc.<\/p>\n<p style=\"text-align: justify;\">&#8220;Suriye&#8217;ye hemen hemen ilk cephe alan\u0131n AKP h\u00fck\u00fcmeti oldu\u011funu&#8221; \u00f6ne s\u00fcren Bah\u00e7eli, s\u00f6zlerini \u015f\u00f6yle s\u00fcrd\u00fcrd\u00fc:<\/p>\n<p style=\"text-align: justify;\">&#8220;\u015eimdi merak\u0131m\u0131z Humus olaylar\u0131ndan sonra, D\u0131\u015fi\u015fleri Bakan\u0131&#8217;n\u0131n, &#8216;T\u00fcrkiye&#8217;nin \u00fczerine ne d\u00fc\u015f\u00fcyorsa yapaca\u011f\u0131&#8217; beyan\u0131nda toplanmaktad\u0131r. BM&#8217;yi g\u00f6reve \u00e7a\u011f\u0131ran, uluslararas\u0131 toplumun duyars\u0131z kalmamas\u0131n\u0131 bekleyen bu zihniyet, a\u00e7\u0131k\u00e7a askeri m\u00fcdahale \u015fak\u015fak\u00e7\u0131l\u0131\u011f\u0131 yapmakta, adresi malum \u00e7evrelere APS ile Suriye&#8217;yi vurun daveti g\u00f6ndermektedir. A\u00e7\u0131kt\u0131r ki b\u00f6ylesi bir bilin\u00e7 kaymas\u0131, tarihi ve telafisi asla olmayacak bir hata olarak tarihe ge\u00e7ecektir. AKP&#8217;nin sava\u015f \u00e7\u0131\u011f\u0131rtkanl\u0131\u011f\u0131 yapmas\u0131 ve kom\u015fu bir \u00fclkeye m\u00fcdahale niyetlerine destek olmas\u0131 kabul edilir gibi de\u011fildir. Suriye, kom\u015fu bir \u00fclke olarak kendi i\u00e7 dinamikleriyle meselelerini \u00e7\u00f6zmeli ve yan\u0131 ba\u015f\u0131m\u0131zda yeni bir i\u015fgal giri\u015fimi asla olmamal\u0131d\u0131r. Irak tecr\u00fcbesi bizim i\u00e7in yeterince \u00f6\u011fretici ve ders verici niteliktedir. AKP, yaln\u0131zca muhalifleri dikkate alan ve kollayan tarz\u0131ndan vazge\u00e7erek, geni\u015f bir diyalog ve ileti\u015fim ortam\u0131 i\u00e7in uluslararas\u0131 \u00e7evreleri harekete ge\u00e7irmeli ve Suriye&#8217;nin kanl\u0131 bir i\u015fgalin i\u00e7ine d\u00fc\u015fmesi mutlaka \u00f6nlenmelidir. Suriye&#8217;ye k\u00fcresel g\u00fc\u00e7lerin \u015fekil ve d\u00fczen vermesi yerine, taraflar\u0131n g\u00fcd\u00fcml\u00fc ve \u00f6n yarg\u0131l\u0131 tav\u0131rlar\u0131ndan \u00e7\u0131kmas\u0131 ve vakit \u00e7ok ge\u00e7 olmadan inisiyatif almalar\u0131 gerekmektedir. Geldi\u011fimiz bug\u00fcnk\u00fc a\u015famada, t\u00fcm kartlar, Suriye&#8217;deki rejimin d\u00fc\u015fmesi, y\u00f6netimin tasfiye olmas\u0131 \u00fczerine da\u011f\u0131t\u0131lm\u0131\u015ft\u0131r. Ku\u015fkuya yer b\u0131rakmayacak bi\u00e7imde ifade etmek laz\u0131md\u0131r ki, Suriye&#8217;de olaylar kritik bir evreye dayanm\u0131\u015ft\u0131r.&#8221;<\/p>\n<p style=\"text-align: justify;\"><strong>&#8220;AKP, Damat Ferit&#8217;in izinde&#8221;\u00a0<\/strong><\/p>\n<p style=\"text-align: justify;\">Bah\u00e7eli, &#8220;AKP men\u015feli d\u00fczeysiz polemiklerin, vahamet derecesi y\u00fcksek tekliflerin, milletin kabullerine han\u00e7er vuran ars\u0131zl\u0131klar\u0131n, manidar bir \u015fekilde hep belirli a\u011f\u0131zlardan \u00e7\u0131kt\u0131\u011f\u0131n\u0131&#8221; \u00f6ne s\u00fcrd\u00fc. &#8220;Bu kapsamda, Gen\u00e7li\u011fe Hitabe ve And\u0131m\u0131z \u00fczerinden servis edilen proje ve kanaatler bir hayli etkinlik kazanm\u0131\u015ft\u0131r&#8221; ifadesini kullanan Bah\u00e7eli, \u015f\u00f6yle devam etti:<\/p>\n<p style=\"text-align: justify;\">&#8220;AKP&#8217;nin g\u00f6revli beyanat\u00e7\u0131s\u0131, &#8216;Gen\u00e7li\u011fe Hitabe&#8217;yi tart\u0131\u015fmak laz\u0131m&#8217; diyerek, durduk yerde yeni bir \u00e7eki\u015fmenin ve kutupla\u015fman\u0131n kurdelesini kesmi\u015ftir. \u00d6ncelikle ifade etmek isterim ki tart\u0131\u015fmam\u0131z gereken Gen\u00e7li\u011fe Hitabe de\u011fil, AKP&#8217;nin seviyesizlikleri, sevimsizli\u011fi, H\u00fcrriyet ve \u0130tilaf\u00e7\u0131l\u0131kla \u00f6rt\u00fc\u015fen \u015faibeli karakteridir. D\u00fcn\u00fcn milli m\u00fccadelesinin \u00f6n\u00fcne ta\u015f koyan, d\u00fc\u015fman s\u00fcng\u00fclerine siper olan, teslim bayra\u011f\u0131n\u0131 kald\u0131rarak son vatan\u0131m\u0131z\u0131 pe\u015fke\u015f \u00e7eken H\u00fcrriyet ve \u0130tilaf\u00e7\u0131 \u00e7\u00fcr\u00fcm\u00fc\u015fl\u00fck AKP&#8217;de tekrar vasat bulmu\u015ftur. A\u00e7\u0131k bir \u015fekilde s\u00f6ylemek laz\u0131md\u0131r ki AKP, Damat Ferit&#8217;in izinden, Milliyet\u00e7i Hareket de Mustafa Kemal&#8217;in felsefesinden feyiz almaktad\u0131r. Bu nedenle, AKP s\u00f6zc\u00fcleri taraf\u0131ndan if\u015fa edilen, &#8216;Atat\u00fcrk;\u00fc kanunla sevdiremezsiniz, Atat\u00fcrk&#8217;\u00fc koruma kanunu ne b\u00fcy\u00fck h\u00fcsran ve garip bir durum. Peygamberi bile koruma kanunu yok&#8221; s\u00f6zlerinin esasen yad\u0131rganacak bir taraf\u0131 olmayacakt\u0131r. Hemen s\u00f6ylemelim ki Peygamber efendimizin, rahmet ve ma\u011ffiret el\u00e7isinin b\u00f6ylesine \u00e7aps\u0131z, d\u00fc\u015f\u00fck ve beyhude tart\u0131\u015fmalara konu edilmesi g\u00fcnah ve ay\u0131pt\u0131r. T\u00fcrk milleti Atat\u00fcrk&#8217;\u00fc de kanunlarla sevmemi\u015f ve sahiplenmemi\u015ftir. &#8216;Yetmez ama evet&#8217; deniliyorsa oldu olacak, cans\u0131z bir vatan, kans\u0131z ve ruhsuz bir millet olal\u0131m, malum \u00e7evreler de rahata ersin, himayesi alt\u0131nda bulunduklar\u0131 da \u00f6zlemlerine kavu\u015fsun. \u0130sterseniz ve takdir buyurursan\u0131z, emperyalist m\u00fczayede yoluyla \u015ferefimizi, haysiyetimizi ve mukadderat\u0131m\u0131z\u0131 da devredelim ve her \u015feyden vazge\u00e7erek topyekun yok olal\u0131m.&#8221;<\/p>\n<p style=\"text-align: justify;\"><strong>&#8220;Ne zaman ba\u015f\u0131 s\u0131k\u0131\u015fsa&#8230;&#8221;\u00a0<\/strong><\/p>\n<p style=\"text-align: justify;\">Atat\u00fcrk&#8217;\u00fcn, Gen\u00e7li\u011fe Hitabe&#8217;de, &#8220;memleketimizin dahilinde, iktidara sahip olanlar\u0131n gaflet ve dalalet ve hatta h\u0131yanet i\u00e7inde olabileceklerini ifade etti\u011fini&#8221; an\u0131msatan Bah\u00e7eli, &#8220;Bu g\u00fcruhun, \u015fahsi menfaatlerini, istilac\u0131lar\u0131n siyasi emelleriyle birle\u015ftirebilece\u011fi konusunda da hepimizi, hayrete d\u00fc\u015f\u00fcren bir tespit maharetiyle uyarm\u0131\u015ft\u0131r. Bu ayaklar\u0131 yere basan ve isabetli te\u015fhislerden dolay\u0131 Gen\u00e7li\u011fe Hitabe iktidar \u00e7evrelerinde rahats\u0131zl\u0131k yaratmaktad\u0131r&#8221; \u015feklinde<\/p>\n<p style=\"text-align: justify;\">konu\u015ftu. T\u00fcrk milletinin y\u0131k\u0131lmas\u0131n\u0131 g\u00f6zleyenlerin ba\u015faramayacaklar\u0131n\u0131, d\u00f6nemsel kuvvetlerine g\u00fcvenmelerinin bir i\u015fe yaramayaca\u011f\u0131n\u0131 savunan Bah\u00e7eli, s\u00f6zlerini \u015f\u00f6yle s\u00fcrd\u00fcrd\u00fc:<\/p>\n<p style=\"text-align: justify;\">&#8220;And\u0131m\u0131z\u0131 kald\u0131rmay\u0131, okullarda Atat\u00fcrk k\u00f6\u015felerini \u00e7\u00f6kertmeyi kafas\u0131na koyan AKP, bu gidi\u015fle kurdu\u011fu tuzaklara kendisi d\u00fc\u015fecek ve &#8216;T\u00fcrk\u00fcm, do\u011fruyum&#8217; nidalar\u0131n\u0131n r\u00fczgar\u0131nda savrulmaktan ka\u00e7amayacakt\u0131r. AKP h\u00fck\u00fcmeti, hangi \u015firret projeyi uygularsa uygulas\u0131n, T\u00fcrk milletiyle b\u00fct\u00fcnle\u015fmi\u015f milli de\u011ferlere ne \u015fekilde el uzat\u0131rsa uzats\u0131n, Milliyet\u00e7i Hareket Partisi&#8217;nin iktidar\u0131nda t\u00fcm pislikler temizlenecek, yanl\u0131\u015flar d\u00fczeltilecek ve iade-i itibar mutlaka sa\u011flanacakt\u0131r.<\/p>\n<p style=\"text-align: justify;\">Cumhuriyet ile hesapla\u015fma i\u00e7erisinde olanlar hemen sevinmesinler, zira hevesleri g\u00fcn gelecek kursaklar\u0131nda kalacakt\u0131r. AKP de yapt\u0131klar\u0131n\u0131n, i\u015fbirlik\u00e7ili\u011finin ve \u00e7\u00f6z\u00fclmedeki \u0131srar\u0131n\u0131n hesab\u0131n\u0131 hukuk \u00f6n\u00fcnde mutlaka<\/p>\n<p style=\"text-align: justify;\">\u00f6deyecektir. AKP&#8217;nin k\u0131\u015fk\u0131rtt\u0131\u011f\u0131 ihtilaflar, tahrik etti\u011fi hizipler, her \u015feyden \u00f6nce bin y\u0131ll\u0131k karde\u015flik hukukumuzun surlar\u0131n\u0131 ve i\u00e7eri\u011fini zedelemi\u015ftir. \u0130nan\u00e7 hortumculu\u011fu, maneviyat tacirli\u011fi hep bu s\u00fcrecin bir mahsul\u00fc olmu\u015ftur. AKP ne zaman s\u0131k\u0131\u015fsa, Anamuhalefet Partisi CHP cankurtaran gibi yeti\u015fmi\u015f, tezgah alt\u0131 siyaset ili\u015fkisiyle kendisine pist olmu\u015f ve suni teneff\u00fcs yapm\u0131\u015ft\u0131r. Ne kadar inkar edilse de CHP nehri, AKP de\u011firmeni durunca, tahliye vanalar\u0131n\u0131 a\u00e7m\u0131\u015f ve iktidar\u0131n \u00e7arklar\u0131n\u0131 \u00e7evirmi\u015ftir. CHP, AKP&#8217;nin serumudur, yo\u011fun bak\u0131m n\u00f6bet\u00e7isi ve karanl\u0131k sokaklardaki te\u015frifat\u00e7\u0131s\u0131d\u0131r. Parti olarak, T\u00fcrk gen\u00e7li\u011finin hem manevi hem de milli de\u011ferlere sahip olmas\u0131n\u0131 istememiz ve bunu da hedefledi\u011fimiz net ve tart\u0131\u015fmas\u0131zd\u0131r.&#8221;<\/p>\n<p style=\"text-align: justify;\">MHP&#8217;nin dinine ba\u011fl\u0131 olanlar\u0131n g\u00fcvencesi, bunun d\u0131\u015f\u0131nda kalanlar\u0131n da sigortas\u0131 olduklar\u0131n\u0131 vurgulayan Bah\u00e7eli, &#8220;Bizim i\u00e7in tabiidir ki vazge\u00e7meyece\u011fimiz hedef; milli ve manevi de\u011ferleri alm\u0131\u015f, \u00f6\u011frenmi\u015f ve bunun gere\u011fini yapan bir neslin var olmas\u0131d\u0131r&#8221; dedi.<\/p>\n<p style=\"text-align: justify;\"><strong>&#8220;AKP, cumhuriyetin temellerine suikast d\u00fczenliyor&#8221;\u00a0<\/strong><\/p>\n<p style=\"text-align: justify;\">&#8220;Ger\u00e7ekler ayan beyan ortaya \u00e7\u0131km\u0131\u015ft\u0131r ki AKP, Cumhuriyet&#8217;e ait ve dair ne varsa kar\u015f\u0131s\u0131na almakta ve h\u0131rpalamaktad\u0131r&#8221; ifadesini kullanan Bah\u00e7eli, &#8220;Bu zihniyet alg\u0131s\u0131yla birlikte, \u00e7irkeflik ad\u0131m ad\u0131m g\u00fc\u00e7lenmi\u015f, \u00e7amur siyaseti h\u0131zla zemin bulmu\u015f, iftira ve hakaret vir\u00fcs\u00fc salg\u0131n haline gelmi\u015ftir. Meselenin i\u00e7imizi ac\u0131tan ve yakan en bariz taraf\u0131 da, AKP&#8217;nin, Cumhuriyet&#8217;in temellerine alenen ve hi\u00e7bir korkuya kap\u0131lmadan suikast d\u00fczenlemesi olmu\u015ftur&#8221; diye konu\u015ftu.<\/p>\n<p style=\"text-align: justify;\">&#8220;23 Nisan, 30 A\u011fustos ve 29 Ekim&#8217;in etraf\u0131n\u0131n sar\u0131lmas\u0131ndan sonra s\u0131ra Gazi Mustafa Kemal Atat\u00fcrk&#8217;\u00fcn Samsun&#8217;a \u00e7\u0131k\u0131\u015f tarihine geldi\u011fini&#8221; \u00f6ne s\u00fcren Bah\u00e7eli, s\u00f6zlerini \u015f\u00f6yle s\u00fcrd\u00fcrd\u00fc:<\/p>\n<p style=\"text-align: justify;\">&#8220;Bildi\u011finiz \u00fczere, yaln\u0131zca s\u0131fat\u0131nda millilik vasf\u0131 kalan E\u011fitim Bakanl\u0131\u011f\u0131, 19 May\u0131s t\u00f6renlerinin Ankara d\u0131\u015f\u0131ndaki illerde an\u0131lmas\u0131n\u0131n \u00f6n\u00fcne ge\u00e7mi\u015f ve sorunlu bir karara imza atm\u0131\u015ft\u0131r. Ba\u015fbakan Erdo\u011fan, bizim, kendilerinin millet ve vatan sevgisini, memleket sevdas\u0131n\u0131 \u00f6l\u00e7ecek kalibrede olmad\u0131\u011f\u0131m\u0131z\u0131 dile getirmi\u015ftir. Do\u011frudur, biz Say\u0131n Ba\u015fbakan&#8217;\u0131n ve zihniyetinin vatan ve millet sevgisini \u00f6l\u00e7ecek kalibrede de\u011filiz. \u00c7\u00fcnk\u00fc, biz olmayan bir \u015feyi \u00f6l\u00e7ecek durumda ve seviyede de\u011filiz.<\/p>\n<p style=\"text-align: justify;\">Netice itibariyle, 19 May\u0131s t\u00f6renlerinin, \u00f6\u011frencilere ve ailelerine s\u00f6zde k\u00fclfet getirmesi, e\u011fitim ve \u00f6\u011fretim s\u00fcrecini olumsuz etkilemesi ve so\u011fuk hava \u015fartlar\u0131 gibi bahanelere s\u0131\u011f\u0131n\u0131larak k\u0131s\u0131tlanmas\u0131 planlanm\u0131\u015ft\u0131r. Elbette bunlar,<\/p>\n<p style=\"text-align: justify;\">AKP&#8217;nin kendi ucube g\u00f6r\u00fc\u015f\u00fc olmakla birlikte, yanl\u0131\u015f\u0131 savunmaya d\u00f6n\u00fck mazeret kurgusundan \u00f6te bir anlam ta\u015f\u0131mayacakt\u0131r. \u015euras\u0131 \u00fczeri \u00f6rt\u00fclemeyecek kadar a\u00e7\u0131k bir ger\u00e7ektir ki 19 May\u0131s kutlamalar\u0131ndan rahats\u0131zl\u0131k duyulmas\u0131n\u0131n gerisinde 29 Ekim 1923 tarihine d\u00f6n\u00fck k\u0131zg\u0131nl\u0131k bulunmaktad\u0131r.Bizim nazar\u0131m\u0131zda, kurtulu\u015f m\u00fccadelesinin mehabetini ve muhte\u015femli\u011fini sarsmaya d\u00f6n\u00fck her niyet sahibi, d\u00fcnk\u00fc i\u015fgal kuvvetlerinin bug\u00fcne yans\u0131yan bakiyesidir, art\u0131\u011f\u0131d\u0131r ve geride kalan kal\u0131nt\u0131s\u0131d\u0131r. 19 May\u0131s&#8217;a, Cumhuriyet&#8217;e ve T\u00fcrk milletine kar\u015f\u0131 haz\u0131m zorunu ya\u015fayan kim varsa, bug\u00fcn k\u00fcllerinden yeniden dirilmi\u015ftir.&#8221;<\/p>\n<p style=\"text-align: justify;\"><a href=\"http:\/\/www.cnnturk.com\/2012\/turkiye\/02\/07\/bahceli.akp.suriyeye.mudahaleye.destek.oluyor\/648111.0\/index.html\" target=\"_blank\">Kaynak : CNN T\u00dcRK<\/a><\/p>\n","protected":false},"excerpt":{"rendered":"<p style=\"text-align: center;\">\n<p style=\"text-align: justify;\">Partisinin grup toplant\u0131s\u0131nda konu\u015fan MHP Genel Ba\u015fkan\u0131 Devlet Bah\u00e7eli, &#8220;AKP&#8217;nin sava\u015f \u00e7\u0131\u011f\u0131rtkanl\u0131\u011f\u0131 yapmas\u0131 ve kom\u015fu bir \u00fclkeye m\u00fcdahale niyetlerine destek olmas\u0131 kabul edilir gibi de\u011fildir&#8221; dedi. Bah\u00e7eli, AKP&#8217;yi, cumhuriyete dair ne varsa kar\u015f\u0131s\u0131na almakla da su\u00e7lad\u0131.<\/p>\n<p style=\"text-align: justify;\">Bah\u00e7eli, partisinin grup toplant\u0131s\u0131nda yapt\u0131\u011f\u0131 konu\u015fmada, kamuoyunda &#8220;Arap Bahar\u0131&#8221; olarak bilinen olaylara <\/p>\n","protected":false},"author":1,"featured_media":0,"comment_status":"open","ping_status":"open","sticky":false,"template":"","format":"standard","meta":{"footnotes":""},"categories":[105],"tags":[],"class_list":["post-48492","post","type-post","status-publish","format-standard","hentry","category-gundem","odd"],"_links":{"self":[{"href":"http:\/\/www.korhanyilmaz.com\/index.php?rest_route=\/wp\/v2\/posts\/48492","targetHints":{"allow":["GET"]}}],"collection":[{"href":"http:\/\/www.korhanyilmaz.com\/index.php?rest_route=\/wp\/v2\/posts"}],"about":[{"href":"http:\/\/www.korhanyilmaz.com\/index.php?rest_route=\/wp\/v2\/types\/post"}],"author":[{"embeddable":true,"href":"http:\/\/www.korhanyilmaz.com\/index.php?rest_route=\/wp\/v2\/users\/1"}],"replies":[{"embeddable":true,"href":"http:\/\/www.korhanyilmaz.com\/index.php?rest_route=%2Fwp%2Fv2%2Fcomments&post=48492"}],"version-history":[{"count":0,"href":"http:\/\/www.korhanyilmaz.com\/index.php?rest_route=\/wp\/v2\/posts\/48492\/revisions"}],"wp:attachment":[{"href":"http:\/\/www.korhanyilmaz.com\/index.php?rest_route=%2Fwp%2Fv2%2Fmedia&parent=48492"}],"wp:term":[{"taxonomy":"category","embeddable":true,"href":"http:\/\/www.korhanyilmaz.com\/index.php?rest_route=%2Fwp%2Fv2%2Fcategories&post=48492"},{"taxonomy":"post_tag","embeddable":true,"href":"http:\/\/www.korhanyilmaz.com\/index.php?rest_route=%2Fwp%2Fv2%2Ftags&post=48492"}],"curies":[{"name":"wp","href":"https:\/\/api.w.org\/{rel}","templated":true}]}}