{"id":48456,"date":"2012-02-05T16:38:07","date_gmt":"2012-02-05T14:38:07","guid":{"rendered":"http:\/\/www.korhanyilmaz.com\/?p=48456"},"modified":"2012-02-06T00:27:54","modified_gmt":"2012-02-05T22:27:54","slug":"yasasin-zalimler-icin-cehennem","status":"publish","type":"post","link":"http:\/\/www.korhanyilmaz.com\/?p=48456","title":{"rendered":"&#8216;Ya\u015fas\u0131n zalimler i\u00e7in cehennem&#8217;"},"content":{"rendered":"<p style=\"text-align: center;\"><a href=\"http:\/\/www.korhanyilmaz.com\/wp-content\/uploads\/2012\/02\/9629.jpg\"  class=\"lightview\"><img loading=\"lazy\" decoding=\"async\" class=\"aligncenter  wp-image-48458\" src=\"http:\/\/www.korhanyilmaz.com\/wp-content\/uploads\/2012\/02\/9629.jpg\" alt=\"\" width=\"381\" height=\"196\" \/><\/a><\/p>\n<p style=\"text-align: justify;\">Suriye ordusunun Humus kentinde d\u00fczenledi\u011fi operasyonda 200&#8217;den fazla ki\u015finin \u00f6l\u00fcm\u00fcne neden olmas\u0131n\u0131 de\u011ferlendiren Ba\u015fbakan Yard\u0131mc\u0131s\u0131 B\u00fclent Ar\u0131n\u00e7, Suriye halk\u0131n\u0131n tek \u00fcmidinin T\u00fcrkiye oldu\u011funu s\u00f6yledi. Ar\u0131n\u00e7, Suriye konusunda Said Nursi&#8217;nin &#8220;Ya\u015fas\u0131n zalimler i\u00e7in cehennem&#8221; s\u00f6zlerini hat\u0131rlatt\u0131.<!--more--><\/p>\n<p style=\"text-align: justify;\">Ba\u015fbakan Yard\u0131mc\u0131s\u0131 B\u00fclent Ar\u0131n\u00e7, &#8221;Bedi\u00fczzaman Hazretleri \u00f6yle diyor; &#8216;Ya\u015fas\u0131n zalimler i\u00e7in cehennem.&#8217; Hi\u00e7bir zaman zalimlerle birlikte olmayaca\u011f\u0131z. Biz zalimlerden yana de\u011filiz, mazlumlardan yanay\u0131z. Her zaman zulme u\u011fram\u0131\u015f insanlar hangi \u00fclkede hangi co\u011frafyada ya\u015f\u0131yorsa ya\u015fas\u0131n T\u00fcrk milleti hep mazlumun yan\u0131ndad\u0131r. Hi\u00e7bir zaman zalimin emrinde olmam\u0131\u015ft\u0131r&#8221; \u015feklinde konu\u015ftu.<\/p>\n<p style=\"text-align: justify;\">&#8221;Suriye halk\u0131n\u0131n da, bu zulme u\u011fram\u0131\u015f mazlum insanlar\u0131n da, tek \u00fcmidi T\u00fcrk milletidir, T\u00fcrkiye&#8217;dir&#8221; diyen Ba\u015fbakan yard\u0131mc\u0131s\u0131 B\u00fclent Ar\u0131n\u00e7, &#8220;K\u00fcf\u00fcr devam eder zul\u00fcm devam etmez. Zalimler bir g\u00fcn y\u0131k\u0131l\u0131p gideceklerdir&#8221; dedi.<\/p>\n<p style=\"text-align: justify;\"><strong>BOZDA\u011e&#8217;DAN SUR\u0130YE&#8217;DEK\u0130 \u015e\u0130DDETE TEPK\u0130<\/strong><\/p>\n<p style=\"text-align: justify;\">Ba\u015fbakan Yard\u0131mc\u0131s\u0131 Bekir Bozda\u011f da, Suriye&#8217;de ya\u015fanan olaylar\u0131n kayg\u0131 verici oldu\u011funu belirterek, &#8220;Bir y\u00f6netim kendi halk\u0131n\u0131 \u00f6ld\u00fcr\u00fcrse, masum insanlar\u0131n \u00fczerine silah do\u011frultursa me\u015fruiyetini kaybeder&#8221; dedi.<\/p>\n<p style=\"text-align: justify;\">Suriye&#8217;de sorunlar\u0131n \u00e7\u00f6z\u00fcm\u00fc i\u00e7in at\u0131lmas\u0131 gereken pek \u00e7ok ad\u0131m\u0131n oldu\u011funa dikkati \u00e7eken Bozda\u011f, bunlar\u0131n karar\u0131n\u0131n ise Suriyeliler taraf\u0131ndan verilmesi gerekti\u011fini belirtti.<\/p>\n<p style=\"text-align: justify;\">Sorunlar\u0131n ana nedenlerinden birisinin mevcut y\u00f6netimin kendi insanlar\u0131na silah do\u011frultmas\u0131 oldu\u011funu s\u00f6yleyen Bozda\u011f, &#8220;Bu ba\u015fl\u0131 ba\u015f\u0131na fecaat bir durumdur. Ama pek \u00e7ok neden var. Suriye&#8217;de sorunlar\u0131n \u00e7\u00f6z\u00fclmesi i\u00e7in pek \u00e7ok yap\u0131lmas\u0131 gereken olacakt\u0131r. Bunun karar\u0131n\u0131 da Suriyelilerin vermesi laz\u0131m&#8221; ifadelerini kulland\u0131.<\/p>\n<p style=\"text-align: justify;\"><a href=\"http:\/\/www.ntvmsnbc.com\/id\/25319536\" target=\"_blank\">Kaynak : NTVMSNBC<\/a><\/p>\n","protected":false},"excerpt":{"rendered":"<p style=\"text-align: center;\">\n<p style=\"text-align: justify;\">Suriye ordusunun Humus kentinde d\u00fczenledi\u011fi operasyonda 200&#8217;den fazla ki\u015finin \u00f6l\u00fcm\u00fcne neden olmas\u0131n\u0131 de\u011ferlendiren Ba\u015fbakan Yard\u0131mc\u0131s\u0131 B\u00fclent Ar\u0131n\u00e7, Suriye halk\u0131n\u0131n tek \u00fcmidinin T\u00fcrkiye oldu\u011funu s\u00f6yledi. Ar\u0131n\u00e7, Suriye konusunda Said Nursi&#8217;nin &#8220;Ya\u015fas\u0131n zalimler i\u00e7in cehennem&#8221; s\u00f6zlerini hat\u0131rlatt\u0131.<\/p>\n","protected":false},"author":1,"featured_media":0,"comment_status":"open","ping_status":"open","sticky":false,"template":"","format":"standard","meta":{"footnotes":""},"categories":[105],"tags":[117],"class_list":["post-48456","post","type-post","status-publish","format-standard","hentry","category-gundem","tag-bulent-arinc","odd"],"_links":{"self":[{"href":"http:\/\/www.korhanyilmaz.com\/index.php?rest_route=\/wp\/v2\/posts\/48456","targetHints":{"allow":["GET"]}}],"collection":[{"href":"http:\/\/www.korhanyilmaz.com\/index.php?rest_route=\/wp\/v2\/posts"}],"about":[{"href":"http:\/\/www.korhanyilmaz.com\/index.php?rest_route=\/wp\/v2\/types\/post"}],"author":[{"embeddable":true,"href":"http:\/\/www.korhanyilmaz.com\/index.php?rest_route=\/wp\/v2\/users\/1"}],"replies":[{"embeddable":true,"href":"http:\/\/www.korhanyilmaz.com\/index.php?rest_route=%2Fwp%2Fv2%2Fcomments&post=48456"}],"version-history":[{"count":0,"href":"http:\/\/www.korhanyilmaz.com\/index.php?rest_route=\/wp\/v2\/posts\/48456\/revisions"}],"wp:attachment":[{"href":"http:\/\/www.korhanyilmaz.com\/index.php?rest_route=%2Fwp%2Fv2%2Fmedia&parent=48456"}],"wp:term":[{"taxonomy":"category","embeddable":true,"href":"http:\/\/www.korhanyilmaz.com\/index.php?rest_route=%2Fwp%2Fv2%2Fcategories&post=48456"},{"taxonomy":"post_tag","embeddable":true,"href":"http:\/\/www.korhanyilmaz.com\/index.php?rest_route=%2Fwp%2Fv2%2Ftags&post=48456"}],"curies":[{"name":"wp","href":"https:\/\/api.w.org\/{rel}","templated":true}]}}