{"id":48441,"date":"2012-02-05T22:31:44","date_gmt":"2012-02-05T20:31:44","guid":{"rendered":"http:\/\/www.korhanyilmaz.com\/?p=48441"},"modified":"2012-02-05T22:54:42","modified_gmt":"2012-02-05T20:54:42","slug":"kadikoyde-olayli-derbi","status":"publish","type":"post","link":"http:\/\/www.korhanyilmaz.com\/?p=48441","title":{"rendered":"Kad\u0131k\u00f6y&#8217;de olayl\u0131 derbi"},"content":{"rendered":"<p style=\"text-align: center;\"><a href=\"http:\/\/www.korhanyilmaz.com\/wp-content\/uploads\/2012\/02\/9625.jpg\"  class=\"lightview\"><img loading=\"lazy\" decoding=\"async\" class=\"aligncenter  wp-image-48442\" src=\"http:\/\/www.korhanyilmaz.com\/wp-content\/uploads\/2012\/02\/9625.jpg\" alt=\"\" width=\"307\" height=\"236\" \/><\/a><\/p>\n<p style=\"text-align: justify;\">Spor Toto S\u00fcper Lig&#8217;de Fenerbah\u00e7e ile Be\u015fikta\u015f aras\u0131nda oynanacak derbi ma\u00e7 \u00f6ncesinde iki tak\u0131m taraftarlar\u0131 aras\u0131nda metrob\u00fcs hatt\u0131nda gerginlik ya\u015fand\u0131.Taraftarlar aras\u0131ndaki gerginlik devre aras\u0131nda da devam etti. Trib\u00fcnlerde iki tak\u0131m taraftarlar\u0131 aras\u0131nda at\u0131lan me\u015faleler nedeniyle yaralanan taraftarlar hastaneye g\u00f6t\u00fcr\u00fcld\u00fc.<!--more--><\/p>\n<p style=\"text-align: justify;\">Avrupa yakas\u0131ndan stada gitmek i\u00e7in metrob\u00fcs\u00fc kullanan iki tak\u0131m taraftarlar\u0131, Zincirlikuyu dura\u011f\u0131nda emniyet g\u00fc\u00e7leri taraf\u0131ndan farkl\u0131 b\u00f6l\u00fcmlerde tutuldu.<\/p>\n<p style=\"text-align: justify;\">Taraftarlar, ayr\u0131 ayr\u0131 ara\u00e7larla stada hareket ederken yol boyunca gerginlikler ya\u015fand\u0131. Emniyet g\u00fc\u00e7lerinin yanl\u0131\u015f planlamas\u0131 sonucu iki tak\u0131m taraftarlar\u0131 pe\u015f pe\u015fe giden metrob\u00fcslere binerken, taraftarlar aras\u0131nda kar\u015f\u0131l\u0131kl\u0131 at\u0131\u015fmalar oldu.<\/p>\n<p style=\"text-align: justify;\">Be\u015fikta\u015fl\u0131 taraftarlar, bulunduklar\u0131 ara\u00e7lar\u0131n camlar\u0131n\u0131 tamamen k\u0131rarken, stada yak\u0131n bulunan S\u00f6\u011f\u00fctl\u00fc\u00e7e\u015fme dura\u011f\u0131nda da yeterli g\u00fcvenlik \u00f6nleminin al\u0131nmamas\u0131 sonras\u0131nda taraftarlar kar\u015f\u0131 kar\u015f\u0131ya geldi. Siyah-beyazl\u0131 taraftarlar, burada Fenerbah\u00e7eli taraftarlar\u0131n bulundu\u011fu ara\u00e7lar ile otoyoldaki baz\u0131 sivil ara\u00e7lara sald\u0131rd\u0131. Arbede s\u0131ras\u0131nda baz\u0131 ara\u00e7lar\u0131n camlar\u0131 k\u0131r\u0131l\u0131rken, \u00f6zellikle \u00e7ocuklar\u0131 ile birlikte ma\u00e7a gelen taraftarlar\u0131n b\u00fcy\u00fck korku ya\u015fad\u0131klar\u0131 g\u00f6r\u00fcld\u00fc.<\/p>\n<p style=\"text-align: justify;\"><strong>-Dostluk bozuldu-\u00a0<\/strong><\/p>\n<p style=\"text-align: justify;\">Derbi ma\u00e7 \u00f6ncesi d\u00fcn bir araya gelen iki tak\u0131m taraftarlar\u0131n\u0131n dostluk g\u00f6sterisi, \u00f6zellikle metrob\u00fcs hatt\u0131nda ya\u015fanan olaylar nedeniyle zedelendi. Sezonun ilk yar\u0131s\u0131nda al\u0131nan &#8216;derbi ma\u00e7lara deplasman tak\u0131m taraftar\u0131n\u0131n al\u0131nmamas\u0131&#8217; uygulamas\u0131na ra\u011fmen, iki kul\u00fcp y\u00f6netiminin ortak karar\u0131 ile siyah-beyazl\u0131 taraftarlar\u0131n ma\u00e7\u0131 statta izleyebilmesi sa\u011flanm\u0131\u015ft\u0131.<\/p>\n<p style=\"text-align: justify;\">\u00d6te yandan, emniyet g\u00fc\u00e7lerinin metrob\u00fcsleri taraftarlar i\u00e7in tahsis etmesi nedeniyle metrob\u00fcs hatt\u0131nda ya\u015fanan yo\u011funluk duraklarda bekleyen vatanda\u015flar\u0131 etkiledi.<\/p>\n<p style=\"text-align: justify;\"><strong>Olaylar trib\u00fcnde de devam etti\u00a0<\/strong><\/p>\n<p style=\"text-align: justify;\">Spor Toto S\u00fcper Lig&#8217;de Fenerbah\u00e7e ile Be\u015fikta\u015f aras\u0131nda yap\u0131lan m\u00fccadelenin devre aras\u0131nda, trib\u00fcnlerde iki tak\u0131m taraftarlar\u0131 aras\u0131nda at\u0131lan me\u015faleler nedeniyle gerginlik ya\u015fan\u0131rken, yaralanan taraftarlar hastaneye g\u00f6t\u00fcr\u00fcld\u00fc.<\/p>\n<p style=\"text-align: justify;\">Fenerbah\u00e7e \u015e\u00fckr\u00fc Saraco\u011flu Stad\u0131&#8217;n\u0131n Migros kale arkas\u0131 trib\u00fcn\u00fcn\u00fcn sol k\u00f6\u015fesinde bulunan Be\u015fikta\u015fl\u0131 taraftarlar ile onlara yak\u0131n b\u00f6l\u00fcmdeki Fenerbah\u00e7eli taraftarlar aras\u0131nda gerginlikler ya\u015fand\u0131.<\/p>\n<p style=\"text-align: justify;\">At\u0131lan me\u015faleler nedeniyle bu b\u00f6l\u00fcmde dumanlar y\u00fckselirken, iki tak\u0131m trib\u00fcn\u00fcnden de rahats\u0131zlanan taraftarlar oldu. Rahats\u0131zlanan taraftarlar g\u00fcvenlik ekiplerince trib\u00fcnden al\u0131narak stadyum d\u0131\u015f\u0131na \u00e7\u0131kar\u0131ld\u0131 ve hastaneye g\u00f6t\u00fcr\u00fcld\u00fc. Trib\u00fcnde iki tak\u0131m taraftarlar\u0131 aras\u0131nda ya\u015fanan gerginlik sonras\u0131, g\u00fcvenlik nedeniyle bo\u015f b\u0131rak\u0131lan b\u00f6lgeye takviye \u00e7evik kuvvet ekibi\u00a0yerle\u015ftirildi.<\/p>\n<p style=\"text-align: justify;\">Kar\u015f\u0131la\u015fman\u0131n 67. dakikas\u0131 oynan\u0131rken, Be\u015fikta\u015f trib\u00fcn\u00fc \u00f6n\u00fcnde as\u0131lan pankart yanmaya ba\u015flad\u0131. Alevlerin artt\u0131\u011f\u0131 s\u0131rada yap\u0131lan m\u00fcdahaleyle yang\u0131n s\u00f6nd\u00fcr\u00fcl\u00fcrken, stad\u0131n bu b\u00f6l\u00fcm\u00fcn\u00fc dumanlar kaplad\u0131. Pankart yang\u0131n\u0131 s\u0131ras\u0131nda Be\u015fikta\u015f trib\u00fcn\u00fcnde bir iki me\u015fale yak\u0131ld\u0131\u011f\u0131, Fenerbah\u00e7e trib\u00fcn\u00fcnden de Be\u015fikta\u015fl\u0131lar\u0131n \u00fczerine me\u015fale at\u0131ld\u0131\u011f\u0131 g\u00f6r\u00fcld\u00fc.<\/p>\n<p style=\"text-align: justify;\"><a href=\"http:\/\/www.cnnturk.com\/2012\/spor\/futbol\/02\/05\/kadikoyde.olayli.derbi\/647828.0\/index.html\" target=\"_blank\">Kaynak : CNN T\u00dcRK<\/a><\/p>\n","protected":false},"excerpt":{"rendered":"<p style=\"text-align: center;\">\n<p style=\"text-align: justify;\">Spor Toto S\u00fcper Lig&#8217;de Fenerbah\u00e7e ile Be\u015fikta\u015f aras\u0131nda oynanacak derbi ma\u00e7 \u00f6ncesinde iki tak\u0131m taraftarlar\u0131 aras\u0131nda metrob\u00fcs hatt\u0131nda gerginlik ya\u015fand\u0131.Taraftarlar aras\u0131ndaki gerginlik devre aras\u0131nda da devam etti. Trib\u00fcnlerde iki tak\u0131m taraftarlar\u0131 aras\u0131nda at\u0131lan me\u015faleler nedeniyle yaralanan taraftarlar hastaneye g\u00f6t\u00fcr\u00fcld\u00fc.<\/p>\n","protected":false},"author":1,"featured_media":0,"comment_status":"open","ping_status":"open","sticky":false,"template":"","format":"standard","meta":{"footnotes":""},"categories":[105,42],"tags":[],"class_list":["post-48441","post","type-post","status-publish","format-standard","hentry","category-gundem","category-spor","odd"],"_links":{"self":[{"href":"http:\/\/www.korhanyilmaz.com\/index.php?rest_route=\/wp\/v2\/posts\/48441","targetHints":{"allow":["GET"]}}],"collection":[{"href":"http:\/\/www.korhanyilmaz.com\/index.php?rest_route=\/wp\/v2\/posts"}],"about":[{"href":"http:\/\/www.korhanyilmaz.com\/index.php?rest_route=\/wp\/v2\/types\/post"}],"author":[{"embeddable":true,"href":"http:\/\/www.korhanyilmaz.com\/index.php?rest_route=\/wp\/v2\/users\/1"}],"replies":[{"embeddable":true,"href":"http:\/\/www.korhanyilmaz.com\/index.php?rest_route=%2Fwp%2Fv2%2Fcomments&post=48441"}],"version-history":[{"count":0,"href":"http:\/\/www.korhanyilmaz.com\/index.php?rest_route=\/wp\/v2\/posts\/48441\/revisions"}],"wp:attachment":[{"href":"http:\/\/www.korhanyilmaz.com\/index.php?rest_route=%2Fwp%2Fv2%2Fmedia&parent=48441"}],"wp:term":[{"taxonomy":"category","embeddable":true,"href":"http:\/\/www.korhanyilmaz.com\/index.php?rest_route=%2Fwp%2Fv2%2Fcategories&post=48441"},{"taxonomy":"post_tag","embeddable":true,"href":"http:\/\/www.korhanyilmaz.com\/index.php?rest_route=%2Fwp%2Fv2%2Ftags&post=48441"}],"curies":[{"name":"wp","href":"https:\/\/api.w.org\/{rel}","templated":true}]}}