{"id":48437,"date":"2012-02-05T18:36:28","date_gmt":"2012-02-05T16:36:28","guid":{"rendered":"http:\/\/www.korhanyilmaz.com\/?p=48437"},"modified":"2012-02-05T22:47:45","modified_gmt":"2012-02-05T20:47:45","slug":"akpyi-boyle-tarif-etti","status":"publish","type":"post","link":"http:\/\/www.korhanyilmaz.com\/?p=48437","title":{"rendered":"AKP&#8217;yi b\u00f6yle tarif etti"},"content":{"rendered":"<p style=\"text-align: center;\"><a href=\"http:\/\/www.korhanyilmaz.com\/wp-content\/uploads\/2012\/02\/9624.jpg\"  class=\"lightview\"><img loading=\"lazy\" decoding=\"async\" class=\"aligncenter  wp-image-48438\" src=\"http:\/\/www.korhanyilmaz.com\/wp-content\/uploads\/2012\/02\/9624.jpg\" alt=\"\" width=\"343\" height=\"264\" \/><\/a><\/p>\n<p style=\"text-align: justify;\">\u0130\u00e7i\u015fleri Bakan\u0131 \u0130dris Naim \u015eahin, &#8220;AK Parti siyasetin \u00f6tesi bir organizasyondur. S\u0131radan bir siyasi parti de\u011fildir. Biz de\u011ferlerimizden sapmamal\u0131y\u0131z, duygular\u0131m\u0131zda ayr\u0131\u015fmaya gitmemeliyiz. Gidiliyor mu, gitmek isteyenler var m\u0131? Var bir tak\u0131m beyinsizler var&#8221; dedi.<\/p>\n<p style=\"text-align: justify;\">Bakan \u015eahin, Edirne Ticaret ve Sanayi Odas\u0131&#8217;nda d\u00fczenlenen AK Parti Edirne Merkez \u0130l\u00e7e Ola\u011fan Kongresi&#8217;nde yapt\u0131\u011f\u0131 konu\u015fmada, AK Parti&#8217;nin siyasete seviye getirdi\u011fini s\u00f6yledi.\u00a0<!--more--><\/p>\n<p style=\"text-align: justify;\">T\u00fcrkiye&#8217;de siyasetin, AK Parti ile nitelik kazand\u0131\u011f\u0131n\u0131 ifade eden Bakan \u015eahin, \u015funlar\u0131 kaydetti: &#8220;Siyaset bu \u00fclkede en nitelikli, en medeni, (ben var\u0131m) diyen, zengin, fakir ayr\u0131m\u0131 olmaks\u0131z\u0131n bu \u00fclkeye sevda duyan herkesin yapt\u0131\u011f\u0131, yapabildi\u011fi bir i\u015f oldu. Bak\u0131n AK Parti&#8217;ye patron vard\u0131r ama az miktarda, \u00e7o\u011fu dar gelirlidir, orta gelirlidir, memurdur, i\u015f\u00e7idir, engellidir, ya\u015fl\u0131d\u0131r, gen\u00e7tir. 7 b\u00f6lgeden, 7 renk insan vard\u0131r AK Parti kadrolar\u0131nda. AK Parti siyaseti birilerinin g\u00fcd\u00fcm\u00fcnde bir siyaset de\u011fil, AK Parti kendi d\u00fc\u015f\u00fcnen, kendi konu\u015fan ve yapan bir siyasetin tarz\u0131d\u0131r, adresidir. Fark burada. Ezber siyasette bozuldu. T\u00fcrkiye ihtiya\u00e7 hissediyordu, siyasetin do\u011frudan sahibiyle, ehliyetli ellerden yap\u0131lmas\u0131, ikinci hesab\u0131 olmayanlar\u0131n yapaca\u011f\u0131 i\u015f olmas\u0131 arzusu, AK Parti taraf\u0131ndan ger\u00e7ekle\u015ftirildi.&#8221;<\/p>\n<p style=\"text-align: justify;\">T\u00fcrkiye topraklar\u0131 \u00fczerinde k\u00f6t\u00fc emelleri olanlar\u0131n asla d\u00fc\u015f\u00fcncelerini yerine getiremeyeceklerini belirten Bakan \u015eahin, \u015f\u00f6yle devam etti: &#8220;Herkes bu memleketini seviyor, topra\u011f\u0131 seviyoruz, tarihi, tarihi eserleri. \u0130\u015fte Selimiye Camisi ta\u015f y\u0131\u011f\u0131n\u0131 de\u011fil, onlarda mana var, ruh var, bunlar\u0131 sevmemek bir T\u00fcrk vatanda\u015f\u0131 i\u00e7in m\u00fcmk\u00fcn m\u00fc? Bu \u00fclkenin iki tapusu var. Birisi ulusal tapu, ortak tapu, yani 1 b\u00f6l\u00fc 78 milyonluk tapusu var. Hisseli tapu, herkesin hissesi var. Edirne sadece Edirneliler&#8217;in de\u011fil. Burada Balkan Sava\u015flar\u0131&#8217;nda kan\u0131n\u0131, can\u0131n\u0131 verenler aras\u0131nda Elaz\u0131\u011fl\u0131lar da var, Erzincanl\u0131, Vanl\u0131, Ordulu, Tokatl\u0131, Hatayl\u0131 da var. Nas\u0131l Edirne ile s\u0131n\u0131rland\u0131rabiliriz. Yemen Cephesi&#8217;nde, Edirneli yok muydu? O da var. Sar\u0131kam\u0131\u015f&#8217;ta yok mu, O da var. Bir de ikinci tapular var, ev tapusu, yazl\u0131k tapusu bunlar ge\u00e7ici tapular. Bizde kalmaz zaten miras\u00e7\u0131lara ge\u00e7ip gidiyor. El de\u011fi\u015ftiriyor. Ama el de\u011fi\u015ftirmeyen bir tapu var, milletin elinde o tapu. \u0130\u015fte birinci tapu ne kadar sa\u011flam olursa, ikinci tapular da o kadar garantide.<\/p>\n<p style=\"text-align: justify;\"><strong>&#8220;Bu topraklar\u0131 kimse b\u00f6lemez&#8221;\u00a0<\/strong><\/p>\n<p style=\"text-align: justify;\">&#8220;B\u00fcy\u00fck Atat\u00fcrk&#8217;\u00fcn dedi\u011fi gibi e\u011fer mevzuubahis vatansa gerisi teferruatt\u0131r&#8221; diyen bakan \u015eahin, konu\u015fmas\u0131n\u0131 \u015f\u00f6yle s\u00fcrd\u00fcrd\u00fc: &#8220;Edirne&#8217;nin baraj\u0131 da yap\u0131l\u0131r, hastanesi de yap\u0131l\u0131r. \u0130ki sene sonra da yap\u0131lsa, yap\u0131l\u0131r. Biz de\u011ferlerimizden sapmamal\u0131y\u0131z, duygular\u0131m\u0131zda ayr\u0131\u015fmaya gitmemeliyiz. Gidiliyor mu, gitmek isteyenler var m\u0131? Var, bir tak\u0131m beyinsizler var. Biz bunun cevab\u0131n\u0131 siyaseten de icraat olarak da veriyoruz, verece\u011fiz. Say\u0131n Ba\u015fbakan\u0131m\u0131z\u0131n dedi\u011fi gibi (bu topraklar\u0131n \u00fczerinde 1 b\u00f6l\u00fc 78 milyon paydal\u0131 tapunun \u00fczerinde operasyon yapt\u0131rmay\u0131z) Bu topraklar\u0131 kimse b\u00f6lemez, b\u00f6ld\u00fcrtmeyiz. Edirne&#8217;den Hakkari&#8217;ye bir b\u00fct\u00fcnd\u00fcr bu topraklar. Birileri bu topraklardan beslenip, buran\u0131n havas\u0131ndan teneff\u00fcs edip, bedhahl\u0131\u011fa d\u00fc\u015fenler var. Ama d\u00fc\u015f\u00fcnmek laz\u0131m bu topraklar ne diyor acaba. Bu vatan ne diyor acaba? Zap suyu Meri\u00e7&#8217;ten, Batman Ovas\u0131 Ergene&#8217;den, F\u0131rat, Sakarya&#8217;dan, Boluda\u011f\u0131 Cudi&#8217;den ayr\u0131lmay\u0131 istiyor mu acaba. Sordular m\u0131, var m\u0131 onlar\u0131n bir \u015fikayeti? Da\u011fa sor, ovaya sor, dereye son var m\u0131 bir \u015fikayeti.&#8221;<\/p>\n<p style=\"text-align: justify;\"><strong>&#8220;Hangi \u00f6zg\u00fcrl\u00fckten bahsediyorsun&#8221;<\/strong><\/p>\n<p style=\"text-align: justify;\">Baz\u0131 ki\u015filerin var olan \u00f6zg\u00fcrl\u00fc\u011f\u00fc inkar etti\u011fini anlatan Bakan \u015eahin, \u015funlar\u0131 kaydetti: &#8220;Birilerine ne oluyor acaba? S\u0131k\u0131nt\u0131 nedir? \u00d6zg\u00fcrl\u00fck&#8230; Hangi \u00f6zg\u00fcrl\u00fckten bahsediyorsun. O zaman tutuklan\u0131nca da \u015fikayet etme. \u00d6zg\u00fcrl\u00fck yoksa d\u0131\u015farda, fark\u0131 yok i\u00e7erinin demek ki. Niye \u015fikayet ediyorsun, demek ki var d\u0131\u015farda \u00f6zg\u00fcrl\u00fck. Demek ki d\u0131\u015farda bir \u00f6zg\u00fcrl\u00fck var, hem de \u00f6yle bir \u00f6zg\u00fcrl\u00fck ki(ben bu memleketi b\u00f6lmek istiyorum, \u00f6zg\u00fcrl\u00fck \u00f6zerklik yetmez bilmem ne &#8216;istan&#8217; yapmak istiyorum) diyecek kadar. \u0130nkar edemezsin. Tek inkar etti\u011fin \u015fey, var olan \u00f6zg\u00fcrl\u00fckleri s\u00f6ylemeyi, kabul etmeyi inkar ediyorsun. Ya\u015fad\u0131\u011f\u0131n \u00f6zg\u00fcrl\u00fc\u011f\u00fcn varl\u0131\u011f\u0131n\u0131 s\u00f6ylemeye \u00f6zg\u00fcrl\u00fc\u011f\u00fcn yok \u00e7\u00fcnk\u00fc kafan ipotekli, kalbin, d\u00fc\u015f\u00fcncen ipotekli. Onu s\u00f6ylemeye \u00f6zg\u00fcr de\u011filsin. Var olan sonuna kadar ya\u015fad\u0131\u011f\u0131n \u00f6zg\u00fcrl\u00fckleri, &#8216;var&#8217; diyecek \u00f6zg\u00fcrl\u00fc\u011f\u00fcn yok. Orada tutsaks\u0131n. Seni tutsak yapan, sana sanal, \u00f6zg\u00fcrl\u00fck yok dedirten o g\u00fc\u00e7le de m\u00fccadele ediyoruz. Seni de, seni konu\u015fturan\u0131 da yok ederek, seni de, senin yap\u0131n\u0131 da, b\u00f6l\u00fcc\u00fcler ve uzant\u0131lar\u0131n\u0131 da \u00f6zg\u00fcrle\u015ftirmeye \u00e7al\u0131\u015f\u0131yoruz. Yapt\u0131\u011f\u0131m\u0131z i\u015f bu. \u00c7ok derin, \u00e7ok kapsaml\u0131 bir i\u015f. Buras\u0131 Edirne, oras\u0131 Hakkari, oras\u0131 Hatay, Sinop. Misak-\u0131 Milli bunun ad\u0131.&#8221;<\/p>\n<p style=\"text-align: justify;\"><strong>&#8220;Birileri i\u00e7in silah sigorta olabilir, beyinsizler i\u00e7in&#8221;\u00a0<\/strong><\/p>\n<p style=\"text-align: justify;\">AK Parti&#8217;nin s\u0131radan bir parti olmad\u0131\u011f\u0131n\u0131 ifade eden Bakan \u015eahin, &#8220;Birileri i\u00e7in silah sigorta olabilir, beyinsizler i\u00e7in. Ama AK Parti i\u00e7in sigorta siyasettir, demokrasidir. AK Parti milletle, milletin de\u011fer ve arzular\u0131yla bu y\u00f6nde de milletin duygular\u0131n\u0131 payla\u015fma, hat\u0131rlama, s\u00f6yleme m\u00fccadelesini de yar\u0131na ta\u015f\u0131ma m\u00fccadelesini veren adrestir. AK Parti siyasetin \u00f6tesi bir organizasyondur. S\u0131radan bir siyasi parti de\u011fildir. 78 milyon insan\u0131n ortak duygusu, d\u00fc\u015f\u00fcncesidir. Sadece 78 milyonun de\u011fil Balkanlar&#8217;\u0131n, Kafkasya&#8217;n\u0131n, Ortado\u011fu ve Orta Asya&#8217;n\u0131n ortak duygusudur&#8221; dedi.<\/p>\n<p style=\"text-align: justify;\"><a href=\"http:\/\/www.cnnturk.com\/2012\/turkiye\/02\/05\/akpyi.boyle.tarif.etti\/647822.0\/index.html\" target=\"_blank\">Kaynak : CNN T\u00dcRK<\/a><\/p>\n","protected":false},"excerpt":{"rendered":"<p style=\"text-align: center;\">\n<p style=\"text-align: justify;\">\u0130\u00e7i\u015fleri Bakan\u0131 \u0130dris Naim \u015eahin, &#8220;AK Parti siyasetin \u00f6tesi bir organizasyondur. S\u0131radan bir siyasi parti de\u011fildir. Biz de\u011ferlerimizden sapmamal\u0131y\u0131z, duygular\u0131m\u0131zda ayr\u0131\u015fmaya gitmemeliyiz. Gidiliyor mu, gitmek isteyenler var m\u0131? Var bir tak\u0131m beyinsizler var&#8221; dedi.<\/p>\n<p style=\"text-align: justify;\">Bakan \u015eahin, Edirne Ticaret ve Sanayi Odas\u0131&#8217;nda d\u00fczenlenen AK Parti Edirne Merkez \u0130l\u00e7e Ola\u011fan <\/p>\n","protected":false},"author":1,"featured_media":0,"comment_status":"open","ping_status":"open","sticky":false,"template":"","format":"standard","meta":{"footnotes":""},"categories":[105],"tags":[],"class_list":["post-48437","post","type-post","status-publish","format-standard","hentry","category-gundem","odd"],"_links":{"self":[{"href":"http:\/\/www.korhanyilmaz.com\/index.php?rest_route=\/wp\/v2\/posts\/48437","targetHints":{"allow":["GET"]}}],"collection":[{"href":"http:\/\/www.korhanyilmaz.com\/index.php?rest_route=\/wp\/v2\/posts"}],"about":[{"href":"http:\/\/www.korhanyilmaz.com\/index.php?rest_route=\/wp\/v2\/types\/post"}],"author":[{"embeddable":true,"href":"http:\/\/www.korhanyilmaz.com\/index.php?rest_route=\/wp\/v2\/users\/1"}],"replies":[{"embeddable":true,"href":"http:\/\/www.korhanyilmaz.com\/index.php?rest_route=%2Fwp%2Fv2%2Fcomments&post=48437"}],"version-history":[{"count":0,"href":"http:\/\/www.korhanyilmaz.com\/index.php?rest_route=\/wp\/v2\/posts\/48437\/revisions"}],"wp:attachment":[{"href":"http:\/\/www.korhanyilmaz.com\/index.php?rest_route=%2Fwp%2Fv2%2Fmedia&parent=48437"}],"wp:term":[{"taxonomy":"category","embeddable":true,"href":"http:\/\/www.korhanyilmaz.com\/index.php?rest_route=%2Fwp%2Fv2%2Fcategories&post=48437"},{"taxonomy":"post_tag","embeddable":true,"href":"http:\/\/www.korhanyilmaz.com\/index.php?rest_route=%2Fwp%2Fv2%2Ftags&post=48437"}],"curies":[{"name":"wp","href":"https:\/\/api.w.org\/{rel}","templated":true}]}}