{"id":48433,"date":"2012-02-05T16:52:31","date_gmt":"2012-02-05T14:52:31","guid":{"rendered":"http:\/\/www.korhanyilmaz.com\/?p=48433"},"modified":"2012-02-05T22:18:53","modified_gmt":"2012-02-05T20:18:53","slug":"tekin-haddinizi-bilin","status":"publish","type":"post","link":"http:\/\/www.korhanyilmaz.com\/?p=48433","title":{"rendered":"Tekin: Haddinizi bilin"},"content":{"rendered":"<p style=\"text-align: center;\"><a href=\"http:\/\/www.korhanyilmaz.com\/wp-content\/uploads\/2012\/02\/9623.jpg\"  class=\"lightview\"><img loading=\"lazy\" decoding=\"async\" class=\"aligncenter  wp-image-48434\" src=\"http:\/\/www.korhanyilmaz.com\/wp-content\/uploads\/2012\/02\/9623.jpg\" alt=\"\" width=\"320\" height=\"191\" \/><\/a><\/p>\n<p style=\"text-align: justify;\">CHP Genel Ba\u015fkan Yard\u0131mc\u0131s\u0131 Tekin, Paul Auster\u2019\u0131 Atat\u00fcrk\u2019e benzeten B\u00fclent Ar\u0131n\u00e7\u2019a tepki g\u00f6stererek &#8220;\u0130pe sapa gelmeyecek laflar s\u00f6ylemeyin, haddinizi bilin&#8221; dedi.<\/p>\n<p style=\"text-align: justify;\">ADANA &#8211; CHP Adana \u0130l Ba\u015fkanl\u0131\u011f\u0131\u2019nda te\u015fkilat y\u00f6neticileri ile bir araya gelen G\u00fcrsel Tekin daha sonra, bas\u0131n toplant\u0131s\u0131 d\u00fczenledi. G\u00fcrsel Tekin, B\u00fclent Ar\u0131n\u00e7\u2019\u0131n Ba\u015fbakan Recep Tayyip Erdo\u011fan taraf\u0131ndan da ele\u015ftirilen yazar Paul Auster\u2019le ilgili &#8220;Bu kadar benzeyenini g\u00f6rmedim. Haz\u0131r T\u00fcrkiye\u2019ye gelmi\u015fken o y\u00f6n\u00fcn\u00fc ke\u015ffedip onu akt\u00f6r olarak da d\u00fc\u015f\u00fcnebilirler. Paul Auster, makyajs\u0131z ayn\u0131 Mustafa Kemal Atat\u00fcrk. \u0130\u00e7imden ge\u00e7eni s\u00f6yl\u00fcyorum&#8221; y\u00f6n\u00fcndeki s\u00f6zlerini ele\u015ftirdi.<!--more--><\/p>\n<p style=\"text-align: justify;\">Tekin \u015f\u00f6yle konu\u015ftu:<\/p>\n<p style=\"text-align: justify;\">&#8220;Gazete ve televizyonlarda g\u00f6r\u00fcyorsunuz. \u0130ktidar yetkilileri, say\u0131n Ba\u015fbakan ve bakanlar adeta ipe sapa gelmeyecek laflarla T\u00fcrkiye g\u00fcndemini me\u015fgul etmeye \u00e7al\u0131\u015f\u0131yor. Son d\u00f6nemlerde say\u0131n Ar\u0131n\u00e7\u2019\u0131n s\u00f6yledi\u011fi laflar, hi\u00e7bir siyaset\u00e7inin \u00fcslubuna yak\u0131\u015fmayacak laflard\u0131r. Mustafa Kemal Atat\u00fcrk\u2019e laf uzatacak kadar al\u00e7ak olmad\u0131klar\u0131na inan\u0131yorum. Son 10 y\u0131ld\u0131r T\u00fcrkiye\u2019nin sorunlar\u0131n\u0131 b\u0131rakm\u0131\u015flar, CHP\u2019nin tarihiyle me\u015fguller. Biliyorsunuz daha \u00f6nce de \u0130smet Pa\u015fa\u2019yla me\u015fgul oldular. \u015eimdi Mustafa Kemal\u2019e s\u0131ra geldi. TC\u2019nin bakan\u0131n\u0131, alay edercesine sarf etti\u011fi laflar\u0131ndan dolay\u0131 \u015fiddetle k\u0131n\u0131yorum ve protesto ediyorum. Umuyorum ki s\u00fcr\u00e7\u00fc lisan etmi\u015ftir ve bu laflar\u0131n\u0131 en k\u0131sa zamanda d\u00fczeltecektir. Aksi takdirde onlara kendilerinin alt\u0131ndan kalkamayacaklar\u0131 a\u011f\u0131r laflarla kar\u015f\u0131l\u0131k verece\u011fimizi unutmas\u0131nlar.&#8221;<\/p>\n<p style=\"text-align: justify;\">H\u00fck\u00fcmetin s\u00f6ylemlerine kar\u015f\u0131 sivil toplum \u00f6rg\u00fctleri ve sendikalar\u0131n suskun kald\u0131\u011f\u0131n\u0131 iddia eden Tekin ele\u015ftirilerini \u015f\u00f6yle s\u00fcrd\u00fcrd\u00fc:<\/p>\n<p style=\"text-align: justify;\">&#8220;T\u00fcrkiye\u2019nin bir tek sigortas\u0131, g\u00fcvencesi olan CHP kald\u0131. CHP tarihiyle hesapla\u015fanlar, ba\u015fta say\u0131n ba\u015fbakan belli ki CHP\u2019nin tarihini bilmiyorlar. CHP, tarihinde hi\u00e7bir d\u00f6nem bask\u0131lara, darbecilere boyun e\u011fmemi\u015ftir. Hele size hi\u00e7 boyun e\u011fmeyecektir.<\/p>\n<p style=\"text-align: justify;\">D\u00fcnyan\u0131n hi\u00e7bir yerinde bask\u0131yla, zul\u00fcmle ve diktat\u00f6rl\u00fckle hi\u00e7 kimse ayakta kalamaz. Bunlar\u0131n yol arkada\u015flar\u0131 vard\u0131. \u00d6d\u00fcl ald\u0131klar\u0131 Arap bahar\u0131ndaki, M\u0131s\u0131r\u2019dan Tunus\u2019a kadar. Bunlar da y\u00fczde 70 y\u00fczde 80 oylar alm\u0131\u015flard\u0131. \u015eimdi neredeler bunlar? Onlardan \u00f6rnek al\u0131n. Bask\u0131n\u0131n hi\u00e7 kimseye yaramayaca\u011f\u0131n\u0131 bilin. Ey iktidar yetkilileri, ipe sapa gelmeyecek laflar s\u00f6ylemeyin, haddinizi bilin. Kar\u015f\u0131n\u0131zda CHP var. CHP size \u00f6yle laflar, s\u00f6yler ki hi\u00e7biriniz alt\u0131ndan kalkamazs\u0131n\u0131z.&#8221;<\/p>\n<p style=\"text-align: justify;\"><strong>KAMER GEN\u00c7 \u0130\u00c7\u0130N \u00d6ZEL YASA \u00c7IKARIYORLAR<\/strong><\/p>\n<p style=\"text-align: justify;\">Bu d\u00f6nemde CHP\u2019nin sadece sevgi ve sayg\u0131ya ihtiyac\u0131 oldu\u011funu belirten G\u00fcrsel Tekin \u015f\u00f6yle konu\u015ftu:<\/p>\n<p style=\"text-align: justify;\">&#8220;\u00d6zellikle bizim tek g\u00fcvencemiz \u00f6rg\u00fctlerimiz. Ba\u015fka hi\u00e7bir g\u00fcc\u00fcm\u00fcz yok. Medya ve gazetelerimiz yok. \u0130ktidar hepsini teslim ald\u0131. \u0130ktidar, ba\u015fbakan ve bakanlarla ilgili s\u00f6yledi\u011fimiz her kelime sans\u00fcr ediliyor. En son da Meclis\u2019te sesimizi k\u0131smak i\u00e7in yeni bir t\u00fcz\u00fck tart\u0131\u015fmas\u0131 ba\u015flad\u0131. Milletin temsilcileri, 550 tane milletvekilinin b\u00f6lgedeki sorunlar\u0131n\u0131 anlatabilecekleri bir tek \u2019TRT3\u2019 vard\u0131, onu da kald\u0131rd\u0131lar. O da yetmedi, \u015fimdi de s\u00fcreleri k\u0131saltmak istiyorlar. H\u00fck\u00fcmet, Say\u0131n Kamer Gen\u00e7 i\u00e7in yeni bir yasa \u00e7\u0131karmaya \u00e7al\u0131\u015f\u0131yor. Say\u0131n Kamer Gen\u00e7 sizi korkutuyorsa ve yasa de\u011fi\u015ftirebilecek duruma geldiyseniz, buradan kendisini kutlamak istiyorum.&#8221;<\/p>\n<p style=\"text-align: justify;\"><a href=\"http:\/\/www.ntvmsnbc.com\/id\/25319531\" target=\"_blank\">Kaynak : NTVMSNBC<\/a><\/p>\n","protected":false},"excerpt":{"rendered":"<p style=\"text-align: center;\">\n<p style=\"text-align: justify;\">CHP Genel Ba\u015fkan Yard\u0131mc\u0131s\u0131 Tekin, Paul Auster\u2019\u0131 Atat\u00fcrk\u2019e benzeten B\u00fclent Ar\u0131n\u00e7\u2019a tepki g\u00f6stererek &#8220;\u0130pe sapa gelmeyecek laflar s\u00f6ylemeyin, haddinizi bilin&#8221; dedi.<\/p>\n<p style=\"text-align: justify;\">ADANA &#8211; CHP Adana \u0130l Ba\u015fkanl\u0131\u011f\u0131\u2019nda te\u015fkilat y\u00f6neticileri ile bir araya gelen G\u00fcrsel Tekin daha sonra, bas\u0131n toplant\u0131s\u0131 d\u00fczenledi. G\u00fcrsel Tekin, B\u00fclent Ar\u0131n\u00e7\u2019\u0131n Ba\u015fbakan Recep Tayyip Erdo\u011fan <\/p>\n","protected":false},"author":1,"featured_media":0,"comment_status":"open","ping_status":"open","sticky":false,"template":"","format":"standard","meta":{"footnotes":""},"categories":[105],"tags":[],"class_list":["post-48433","post","type-post","status-publish","format-standard","hentry","category-gundem","odd"],"_links":{"self":[{"href":"http:\/\/www.korhanyilmaz.com\/index.php?rest_route=\/wp\/v2\/posts\/48433","targetHints":{"allow":["GET"]}}],"collection":[{"href":"http:\/\/www.korhanyilmaz.com\/index.php?rest_route=\/wp\/v2\/posts"}],"about":[{"href":"http:\/\/www.korhanyilmaz.com\/index.php?rest_route=\/wp\/v2\/types\/post"}],"author":[{"embeddable":true,"href":"http:\/\/www.korhanyilmaz.com\/index.php?rest_route=\/wp\/v2\/users\/1"}],"replies":[{"embeddable":true,"href":"http:\/\/www.korhanyilmaz.com\/index.php?rest_route=%2Fwp%2Fv2%2Fcomments&post=48433"}],"version-history":[{"count":0,"href":"http:\/\/www.korhanyilmaz.com\/index.php?rest_route=\/wp\/v2\/posts\/48433\/revisions"}],"wp:attachment":[{"href":"http:\/\/www.korhanyilmaz.com\/index.php?rest_route=%2Fwp%2Fv2%2Fmedia&parent=48433"}],"wp:term":[{"taxonomy":"category","embeddable":true,"href":"http:\/\/www.korhanyilmaz.com\/index.php?rest_route=%2Fwp%2Fv2%2Fcategories&post=48433"},{"taxonomy":"post_tag","embeddable":true,"href":"http:\/\/www.korhanyilmaz.com\/index.php?rest_route=%2Fwp%2Fv2%2Ftags&post=48433"}],"curies":[{"name":"wp","href":"https:\/\/api.w.org\/{rel}","templated":true}]}}