{"id":48429,"date":"2012-02-05T11:40:36","date_gmt":"2012-02-05T09:40:36","guid":{"rendered":"http:\/\/www.korhanyilmaz.com\/?p=48429"},"modified":"2012-02-05T22:13:21","modified_gmt":"2012-02-05T20:13:21","slug":"sarayda-kepceyle-yikim","status":"publish","type":"post","link":"http:\/\/www.korhanyilmaz.com\/?p=48429","title":{"rendered":"Sarayda kep\u00e7eyle y\u0131k\u0131m"},"content":{"rendered":"<p style=\"text-align: center;\"><a href=\"http:\/\/www.korhanyilmaz.com\/wp-content\/uploads\/2012\/02\/9622.jpg\"  class=\"lightview\"><img loading=\"lazy\" decoding=\"async\" class=\"aligncenter  wp-image-48430\" src=\"http:\/\/www.korhanyilmaz.com\/wp-content\/uploads\/2012\/02\/9622.jpg\" alt=\"\" width=\"364\" height=\"204\" \/><\/a><\/p>\n<p style=\"text-align: justify;\">Sultanahmet&#8217;te Bizans B\u00fcy\u00fck Saray&#8217;a ait tarihi yap\u0131 i\u015f makineleriyle yerle bir edilip yerine otel yap\u0131l\u0131rken kimsenin k\u0131l\u0131 k\u0131p\u0131rdamad\u0131.<\/p>\n<p style=\"text-align: justify;\">RAD\u0130KAL Gazetesi&#8217;nin haberine g\u00f6re Sultanahmet\u2019te 1. Derece Koruma B\u00f6lgesi i\u00e7inde yer alan, kentsel ve arkeolojik sit alan\u0131 i\u00e7indeki Bizans B\u00fcy\u00fck Saray\u2019a ait oldu\u011fu d\u00fc\u015f\u00fcn\u00fclen tarihi yap\u0131y\u0131 i\u015f makinalar\u0131yla yerle bir edip y\u0131kt\u0131lar. Yerine be\u015f katl\u0131 otel diktiler. Bu s\u0131rada durumu fark eden uzmanlar\u0131n \u0130stanbul 4 Numaral\u0131 Koruma Kurulu ile Fatih Belediyesi\u2019ne yapt\u0131\u011f\u0131 bilidirim sonu\u00e7 vermedi.\u00a0<!--more--><\/p>\n<p style=\"text-align: justify;\">Koruma Kurulu bir ay sonra in\u015faat\u0131n durdurulmas\u0131 y\u00f6n\u00fcnde karar ald\u0131. Bir ay i\u00e7inde in\u015faat be\u015f kat y\u00fckseldi, \u00e7at\u0131 a\u015famas\u0131na geldi. Sultanahmet Mahallesi 98 ada 1,2,22 ve 33 parselde yer alan in\u015faat, arkeologlara g\u00f6re Bizans B\u00fcy\u00fck Saray\u2019\u0131n \u00fcst\u00fcne yap\u0131ld\u0131. \u0130ki parsel yan\u0131nda, Sultanahmet Eresin Otel\u2019in alt\u0131nda da benzer kal\u0131nt\u0131lar in\u015faat s\u0131ras\u0131nda \u00e7\u0131km\u0131\u015f, otel sahipleri bu kal\u0131nt\u0131lar\u0131 koruma alt\u0131na alarak m\u00fczeye \u00e7evirmi\u015fti. \u2018G\u00fc\u00e7lendirme\u2019 izniyle Sultanahmet K\u00fc\u00e7\u00fckayasofya Caddesi \u00fczerinde 1 ve 2. parseli korunmas\u0131 gerekli k\u00fclt\u00fcr varl\u0131\u011f\u0131 olarak tescil edilen, di\u011fer parselleri de 2. derece korunmas\u0131 gerekli k\u00fclt\u00fcr varl\u0131\u011f\u0131 olan yap\u0131lar bir gecede y\u0131k\u0131ld\u0131. Ancak y\u0131k\u0131mdan \u00f6nce Fatih Belediyesi\u2019nden g\u00fc\u00e7lendirme izni al\u0131nd\u0131.<\/p>\n<p style=\"text-align: justify;\">\u0130n\u015faat yap\u0131lacak alan\u0131n etraf\u0131 suntadan tahta paravanlarla kapat\u0131ld\u0131. \u0130\u00e7eride ne olup bitti\u011finin g\u00f6r\u00fcnmemesi i\u00e7in k\u00fc\u00e7\u00fck bir delik bile b\u0131rak\u0131lmad\u0131. Ard\u0131ndan \u00f6nce tarihi binalar y\u0131k\u0131ld\u0131. Temele kadar inildi. Altta Bizans B\u00fcy\u00fck Saray\u2019a ait duvar kal\u0131nt\u0131lar\u0131 ve tarihi yap\u0131lar \u00e7\u0131kt\u0131. Bunlar da i\u015f makineleri ile y\u0131k\u0131ld\u0131. T\u00fcm bunlar olup biterken ne B\u00fcy\u00fck\u015fehir ne de Fatih Belediyesi\u2019nden bir yetkili u\u011frad\u0131. Temel betonlar\u0131n\u0131n bir k\u0131sm\u0131 at\u0131l\u0131p tarihi duvarlar\u0131n i\u015f makineleri ile y\u0131k\u0131ld\u0131\u011f\u0131 s\u0131rada \u00e7evredeki i\u015fyeri sahiplerinden \u015fik\u00e2yet geldi.<\/p>\n<p style=\"text-align: justify;\">\u0130stanbul Arkeoloji M\u00fczesi uzmanlar\u0131 adrese gittiklerinde g\u00f6rd\u00fckleri manzara kar\u015f\u0131s\u0131nda \u015fa\u015fk\u0131na d\u00f6nd\u00fc. Bizans B\u00fcy\u00fck Saray\u2019a ait oldu\u011funu d\u00fc\u015f\u00fcnd\u00fckleri 4 metre geni\u015fli\u011finde yakla\u015f\u0131k 10 metre y\u00fcksekli\u011findeki tarihi duvarlar yerle bir edilmi\u015fti. Uzmanlar, bunu yapmalar\u0131n\u0131n yasak oldu\u011funu ve in\u015faat\u0131 durdurmalar\u0131 gerekti\u011fini s\u00f6yledi. ama g\u00f6zlerinin \u00f6n\u00fcnde y\u0131k\u0131m devam etti. 1 ay sonra karar al\u0131nd\u0131 Ge\u00e7en 15 Aral\u0131k g\u00fcn\u00fc tespit edilen bu durum, \u0130stanbul 4 Numaral\u0131 Koruma Kurulu\u2019na, Fatih Belediye Ba\u015fkanl\u0131\u011f\u0131\u2019na ivedilikle bildirildi. Koruma Kurulu bu \u015fik\u00e2yeti tam 1 ay sonra g\u00fcndeme ald\u0131.<\/p>\n<p style=\"text-align: justify;\"><span style=\"text-decoration: underline;\">18 Ocak 2012 tarihli Koruma Kurulu karar\u0131nda<\/span> \u015f\u00f6yle denildi:<\/p>\n<p style=\"text-align: justify;\">\u201cA\u00e7\u0131\u011fa \u00e7\u0131kan tarihi duvar kal\u0131nt\u0131lar\u0131n\u0131n \u0130stanbul Arkeoloji M\u00fczeleri M\u00fcd\u00fcrl\u00fc\u011f\u00fc\u2019nce kal\u0131nt\u0131 r\u00f6levesinin ve niteli\u011fini a\u00e7\u0131k\u00e7a belirten raporun haz\u0131rlanarak kurulumuza iletilmesine, s\u00f6z konusu alanda her t\u00fcr\u00fcl\u00fc in\u015fai faaliyetlerin ivedi olarak durdurulmas\u0131na, 1 ve 2 parsellere ait g\u00fcncel r\u00f6leve, restit\u00fcsyon ve restorasyon projelerinin kurulumuza iletilmesine karar verildi.\u201d 5 y\u0131la kadar hapis Koruma Kurulu in\u015faat\u0131n durdurulmas\u0131n\u0131 istemi\u015fti ama in\u015faat\u0131n 5 kat\u0131 da bitmi\u015f, \u00e7at\u0131s\u0131 yap\u0131l\u0131yordu. Kurulun r\u00f6levesini istedi\u011fi tarihi duvarlar da hafriyat oldu.<\/p>\n<p style=\"text-align: justify;\">2863 say\u0131l\u0131 yasan\u0131n 65. maddesi a f\u0131kras\u0131nda \u015f\u00f6yle diyor:<\/p>\n<p style=\"text-align: justify;\">\u201cKorunmas\u0131 gerekli ta\u015f\u0131nmaz k\u00fclt\u00fcr ve tabiat varl\u0131klar\u0131n\u0131n y\u0131k\u0131lmas\u0131na, bozulmas\u0131na, tahribine, yok olmas\u0131na veya her ne suretle olursa olsun zarara u\u011framalar\u0131na kasten sebebiyet verenler iki y\u0131ldan be\u015f y\u0131la kadar hapis ve be\u015f bin g\u00fcne kadar adli para cezas\u0131yla cezaland\u0131r\u0131l\u0131r.\u201d<\/p>\n<p style=\"text-align: justify;\"><strong>Bir \u015feyler d\u00f6nd\u00fc ama ne!\u00a0<\/strong><\/p>\n<p style=\"text-align: justify;\">Bir kurul yetkilisi \u015funlar\u0131 s\u00f6yledi: \u201cTarihi yar\u0131mada b\u00fct\u00fcn\u00fcnde yap\u0131la\u015fma ve ara\u015ft\u0131rma i\u00e7in yap\u0131lacak temel kaz\u0131lar\u0131 m\u00fcze denetiminde olmal\u0131yd\u0131. Ancak belediye haber bile vermedi. Belli ki in\u015faat\u0131 yapanlara arka \u00e7\u0131k\u0131l\u0131yor. Kurulun g\u00fcndemine ge\u00e7 al\u0131nmas\u0131 da \u015f\u00fcpheli. \u00c7\u00fcnk\u00fc ge\u00e7en y\u0131l nisan ay\u0131nda bir karar ald\u0131k. Bu t\u00fcr acil durumlarda faksla ya da telefonla gelen ihbarlar kar\u015f\u0131s\u0131nda kurul toplanana kadar in\u015faat\u0131n durdurulmas\u0131na karar vermi\u015ftik. Bir \u015feyler d\u00f6nd\u00fc ama ne oldu\u011funu anlam\u0131\u015f de\u011filim. Belediye de kurul y\u00f6neticileri de bu durumdan mesuld\u00fcr.\u201d<\/p>\n<p style=\"text-align: justify;\"><strong>\u2018Deh\u015fete kap\u0131ld\u0131m, bu bir vandalizm\u2019\u00a0<\/strong><\/p>\n<p style=\"text-align: justify;\">Arkeologlar Derne\u011fi \u0130stanbul \u015eube Ba\u015fkan\u0131 Do\u00e7. Dr. Necmi Karul: \u201cDeh\u015fete kap\u0131ld\u0131m. Bu bir vandalizm. Belli ki bir yap\u0131 kompleksine ait duvar kal\u0131nt\u0131lar\u0131. Saraya ait bir yap\u0131 gibi g\u00f6r\u00fcn\u00fcyor. G\u00f6z\u00fcm\u00fcz gibi bakt\u0131\u011f\u0131m\u0131z tarihi yar\u0131madada bu nas\u0131l yap\u0131l\u0131r? Belediye nerde? Koruma Kurulu nerde? Hi\u00e7 kimse g\u00f6rmemesi ilgin\u00e7. Arkas\u0131 olduk\u00e7a sa\u011flam biri olmal\u0131. 2863 say\u0131l\u0131 yasa hapis cezas\u0131 \u00f6ng\u00f6r\u00fcrken bu nas\u0131l bir c\u00fcret? Ancak yasa var ama k\u00e2\u011f\u0131t \u00fczerinde, uygulayacak y\u00f6netici yok! Fourseasons Otel daha \u00f6nce Bizans Saray\u0131 \u00fczerine yap\u0131ld\u0131. Buradan cesaret al\u0131yorlar.&#8221;<\/p>\n<p style=\"text-align: justify;\"><a href=\"http:\/\/gundem.milliyet.com.tr\/sarayda-kepceyle-yikim\/gundem\/gundemdetay\/05.02.2012\/1498324\/default.htm\" target=\"_blank\">Kaynak : Milliyet.com.tr<\/a><\/p>\n","protected":false},"excerpt":{"rendered":"<p style=\"text-align: center;\">\n<p style=\"text-align: justify;\">Sultanahmet&#8217;te Bizans B\u00fcy\u00fck Saray&#8217;a ait tarihi yap\u0131 i\u015f makineleriyle yerle bir edilip yerine otel yap\u0131l\u0131rken kimsenin k\u0131l\u0131 k\u0131p\u0131rdamad\u0131.<\/p>\n<p style=\"text-align: justify;\">RAD\u0130KAL Gazetesi&#8217;nin haberine g\u00f6re Sultanahmet\u2019te 1. Derece Koruma B\u00f6lgesi i\u00e7inde yer alan, kentsel ve arkeolojik sit alan\u0131 i\u00e7indeki Bizans B\u00fcy\u00fck Saray\u2019a ait oldu\u011fu d\u00fc\u015f\u00fcn\u00fclen tarihi yap\u0131y\u0131 i\u015f makinalar\u0131yla yerle bir <\/p>\n","protected":false},"author":1,"featured_media":0,"comment_status":"open","ping_status":"open","sticky":false,"template":"","format":"standard","meta":{"footnotes":""},"categories":[105],"tags":[],"class_list":["post-48429","post","type-post","status-publish","format-standard","hentry","category-gundem","odd"],"_links":{"self":[{"href":"http:\/\/www.korhanyilmaz.com\/index.php?rest_route=\/wp\/v2\/posts\/48429","targetHints":{"allow":["GET"]}}],"collection":[{"href":"http:\/\/www.korhanyilmaz.com\/index.php?rest_route=\/wp\/v2\/posts"}],"about":[{"href":"http:\/\/www.korhanyilmaz.com\/index.php?rest_route=\/wp\/v2\/types\/post"}],"author":[{"embeddable":true,"href":"http:\/\/www.korhanyilmaz.com\/index.php?rest_route=\/wp\/v2\/users\/1"}],"replies":[{"embeddable":true,"href":"http:\/\/www.korhanyilmaz.com\/index.php?rest_route=%2Fwp%2Fv2%2Fcomments&post=48429"}],"version-history":[{"count":0,"href":"http:\/\/www.korhanyilmaz.com\/index.php?rest_route=\/wp\/v2\/posts\/48429\/revisions"}],"wp:attachment":[{"href":"http:\/\/www.korhanyilmaz.com\/index.php?rest_route=%2Fwp%2Fv2%2Fmedia&parent=48429"}],"wp:term":[{"taxonomy":"category","embeddable":true,"href":"http:\/\/www.korhanyilmaz.com\/index.php?rest_route=%2Fwp%2Fv2%2Fcategories&post=48429"},{"taxonomy":"post_tag","embeddable":true,"href":"http:\/\/www.korhanyilmaz.com\/index.php?rest_route=%2Fwp%2Fv2%2Ftags&post=48429"}],"curies":[{"name":"wp","href":"https:\/\/api.w.org\/{rel}","templated":true}]}}