{"id":48426,"date":"2012-02-05T12:06:13","date_gmt":"2012-02-05T10:06:13","guid":{"rendered":"http:\/\/www.korhanyilmaz.com\/?p=48426"},"modified":"2012-02-05T22:08:49","modified_gmt":"2012-02-05T20:08:49","slug":"timesdan-kahvehane-vari-polemik-yorumu","status":"publish","type":"post","link":"http:\/\/www.korhanyilmaz.com\/?p=48426","title":{"rendered":"Times&#8217;dan &#8220;kahvehane vari polemik&#8221; yorumu"},"content":{"rendered":"<p style=\"text-align: center;\"><a href=\"http:\/\/www.korhanyilmaz.com\/wp-content\/uploads\/2012\/02\/9621.jpg\"  class=\"lightview\"><img loading=\"lazy\" decoding=\"async\" class=\"aligncenter  wp-image-48427\" src=\"http:\/\/www.korhanyilmaz.com\/wp-content\/uploads\/2012\/02\/9621.jpg\" alt=\"\" width=\"364\" height=\"204\" \/><\/a><\/p>\n<p style=\"text-align: justify;\">Time dergisince yay\u0131nlanan bir yaz\u0131da Ba\u015fbakan Recep Tayyip Erdo\u011fan ile \u00fcnl\u00fc ABD\u2019li yazar Auster aras\u0131ndaki at\u0131\u015fma de\u011ferlendirilirken, &#8220;\u0130nternet taraf\u0131ndan k\u00f6r\u00fcklenen, en olmayacak kar\u015f\u0131tlar aras\u0131nda bir s\u00f6z d\u00fcellosu, bu hafta Atlanti\u011fin iki taraf\u0131 aras\u0131nda f\u0131rt\u0131na gibi esti&#8221; denildi.<\/p>\n<p style=\"text-align: justify;\">Yaz\u0131da Erdo\u011fan ile Auster\u2019in &#8220;kahvehane vari bir polemi\u011fe&#8221; giri\u015ftikleri, bunun ger\u00e7ekten &#8220;T\u00fcrkiye\u2019nin irtifa kaybetmesine yol a\u00e7aca\u011f\u0131&#8221; de\u011ferlendirmesine de yer verildi.<!--more--><\/p>\n<p style=\"text-align: justify;\">Ba\u015fbakan Recep Tayyip Erdo\u011fan ile \u00fcnl\u00fc ABD\u2019li yazar Paul Auster aras\u0131ndaki at\u0131\u015fma, Bat\u0131\u2019n\u0131n \u00f6nde gelen medya kurulu\u015flar\u0131n\u0131n bloglar\u0131nda tart\u0131\u015f\u0131lmaya devam ediliyor. Time dergisince yay\u0131mlanan bir yaz\u0131da, &#8220;\u0130nternet taraf\u0131ndan k\u00f6r\u00fcklenen, en olmayacak kar\u015f\u0131tlar aras\u0131nda bir s\u00f6z d\u00fcellosu, bu hafta Atlanti\u011fin iki taraf\u0131 aras\u0131nda f\u0131rt\u0131na gibi esti&#8221; denildi. Yaz\u0131da Erdo\u011fan ile Auster\u2019in &#8220;kahvehane vari bir polemi\u011fe&#8221; giri\u015ftikleri, bunun ger\u00e7ekten &#8220;T\u00fcrkiye\u2019nin irtifa kaybetmesine yol a\u00e7aca\u011f\u0131&#8221; g\u00f6r\u00fc\u015fleri de yans\u0131t\u0131ld\u0131.<\/p>\n<p style=\"text-align: justify;\">Time dergisince yay\u0131mlanan &#8220;Erdo\u011fan, Auster\u2019e kar\u015f\u0131. T\u00fcrk Ba\u015fbakan\u0131 Recep Tayyip Erdo\u011fan neden Blooklyn\u2019de yerle\u015fik bir yazar ile kavga ediyor&#8221; ba\u015fl\u0131\u011f\u0131 ile yay\u0131nlanan yaz\u0131da &#8220;\u0130nternet taraf\u0131ndan k\u00f6r\u00fcklenen, en olmayacak kar\u015f\u0131tlar aras\u0131nda bir s\u00f6z d\u00fcellosu, bu hafta Atlanti\u011fin iki taraf\u0131 aras\u0131nda f\u0131rt\u0131na gibi esti&#8221; denildi.<\/p>\n<p style=\"text-align: justify;\">At\u0131\u015fmay\u0131, Auster\u2019in tutuklu gazeteciler nedeniyle T\u00fcrkiye\u2019yi ziyaret etmeyece\u011fi y\u00f6n\u00fcndeki a\u00e7\u0131klamalar\u0131n\u0131n tetikledi\u011fi belirtilen yaz\u0131da halen 100 kadar gazetecinin cezaevinde bulundu\u011funu, h\u00fck\u00fcmetin de gazetecilerin habercilikten de\u011fil yasa d\u0131\u015f\u0131 faaliyetlerinden dolay\u0131 yarg\u0131land\u0131\u011f\u0131nda \u0131srar etti\u011fi kaydedildi.<\/p>\n<p style=\"text-align: justify;\">Ba\u015fbakan Erdo\u011fan ile Auster aras\u0131nda tart\u0131\u015fmaya ili\u015fkin ayr\u0131nt\u0131lar\u0131n da aktar\u0131ld\u0131\u011f\u0131 yaz\u0131da cezaevindeki gazeteciler \u00e7o\u011funun K\u00fcrt bas\u0131n\u0131 i\u00e7in \u00e7al\u0131\u015ft\u0131\u011f\u0131n\u0131 ve KCK\u2019y\u0131 &#8220;k\u00f6k\u00fcnden s\u00f6kmeye y\u00f6nelik bir plan \u00e7er\u00e7evesinde tutukland\u0131\u011f\u0131&#8221; belirtildi.<\/p>\n<p style=\"text-align: justify;\"><strong>&#8220;T\u00dcRK\u0130YE\u2019N\u0130N \u0130RT\u0130FA KAYBETMES\u0130NE YOL A\u00c7A\u00c7AK&#8221;<\/strong><\/p>\n<p style=\"text-align: justify;\">Ancak, tutuklananlar aras\u0131nda &#8220;tan\u0131nm\u0131\u015f ve sayg\u0131 duyulan&#8221; Profes\u00f6r Bursa Ersan ve \u00e7al\u0131\u015fmalar\u0131 uluslararas\u0131 alanda takdir edilen yay\u0131nc\u0131 Rag\u0131p Zarakolu\u2019nun da bulundu\u011funa dikkat \u00e7ekilen yaz\u0131da &#8220;Auster olay\u0131, hemen T\u00fcrkiye\u2019de man\u015fet oldu&#8221; denildi. ABD\u2019li dergi, yaz\u0131da bir T\u00fcrk k\u00f6\u015fe yazar\u0131n\u0131n, &#8220;Hi\u00e7bir zaman tasavvur edemeyece\u011fim \u015feylerden biri, \u00f6nemli bir k\u00fcresel siyasi \u015fahsiyet haline gelmi\u015f olan Ba\u015fbakan Erdo\u011fan \u00fcnl\u00fc yazar Paul Auster ile kahvehane vari bir polemi\u011fe giri\u015febilece\u011fidir. Evet bu, T\u00fcrkiye\u2019nin irtifa kaybetmesine yol a\u00e7acak&#8221; s\u00f6zlerinin de yans\u0131tt\u0131. Time\u2019nin blo\u011funda \u015f\u00f6yle devam edildi: &#8220;Haziran ay\u0131nda b\u00fcy\u00fck bir \u00e7o\u011funlukla yeniden se\u00e7ilen karizmatik Erdo\u011fan, son y\u0131llarda, giderek y\u00fcksek profilli bir lider oldu, \u00f6zellikle Arap Bahar\u0131\u2019n\u0131n ard\u0131ndan. Ara\u015ft\u0131rma grubu TESEV\u2019in yeni bir anketine g\u00f6re, onun y\u00f6netiminde T\u00fcrkiye, halen Ortado\u011fu\u2019daki 16 \u00fclkenin insanlar\u0131 aras\u0131nda en pop\u00fcler \u00fclkedir. Kat\u0131l\u0131mc\u0131lar\u0131n y\u00fczde 60\u2019\u0131ndan fazla T\u00fcrkiye\u2019nin olumlu bir rol modeli oldu\u011funu d\u00fc\u015f\u00fcnd\u00fcklerini s\u00f6ylediler.&#8221;<\/p>\n<p style=\"text-align: justify;\"><strong>&#8220;ERDO\u011eAN\u2019IN OTOR\u0130TER E\u011e\u0130L\u0130M\u0130 G\u0130D\u0130REK DAHA \u00c7OK ELE\u015eT\u0130R\u0130 \u00c7EK\u0130YOR&#8221;\u00a0<\/strong><\/p>\n<p style=\"text-align: justify;\">Time, &#8220;ironik olarak T\u00fcrkiye\u2019nin \u00e7ekicili\u011fi i\u00e7in dile getirilen ba\u015fl\u0131ca sebep, demokratik rejimidir&#8221; dedi\u011fi yaz\u0131s\u0131nda T\u00fcrkiye\u2019nin canl\u0131 ekonomisi veya M\u00fcsl\u00fcman kimli\u011fi gibi ba\u015fka fakt\u00f6rlerin oldu\u011funu belirterek, &#8220;Ancak, tam o a\u00e7\u0131dan Erdo\u011fan\u2019\u0131n otoriter e\u011filimi, yurt i\u00e7inde ile Avrupa ve ABD\u2019den giderek artan ele\u015ftirileri \u00e7ekiyor. Avrupa \u0130nsan Haklar\u0131 Mahkemesine g\u00f6re 2011 y\u0131l\u0131nda T\u00fcrkiye, Avrupa\u2019da bas\u0131n \u00f6zg\u00fcrl\u00fc\u011f\u00fcn\u00fc en \u00e7ok ihlal eden \u00fclke oldu&#8221; yorumunu yapt\u0131.<\/p>\n<p style=\"text-align: justify;\"><strong>&#8220;AUSTER SONUNCUSU OLMAYAB\u0130L\u0130R&#8221;\u00a0<\/strong><\/p>\n<p style=\"text-align: justify;\">Yaz\u0131, &#8220;Erdo\u011fan da, muhalif g\u00f6r\u00fc\u015flere pek katlanm\u0131yor ve kendisini ele\u015ftiren gazeteci ve karikat\u00fcriste kar\u015f\u0131 dava a\u00e7mada teredd\u00fct etmiyor. Bu nedenle, Paul Auster, onun \u00f6fkesini \u00e7eken uluslararas\u0131 \u00e7aptaki ilk romanc\u0131 olsa da sonuncusu olmayabilir&#8221; s\u00f6zleriyle noktaland\u0131.<\/p>\n<p style=\"text-align: justify;\"><a href=\"http:\/\/dunya.milliyet.com.tr\/times-dan-kahvehane-vari-polemik-yorumu\/dunya\/dunyadetay\/05.02.2012\/1498329\/default.htm\" target=\"_blank\">Kaynak : Milliyet.com.tr<\/a><\/p>\n","protected":false},"excerpt":{"rendered":"<p style=\"text-align: center;\">\n<p style=\"text-align: justify;\">Time dergisince yay\u0131nlanan bir yaz\u0131da Ba\u015fbakan Recep Tayyip Erdo\u011fan ile \u00fcnl\u00fc ABD\u2019li yazar Auster aras\u0131ndaki at\u0131\u015fma de\u011ferlendirilirken, &#8220;\u0130nternet taraf\u0131ndan k\u00f6r\u00fcklenen, en olmayacak kar\u015f\u0131tlar aras\u0131nda bir s\u00f6z d\u00fcellosu, bu hafta Atlanti\u011fin iki taraf\u0131 aras\u0131nda f\u0131rt\u0131na gibi esti&#8221; denildi.<\/p>\n<p style=\"text-align: justify;\">Yaz\u0131da Erdo\u011fan ile Auster\u2019in &#8220;kahvehane vari bir polemi\u011fe&#8221; giri\u015ftikleri, bunun ger\u00e7ekten <\/p>\n","protected":false},"author":1,"featured_media":0,"comment_status":"open","ping_status":"open","sticky":false,"template":"","format":"standard","meta":{"footnotes":""},"categories":[105],"tags":[],"class_list":["post-48426","post","type-post","status-publish","format-standard","hentry","category-gundem","odd"],"_links":{"self":[{"href":"http:\/\/www.korhanyilmaz.com\/index.php?rest_route=\/wp\/v2\/posts\/48426","targetHints":{"allow":["GET"]}}],"collection":[{"href":"http:\/\/www.korhanyilmaz.com\/index.php?rest_route=\/wp\/v2\/posts"}],"about":[{"href":"http:\/\/www.korhanyilmaz.com\/index.php?rest_route=\/wp\/v2\/types\/post"}],"author":[{"embeddable":true,"href":"http:\/\/www.korhanyilmaz.com\/index.php?rest_route=\/wp\/v2\/users\/1"}],"replies":[{"embeddable":true,"href":"http:\/\/www.korhanyilmaz.com\/index.php?rest_route=%2Fwp%2Fv2%2Fcomments&post=48426"}],"version-history":[{"count":0,"href":"http:\/\/www.korhanyilmaz.com\/index.php?rest_route=\/wp\/v2\/posts\/48426\/revisions"}],"wp:attachment":[{"href":"http:\/\/www.korhanyilmaz.com\/index.php?rest_route=%2Fwp%2Fv2%2Fmedia&parent=48426"}],"wp:term":[{"taxonomy":"category","embeddable":true,"href":"http:\/\/www.korhanyilmaz.com\/index.php?rest_route=%2Fwp%2Fv2%2Fcategories&post=48426"},{"taxonomy":"post_tag","embeddable":true,"href":"http:\/\/www.korhanyilmaz.com\/index.php?rest_route=%2Fwp%2Fv2%2Ftags&post=48426"}],"curies":[{"name":"wp","href":"https:\/\/api.w.org\/{rel}","templated":true}]}}