{"id":48415,"date":"2012-02-05T11:15:38","date_gmt":"2012-02-05T09:15:38","guid":{"rendered":"http:\/\/www.korhanyilmaz.com\/?p=48415"},"modified":"2012-02-05T16:19:09","modified_gmt":"2012-02-05T14:19:09","slug":"tribunlerde-bir-ilk-yasanacak","status":"publish","type":"post","link":"http:\/\/www.korhanyilmaz.com\/?p=48415","title":{"rendered":"Trib\u00fcnlerde bir ilk ya\u015fanacak"},"content":{"rendered":"<p style=\"text-align: center;\"><a href=\"http:\/\/www.korhanyilmaz.com\/wp-content\/uploads\/2012\/02\/9618.jpg\"  class=\"lightview\"><img loading=\"lazy\" decoding=\"async\" class=\"aligncenter  wp-image-48416\" src=\"http:\/\/www.korhanyilmaz.com\/wp-content\/uploads\/2012\/02\/9618.jpg\" alt=\"\" width=\"396\" height=\"180\" \/><\/a><\/p>\n<p style=\"text-align: justify;\">Star yazar\u0131 Mustafa Akyol&#8217;un g\u00fcndeme getirdi\u011fi &#8216;Gen\u00e7li\u011fe hitabe kald\u0131r\u0131ls\u0131n&#8217; tart\u0131\u015fmas\u0131 trib\u00fcnlere ta\u015f\u0131nd\u0131. Taraftarlar, Fenerbah\u00e7e-Be\u015fikta\u015f ma\u00e7\u0131 \u00f6ncesi Gen\u00e7li\u011fe Hitabe&#8217;yi okuyacak.<\/p>\n<p style=\"text-align: justify;\">Star yazar\u0131 Mustafa Akyol&#8217;un k\u00f6\u015fesine ta\u015f\u0131d\u0131\u011f\u0131 iddia bir s\u00fcre T\u00fcrkiye g\u00fcndemini olu\u015fturmu\u015ftu.\u00a0\u00a0<!--more--><\/p>\n<p style=\"text-align: justify;\">Akyol, yaz\u0131s\u0131nda &#8220;E\u011fer T\u00fcrkiye demokratikle\u015fecekse, Gen\u00e7li\u011fe Hitabe, Atat\u00fcrk&#8217;\u00fcn kendi siyasi \u015fartlar\u0131 i\u00e7inde \u00fcretti\u011fi ama bug\u00fcne &#8220;yol g\u00f6sterici&#8221; olamayacak tarihsel bir metin olarak kabul edilmeli, okullardan ve ders kitaplar\u0131ndan kald\u0131r\u0131lmal\u0131d\u0131r&#8221; demi\u015fti.<\/p>\n<p style=\"text-align: justify;\">Akyol&#8217;un s\u00f6zleri k\u0131sa s\u00fcrede sosyal medyan\u0131n birinci tart\u0131\u015fma konusu olurken tepkileri de beraberinde getirdi. Son olarak AK Parti Genel Ba\u015fkan Yard\u0131mc\u0131s\u0131 H\u00fcseyin \u00c7elik de tart\u0131\u015fmaya girerek &#8220;Gen\u00e7li\u011fe Hitabe ayet mi&#8221; diye sormu\u015ftu.<\/p>\n<p style=\"text-align: justify;\"><strong>DERB\u0130 MA\u00c7I \u00d6NCES\u0130 PROTESTO\u00a0<\/strong><\/p>\n<p style=\"text-align: justify;\">&#8220;Gen\u00e7li\u011fe Hitabe kald\u0131r\u0131ls\u0131n&#8221; tart\u0131\u015fmalar\u0131 devam ederken, S\u00fcper Lig&#8217;de Pazar g\u00fcn\u00fc oynanacak Fenerbah\u00e7e-Be\u015fikta\u015f ma\u00e7\u0131 \u00f6ncesi taraftarlar Gen\u00e7li\u011fe Hitabe&#8217;yi okuyacak.<\/p>\n<p style=\"text-align: justify;\">Fenerbah\u00e7eli taraftarlar\u0131n yapmay\u0131 d\u00fc\u015f\u00fcnd\u00fc\u011f\u00fc organizasyona Be\u015fikta\u015fl\u0131 taraftarlardan da destek gelirken, konuyla ilgili a\u00e7\u0131klama Fenerbah\u00e7e&#8217;nin taraftar sitesi antu.com&#8217;da yap\u0131ld\u0131.<\/p>\n<p style=\"text-align: justify;\">\u0130\u015fte Antu.com&#8217;da yer alan o a\u00e7\u0131klama:<\/p>\n<p style=\"text-align: justify;\">&#8220;Sosyal payla\u015f\u0131m sitelerinde taraftar\u0131m\u0131z bug\u00fcn oynanacak Fenerbah\u00e7e-Be\u015fikta\u015f ma\u00e7\u0131n\u0131n ba\u015flamas\u0131na yak\u0131n dakikalarda (18:55) &#8220;Atat\u00fcrk&#8217;\u00fcn Gen\u00e7li\u011fe Hitabesini&#8221; okumak i\u00e7in organize olmaktad\u0131r. Biz de taraftar\u0131m\u0131z\u0131 bu g\u00fczel ve anlaml\u0131 organizasyona kat\u0131lmaya davet ediyoruz.&#8221;<\/p>\n<p style=\"text-align: justify;\"><a href=\"http:\/\/www.gazeteport.com.tr\/haber\/77495\/tribunlerde_bir_ilk_yasanacak\" target=\"_blank\">Kaynak : GAZETEPORT<\/a><\/p>\n","protected":false},"excerpt":{"rendered":"<p style=\"text-align: center;\">\n<p style=\"text-align: justify;\">Star yazar\u0131 Mustafa Akyol&#8217;un g\u00fcndeme getirdi\u011fi &#8216;Gen\u00e7li\u011fe hitabe kald\u0131r\u0131ls\u0131n&#8217; tart\u0131\u015fmas\u0131 trib\u00fcnlere ta\u015f\u0131nd\u0131. Taraftarlar, Fenerbah\u00e7e-Be\u015fikta\u015f ma\u00e7\u0131 \u00f6ncesi Gen\u00e7li\u011fe Hitabe&#8217;yi okuyacak.<\/p>\n<p style=\"text-align: justify;\">Star yazar\u0131 Mustafa Akyol&#8217;un k\u00f6\u015fesine ta\u015f\u0131d\u0131\u011f\u0131 iddia bir s\u00fcre T\u00fcrkiye g\u00fcndemini olu\u015fturmu\u015ftu. <\/p>\n","protected":false},"author":1,"featured_media":0,"comment_status":"open","ping_status":"open","sticky":false,"template":"","format":"standard","meta":{"footnotes":""},"categories":[42],"tags":[],"class_list":["post-48415","post","type-post","status-publish","format-standard","hentry","category-spor","odd"],"_links":{"self":[{"href":"http:\/\/www.korhanyilmaz.com\/index.php?rest_route=\/wp\/v2\/posts\/48415","targetHints":{"allow":["GET"]}}],"collection":[{"href":"http:\/\/www.korhanyilmaz.com\/index.php?rest_route=\/wp\/v2\/posts"}],"about":[{"href":"http:\/\/www.korhanyilmaz.com\/index.php?rest_route=\/wp\/v2\/types\/post"}],"author":[{"embeddable":true,"href":"http:\/\/www.korhanyilmaz.com\/index.php?rest_route=\/wp\/v2\/users\/1"}],"replies":[{"embeddable":true,"href":"http:\/\/www.korhanyilmaz.com\/index.php?rest_route=%2Fwp%2Fv2%2Fcomments&post=48415"}],"version-history":[{"count":0,"href":"http:\/\/www.korhanyilmaz.com\/index.php?rest_route=\/wp\/v2\/posts\/48415\/revisions"}],"wp:attachment":[{"href":"http:\/\/www.korhanyilmaz.com\/index.php?rest_route=%2Fwp%2Fv2%2Fmedia&parent=48415"}],"wp:term":[{"taxonomy":"category","embeddable":true,"href":"http:\/\/www.korhanyilmaz.com\/index.php?rest_route=%2Fwp%2Fv2%2Fcategories&post=48415"},{"taxonomy":"post_tag","embeddable":true,"href":"http:\/\/www.korhanyilmaz.com\/index.php?rest_route=%2Fwp%2Fv2%2Ftags&post=48415"}],"curies":[{"name":"wp","href":"https:\/\/api.w.org\/{rel}","templated":true}]}}