{"id":48411,"date":"2012-02-05T15:11:34","date_gmt":"2012-02-05T13:11:34","guid":{"rendered":"http:\/\/www.korhanyilmaz.com\/?p=48411"},"modified":"2012-02-05T16:13:12","modified_gmt":"2012-02-05T14:13:12","slug":"gulden-laiklik-mesaji","status":"publish","type":"post","link":"http:\/\/www.korhanyilmaz.com\/?p=48411","title":{"rendered":"G\u00fcl&#8217;den laiklik mesaj\u0131"},"content":{"rendered":"<p style=\"text-align: center;\"><a href=\"http:\/\/www.korhanyilmaz.com\/wp-content\/uploads\/2012\/02\/9617.jpg\"  class=\"lightview\"><img loading=\"lazy\" decoding=\"async\" class=\"aligncenter  wp-image-48412\" src=\"http:\/\/www.korhanyilmaz.com\/wp-content\/uploads\/2012\/02\/9617.jpg\" alt=\"\" width=\"396\" height=\"180\" \/><\/a><\/p>\n<p style=\"text-align: justify;\">Cumhurba\u015fkan\u0131 G\u00fcl, laiklik ilkesinin Anayasa&#8217;ya girmesinin 75. y\u0131l d\u00f6n\u00fcm\u00fcnde konuyla ilgili mesaj yay\u0131mlad\u0131.<\/p>\n<p style=\"text-align: justify;\">ANKARA &#8211; Cumhurba\u015fkan\u0131 Abdullah G\u00fcl, laiklik ilkesinin Anayasa&#8217;ya girmesinin 75. y\u0131l d\u00f6n\u00fcm\u00fcnde milletin, Cumhuriyetin di\u011fer niteliklerinin yan\u0131nda bu ilke \u00fczerinde de g\u00fc\u00e7l\u00fc bir anlay\u0131\u015f birli\u011fi i\u00e7inde oldu\u011funu belirtti.Cumhurba\u015fkanl\u0131\u011f\u0131 Bas\u0131n Merkezi&#8217;nden yap\u0131lan a\u00e7\u0131klamaya g\u00f6re, Cumhurba\u015fkan\u0131 G\u00fcl, laiklik ilkesinin T\u00fcrkiye Cumhuriyeti Anayasas\u0131&#8217;na giri\u015finin 75. y\u0131l d\u00f6n\u00fcm\u00fc dolay\u0131s\u0131yla bir mesaj yay\u0131mlad\u0131.\u00a0<!--more--><\/p>\n<p style=\"text-align: justify;\">Mesajda, \u201cLaiklik ilkesinin Anayasa&#8217;ya girmesinin 75. y\u0131l d\u00f6n\u00fcm\u00fcnde milletimiz, Cumhuriyetimizin di\u011fer niteliklerinin yan\u0131nda bu ilke \u00fczerinde de g\u00fc\u00e7l\u00fc bir anlay\u0131\u015f birli\u011fi i\u00e7indedir\u201d ifadelerini kullanan Cumhurba\u015fkan\u0131 G\u00fcl, esasen devletin \u00f6rg\u00fctlenme tarz\u0131yla ve me\u015fruluk temeliyle ilgili olan laiklik ilkesinin 1982 Anayasas\u0131&#8217;nda da ayr\u0131nt\u0131l\u0131 olarak d\u00fczenlendi\u011fini ifade etti.<\/p>\n<p style=\"text-align: justify;\">Anayasa&#8217;n\u0131n 2. maddesinde T\u00fcrkiye Cumhuriyeti&#8217;nin \u201cdemokratik, laik ve sosyal bir hukuk devleti\u201d oldu\u011fu h\u00fckme ba\u011flan\u0131rken, bu maddenin gerek\u00e7esinde laikli\u011fin \u201cher ferdin istedi\u011fi inanca, mezhebe sahip olabilmesi, ibadetini yapabilmesi ve dini inan\u00e7lar\u0131ndan dolay\u0131 di\u011fer vatanda\u015flardan farkl\u0131 bir muameleye tabi k\u0131l\u0131nmamas\u0131\u201d anlam\u0131na geldi\u011finin belirtildi\u011fini ifade eden G\u00fcl, \u015funlar\u0131 kaydetti:<\/p>\n<p style=\"text-align: justify;\">\u201cAnayasa&#8217;n\u0131n 24. maddesinde herkesin vicdan, dini inan\u00e7 ve kanaat h\u00fcrriyetine sahip oldu\u011fu ve ibadet, dini ayin ve t\u00f6renlerin serbest oldu\u011fu belirtilerek inan\u00e7 ve ibadet h\u00fcrriyeti d\u00fczenlenmektedir. Ayr\u0131ca kimsenin ibadet, dini ayin ve t\u00f6renlere kat\u0131lmaya, dini inan\u00e7 ve kanaatlerini a\u00e7\u0131klamaya zorlanamayaca\u011f\u0131; dini inan\u00e7 ve kanaatlerinden dolay\u0131 k\u0131nanamayaca\u011f\u0131 ve su\u00e7lanamayaca\u011f\u0131 \u00f6ng\u00f6r\u00fclmektedir. Anayasa din h\u00fcrriyetinin inan\u00e7 ve ibadet h\u00fcrriyeti olmak \u00fczere iki boyutunu d\u00fczenlerken, 15. maddesinde de sava\u015f, seferberlik, s\u0131k\u0131y\u00f6netim veya ola\u011fan\u00fcst\u00fc hallerde bile kimsenin din, vicdan, d\u00fc\u015f\u00fcnce ve kanaatlerini a\u00e7\u0131klamaya zorlanamayaca\u011f\u0131n\u0131 ve bunlardan dolay\u0131 su\u00e7lanamayaca\u011f\u0131n\u0131 belirterek inan\u00e7 h\u00fcrriyetini \u00f6zel olarak teminat alt\u0131na almaktad\u0131r. Dini inanc\u0131 olmayanlar i\u00e7in de durum ayn\u0131d\u0131r.<\/p>\n<p style=\"text-align: justify;\">Laikli\u011fin ikinci y\u00f6n\u00fcn\u00fc din ve devlet i\u015flerinin birbirinden ayr\u0131lmas\u0131 olu\u015fturmaktad\u0131r. Anayasa&#8217;n\u0131n 24. maddesinde, kimsenin, devletin sosyal, ekonomik, siyasi veya hukuki temel d\u00fczenini din kurallar\u0131na dayand\u0131rma amac\u0131yla, dini veya din duygular\u0131n\u0131 yahut dince kutsal say\u0131lan \u015feyleri istismar edemeyece\u011fi ve k\u00f6t\u00fcye kullanamayaca\u011f\u0131 belirtilmektedir.<\/p>\n<p style=\"text-align: justify;\">Laiklik ilkesi gere\u011fince devletin b\u00fct\u00fcn dinler kar\u015f\u0131s\u0131nda tarafs\u0131z olmas\u0131, b\u00fct\u00fcn din mensuplar\u0131na ve dini inanc\u0131 olmayanlara e\u015fit davranmas\u0131 zorunludur. Bu zorunluluk Anayasa&#8217;n\u0131n 10. maddesinde d\u00fczenlenen herkesin din, mezhep ve benzeri sebeplerle ay\u0131r\u0131m g\u00f6zetilmeksizin kanun \u00f6n\u00fcnde e\u015fit oldu\u011funu h\u00fckme ba\u011flayan e\u015fitlik ilkesinin de gere\u011fidir. Kanun \u00f6n\u00fcnde e\u015fitlik, bireyin b\u00fct\u00fcn de\u011ferlerinin ve her t\u00fcrl\u00fc kimlik tercihinin de sayg\u0131 g\u00f6rmesi ve korunmas\u0131 demektir.<\/p>\n<p style=\"text-align: justify;\">Aslolan, herkesin ve toplumun her kesiminin haklar\u0131n\u0131 korumak oldu\u011fundan, laiklik toplumsal bar\u0131\u015f a\u00e7\u0131s\u0131ndan \u00f6nemli bir i\u015flev g\u00f6rmekte ve herkesin e\u015fit bireyler olarak toplumsal hayata kat\u0131lmalar\u0131na imkan sa\u011flamaktad\u0131r. Bu sebeple, laiklik bir \u00f6zg\u00fcrl\u00fck ilkesi oldu\u011fu gibi toplumsal uzla\u015fma ve bar\u0131\u015f ilkesi olarak da g\u00f6r\u00fclmelidir. Laiklik ilkesinin kabul edilmesinin 75. y\u0131l d\u00f6n\u00fcm\u00fcnde, Cumhuriyetimizin niteliklerinin milletimizin birlikte ya\u015fama iradesini g\u00fc\u00e7lendirmeye devam etti\u011finden hi\u00e7 kimsenin \u015f\u00fcphesi bulunmamaktad\u0131r.\u201d<\/p>\n<p style=\"text-align: justify;\"><a href=\"http:\/\/www.gazeteport.com\/haber\/77542\/gulden_laiklik_mesaji\" target=\"_blank\">Kaynak : GAZETEPORT<\/a><\/p>\n","protected":false},"excerpt":{"rendered":"<p style=\"text-align: center;\">\n<p style=\"text-align: justify;\">Cumhurba\u015fkan\u0131 G\u00fcl, laiklik ilkesinin Anayasa&#8217;ya girmesinin 75. y\u0131l d\u00f6n\u00fcm\u00fcnde konuyla ilgili mesaj yay\u0131mlad\u0131.<\/p>\n<p style=\"text-align: justify;\">ANKARA &#8211; Cumhurba\u015fkan\u0131 Abdullah G\u00fcl, laiklik ilkesinin Anayasa&#8217;ya girmesinin 75. y\u0131l d\u00f6n\u00fcm\u00fcnde milletin, Cumhuriyetin di\u011fer niteliklerinin yan\u0131nda bu ilke \u00fczerinde de g\u00fc\u00e7l\u00fc bir anlay\u0131\u015f birli\u011fi i\u00e7inde oldu\u011funu belirtti.Cumhurba\u015fkanl\u0131\u011f\u0131 Bas\u0131n Merkezi&#8217;nden yap\u0131lan a\u00e7\u0131klamaya g\u00f6re, Cumhurba\u015fkan\u0131 G\u00fcl, <\/p>\n","protected":false},"author":1,"featured_media":0,"comment_status":"open","ping_status":"open","sticky":false,"template":"","format":"standard","meta":{"footnotes":""},"categories":[105],"tags":[90,897,896],"class_list":["post-48411","post","type-post","status-publish","format-standard","hentry","category-gundem","tag-abdullah-gul","tag-anayasa","tag-laiklik-ilkesi","odd"],"_links":{"self":[{"href":"http:\/\/www.korhanyilmaz.com\/index.php?rest_route=\/wp\/v2\/posts\/48411","targetHints":{"allow":["GET"]}}],"collection":[{"href":"http:\/\/www.korhanyilmaz.com\/index.php?rest_route=\/wp\/v2\/posts"}],"about":[{"href":"http:\/\/www.korhanyilmaz.com\/index.php?rest_route=\/wp\/v2\/types\/post"}],"author":[{"embeddable":true,"href":"http:\/\/www.korhanyilmaz.com\/index.php?rest_route=\/wp\/v2\/users\/1"}],"replies":[{"embeddable":true,"href":"http:\/\/www.korhanyilmaz.com\/index.php?rest_route=%2Fwp%2Fv2%2Fcomments&post=48411"}],"version-history":[{"count":0,"href":"http:\/\/www.korhanyilmaz.com\/index.php?rest_route=\/wp\/v2\/posts\/48411\/revisions"}],"wp:attachment":[{"href":"http:\/\/www.korhanyilmaz.com\/index.php?rest_route=%2Fwp%2Fv2%2Fmedia&parent=48411"}],"wp:term":[{"taxonomy":"category","embeddable":true,"href":"http:\/\/www.korhanyilmaz.com\/index.php?rest_route=%2Fwp%2Fv2%2Fcategories&post=48411"},{"taxonomy":"post_tag","embeddable":true,"href":"http:\/\/www.korhanyilmaz.com\/index.php?rest_route=%2Fwp%2Fv2%2Ftags&post=48411"}],"curies":[{"name":"wp","href":"https:\/\/api.w.org\/{rel}","templated":true}]}}