{"id":4841,"date":"2009-03-11T17:08:05","date_gmt":"2009-03-11T15:08:05","guid":{"rendered":"http:\/\/www.korhanyilmaz.com\/?p=4841"},"modified":"2009-03-11T17:08:05","modified_gmt":"2009-03-11T15:08:05","slug":"otv-ve-kdv-indirimi-geliyor","status":"publish","type":"post","link":"http:\/\/www.korhanyilmaz.com\/?p=4841","title":{"rendered":"\u00d6TV ve KDV indirimi geliyor"},"content":{"rendered":"<p style=\"text-align: center;\"><img loading=\"lazy\" decoding=\"async\" class=\"aligncenter size-full wp-image-4842\" title=\"\u00d6TV ve KDV indirimi geliyor \" src=\"http:\/\/www.korhanyilmaz.com\/wp-content\/uploads\/2009\/03\/120320091041585809155.jpg\" alt=\"\u00d6TV ve KDV indirimi geliyor \" width=\"376\" height=\"240\" \/><\/p>\n<p style=\"text-align: justify;\">\n<p style=\"text-align: justify;\"><strong>Paket sinyali geldi, i\u015fler tam durdu!<\/strong><\/p>\n<p style=\"text-align: justify;\">Ba\u015fta otomotiv ve beyaz e\u015fyada olmak \u00fczere KDV ve \u00d6TV indirimlerini de i\u00e7eren bir paketin sinyali Ba\u015fbakan Yard\u0131mc\u0131s\u0131 Naz\u0131m Ekren taraf\u0131ndan verildi<\/p>\n<p style=\"text-align: justify;\">Ekonomide son iki ayda ya\u015fanan ihracat ile \u00fcretimdeki d\u00fc\u015f\u00fc\u015ften sonra bir de i\u00e7 talepteki daralma nedeniyle kapasite kullan\u0131m oran\u0131nda g\u00f6r\u00fclen daralma \u00fczerine H\u00fck\u00fcmet yeni bir tedbir paketini g\u00fcndeme almak zorunda kald\u0131. Ekonomiden Sorumlu Devlet Bakan\u0131 ve Ba\u015fbakan Yard\u0131mc\u0131s\u0131 Naz\u0131m Ekren, d\u00fcn ekonomi y\u00f6netimi olarak yeni bir tedbir paketini daha g\u00fcndemlerine ald\u0131klar\u0131n\u0131 belirterek, yeni paketi &#8220;Muhtemelen se\u00e7im \u00f6ncesinde \u00e7\u0131kar\u0131r\u0131z&#8221; diye konu\u015ftu. Getirilecek yeni tedbirlerle ilgili somut bilgi vermeyen Ekren, \u00fczerinde \u00e7al\u0131\u015f\u0131lan tedbir \u00f6nerilerinin iki aya\u011f\u0131 bulunaca\u011f\u0131n\u0131 s\u00f6yledi. Paketin bir yandan piyasadaki likiditeyi art\u0131rmas\u0131 di\u011fer yandan da i\u00e7 talebi canland\u0131rmas\u0131 hedeflenecek. Bu kapsamda Ekren, mali disiplini bozmayacak \u015fekilde vergi d\u00fczenlemelerine gidilebilece\u011finin i\u015faretini verdi.<!--more--><\/p>\n<p style=\"text-align: justify;\"><strong>D\u00f6rd\u00fcnc\u00fc paket oluyor <\/strong><\/p>\n<p style=\"text-align: justify;\">Ekren yeni \u00f6nlem paketine ili\u015fkin \u015funlar\u0131 s\u00f6yledi: &#8220;Krize ili\u015fkin tedbirleri 2008&#8217;in ikinci yar\u0131s\u0131ndan bu yana ad\u0131m ad\u0131m almaya ba\u015flam\u0131\u015ft\u0131k. D\u00f6rd\u00fcnc\u00fc pakette altyap\u0131 yat\u0131r\u0131mlar\u0131 ve faiz indirimleri de yer alacak. Bu paketi muhtemelen se\u00e7im \u00f6ncesinde \u00e7\u0131kar\u0131r\u0131z. T\u00fcrkiye&#8217;nin ana sorunu \u015fu anda d\u0131\u015f talep ve d\u0131\u015f fondaki daralmad\u0131r. Dolay\u0131s\u0131yla burada birinci inisiyatifi Eximbank&#8217;a kullanmak makuld\u00fcr. \u0130\u00e7erideki talep konusunda da s\u0131k\u0131nt\u0131 \u00e7ekilmemesi gerekir. Talebi art\u0131rmak i\u00e7in vergi d\u00fczenlemelerine ili\u015fkin de mali disiplini bozmayacak \u015fekilde inisiyatif kullanaca\u011f\u0131z. Talebi art\u0131rmak i\u00e7in de ayn\u0131 2004 y\u0131l\u0131nda, ekonominin h\u0131zla b\u00fcy\u00fcd\u00fc\u011f\u00fc d\u00f6nemde toplam talebi kontrol etmek i\u00e7in alm\u0131\u015f oldu\u011fumuz tedbirlerin \u015fimdi tam tersini alabiliriz.&#8221;<\/p>\n<p style=\"text-align: justify;\">Ekren, belli kritik sekt\u00f6rlerde i\u00e7 ve d\u0131\u015f talepteki s\u0131k\u0131nt\u0131dan dolay\u0131 stoklar olu\u015ftu\u011funu, bu stoklar\u0131n ge\u00e7ici olarak bir d\u00fczenlemeyle \u00e7\u00f6z\u00fclebilme ihtimalini g\u00f6rd\u00fcklerinde bunu da devreye sokacaklar\u0131n\u0131 belirterek \u015funlar\u0131 s\u00f6yledi: &#8220;Kredi mekanizmas\u0131n\u0131n sa\u011fl\u0131kl\u0131 \u00e7al\u0131\u015fabilmesi i\u00e7in bankac\u0131l\u0131k sekt\u00f6r\u00fcn\u00fcn mali yap\u0131s\u0131n\u0131n, kredi kaynaklar\u0131n\u0131n sa\u011flaml\u0131\u011f\u0131 yan\u0131nda \u00f6zel sekt\u00f6r\u00fcn de sorunlar\u0131n\u0131 dikkate al\u0131p bu ikisinin dengesini bozmayacak ama kredi al\u0131\u015fveri\u015fini sa\u011flayacak bir d\u00fczenleme gerekiyor. Dolay\u0131s\u0131yla son paketin ana i\u00e7eri\u011fi bu olacak&#8221; dedi.<\/p>\n<p style=\"text-align: justify;\">Bakan Ekren&#8217;in bu s\u00f6zleri pek \u00e7ok internet sitesinde &#8220;Otomotive \u00d6TV indirimi geliyor&#8221; \u015feklinde verildi. Bu haberin yay\u0131lmas\u0131 ile birlikte d\u00fcn plakas\u0131 tak\u0131lacak pek \u00e7ok arac\u0131n sat\u0131\u015f\u0131nda iptaller oldu\u011fu belirtildi. Otomotivciler, &#8220;L\u00fctfen bir vergi d\u00fczenlemesi yap\u0131lacaksa bir g\u00fcn i\u00e7inde a\u00e7\u0131klay\u0131n ve yap\u0131n. Beklenti bizim i\u00e7in \u00e7ok daha k\u00f6t\u00fc sonu\u00e7lar do\u011furuyor&#8221; dediler.<\/p>\n<p style=\"text-align: justify;\"><span style=\"color: #888888;\">Kaynak : G\u00fcl\u00fcmhan G\u00fclten \/ Vatan Gazetesi <\/span><\/p>\n<p style=\"text-align: justify;\">\n","protected":false},"excerpt":{"rendered":"<p style=\"text-align: center;\">\n<p style=\"text-align: justify;\">\n<p style=\"text-align: justify;\">Paket sinyali geldi, i\u015fler tam durdu!<\/p>\n<p style=\"text-align: justify;\">Ba\u015fta otomotiv ve beyaz e\u015fyada olmak \u00fczere KDV ve \u00d6TV indirimlerini de i\u00e7eren bir paketin sinyali Ba\u015fbakan Yard\u0131mc\u0131s\u0131 Naz\u0131m Ekren taraf\u0131ndan verildi<\/p>\n<p style=\"text-align: justify;\">Ekonomide son iki ayda ya\u015fanan ihracat ile \u00fcretimdeki d\u00fc\u015f\u00fc\u015ften sonra bir de i\u00e7 talepteki daralma <\/p>\n","protected":false},"author":1,"featured_media":0,"comment_status":"open","ping_status":"closed","sticky":false,"template":"","format":"standard","meta":{"footnotes":""},"categories":[7],"tags":[],"class_list":["post-4841","post","type-post","status-publish","format-standard","hentry","category-ekonomi","odd"],"_links":{"self":[{"href":"http:\/\/www.korhanyilmaz.com\/index.php?rest_route=\/wp\/v2\/posts\/4841","targetHints":{"allow":["GET"]}}],"collection":[{"href":"http:\/\/www.korhanyilmaz.com\/index.php?rest_route=\/wp\/v2\/posts"}],"about":[{"href":"http:\/\/www.korhanyilmaz.com\/index.php?rest_route=\/wp\/v2\/types\/post"}],"author":[{"embeddable":true,"href":"http:\/\/www.korhanyilmaz.com\/index.php?rest_route=\/wp\/v2\/users\/1"}],"replies":[{"embeddable":true,"href":"http:\/\/www.korhanyilmaz.com\/index.php?rest_route=%2Fwp%2Fv2%2Fcomments&post=4841"}],"version-history":[{"count":0,"href":"http:\/\/www.korhanyilmaz.com\/index.php?rest_route=\/wp\/v2\/posts\/4841\/revisions"}],"wp:attachment":[{"href":"http:\/\/www.korhanyilmaz.com\/index.php?rest_route=%2Fwp%2Fv2%2Fmedia&parent=4841"}],"wp:term":[{"taxonomy":"category","embeddable":true,"href":"http:\/\/www.korhanyilmaz.com\/index.php?rest_route=%2Fwp%2Fv2%2Fcategories&post=4841"},{"taxonomy":"post_tag","embeddable":true,"href":"http:\/\/www.korhanyilmaz.com\/index.php?rest_route=%2Fwp%2Fv2%2Ftags&post=4841"}],"curies":[{"name":"wp","href":"https:\/\/api.w.org\/{rel}","templated":true}]}}