{"id":48406,"date":"2012-02-04T22:16:16","date_gmt":"2012-02-04T20:16:16","guid":{"rendered":"http:\/\/www.korhanyilmaz.com\/?p=48406"},"modified":"2012-02-05T12:43:43","modified_gmt":"2012-02-05T10:43:43","slug":"erdoganin-konusmasini-tehlikeli-buldu","status":"publish","type":"post","link":"http:\/\/www.korhanyilmaz.com\/?p=48406","title":{"rendered":"Erdo\u011fan&#8217;\u0131n konu\u015fmas\u0131n\u0131 tehlikeli buldu"},"content":{"rendered":"<p style=\"text-align: center;\"><a href=\"http:\/\/www.korhanyilmaz.com\/wp-content\/uploads\/2012\/02\/9616.jpg\"  class=\"lightview\"><img loading=\"lazy\" decoding=\"async\" class=\"aligncenter  wp-image-48407\" src=\"http:\/\/www.korhanyilmaz.com\/wp-content\/uploads\/2012\/02\/9616.jpg\" alt=\"\" width=\"315\" height=\"224\" \/><\/a><\/p>\n<p style=\"text-align: justify;\">CHP Genel Ba\u015fkan Yard\u0131mc\u0131s\u0131 G\u00fcrsel Tekin, &#8220;Son d\u00f6nemlerde Say\u0131n Ba\u015fbakan\u0131n i\u00e7e d\u00f6n\u00fck, dine d\u00f6n\u00fck, mezheplere d\u00f6n\u00fck konu\u015fmas\u0131 ger\u00e7ekten tehlikeli&#8221; dedi.<\/p>\n<p style=\"text-align: justify;\">Kars-I\u011fd\u0131r-Ard\u0131hanl\u0131lar Dayan\u0131\u015fma Derne\u011finin d\u00fczenledi\u011fi &#8220;Karsl\u0131lar Kaz Gecesi&#8221;ne kat\u0131lmak \u00fczere Adana&#8217;ya gelen Tekin&#8217;i, havaliman\u0131nda \u00e7ok say\u0131da partili pankartlarla kar\u015f\u0131lad\u0131.\u00a0<!--more--><\/p>\n<p style=\"text-align: justify;\">Tekin, bir d\u00fc\u011f\u00fcn salonda d\u00fczenlenen programda yapt\u0131\u011f\u0131 konu\u015fmada, Kars&#8217;ta t\u00fcm k\u00fclt\u00fcrlerin bir arada karde\u015f\u00e7e ya\u015fad\u0131\u011f\u0131n\u0131 belirterek, bunun \u00f6nemli bir \u00f6zellik oldu\u011funu vurgulad\u0131.<\/p>\n<p style=\"text-align: justify;\">Son d\u00f6nemlerde Suriye, \u0130ran, Irak ba\u015fta olmak \u00fczere Ortado\u011fu co\u011frafyas\u0131nda ciddi kar\u0131\u015f\u0131kl\u0131klar ya\u015fand\u0131\u011f\u0131n\u0131 belirten Tekin, \u015funlar\u0131 kaydetti: &#8220;Ayn\u0131 s\u00fcrecin T\u00fcrkiye&#8217;de olmamas\u0131 i\u00e7in hepimizin m\u00fccadele etmesi gerekiyor. Son d\u00f6nemlerde Say\u0131n Ba\u015fbakan\u0131n i\u00e7e d\u00f6n\u00fck, dine d\u00f6n\u00fck, mezheplere d\u00f6n\u00fck konu\u015fmas\u0131 ger\u00e7ekten tehlikeli. Buna hepinizin dikkatini \u00e7ekmek istiyorum. Onun i\u00e7in Kars&#8217;\u0131n \u00f6nemi var. B\u00fct\u00fcn bu co\u011frafyadaki yoksullu\u011fa ra\u011fmen bir arada ya\u015famay\u0131 becermi\u015fler. Demek ki T\u00fcrkiye&#8217;de de bir arada ya\u015famay\u0131 becermeliyiz. Buna da b\u00fcy\u00fck ihtiyac\u0131m\u0131z var. Adana da ona benzer. \u00d6zellikle son d\u00f6nemlerde \u00e7ok g\u00f6\u00e7 alan illerimizin bir tanesi. Her ne kadar i\u015fsizli\u011fi, yoksulu fazlala\u015fm\u0131\u015f olsa da Adana&#8217;n\u0131n b\u00f6yle bir \u00f6zelli\u011fi var.&#8221;<\/p>\n<p style=\"text-align: justify;\">Tekin, \u0130stanbul, Ankara, \u0130zmir&#8217;de oldu\u011fu gibi Adana&#8217;da da Karsl\u0131 hem\u015fehrilerinin bir arada olmay\u0131 ve \u00f6zellikle s\u0131k\u0131nt\u0131l\u0131 g\u00fcnlerde bir dayan\u0131\u015fma i\u00e7inde bulunmay\u0131 becerebildi\u011fini s\u00f6zlerine ekledi.<\/p>\n<p style=\"text-align: justify;\">Kars-I\u011fd\u0131r-Ard\u0131hanl\u0131lar Dayan\u0131\u015fma Derne\u011fi Ba\u015fkan\u0131 Turgay K\u0131l\u00e7ak, g\u00fcn\u00fcn an\u0131s\u0131na Tekin&#8217;e te\u015fekk\u00fcr plaketi verdi.<\/p>\n<p style=\"text-align: justify;\">Geceye CHP Adana Milletvekilleri Turgay Develi ve Ali Demir\u00e7al\u0131 da kat\u0131ld\u0131.<\/p>\n<p style=\"text-align: justify;\"><a href=\"http:\/\/www.cnnturk.com\/2012\/turkiye\/02\/04\/erdoganin.konusmasini.tehlikeli.buldu\/647739.0\/index.html\" target=\"_blank\">Kaynak : CNN T\u00dcRK<\/a><\/p>\n","protected":false},"excerpt":{"rendered":"<p style=\"text-align: center;\">\n<p style=\"text-align: justify;\">CHP Genel Ba\u015fkan Yard\u0131mc\u0131s\u0131 G\u00fcrsel Tekin, &#8220;Son d\u00f6nemlerde Say\u0131n Ba\u015fbakan\u0131n i\u00e7e d\u00f6n\u00fck, dine d\u00f6n\u00fck, mezheplere d\u00f6n\u00fck konu\u015fmas\u0131 ger\u00e7ekten tehlikeli&#8221; dedi.<\/p>\n<p style=\"text-align: justify;\">Kars-I\u011fd\u0131r-Ard\u0131hanl\u0131lar Dayan\u0131\u015fma Derne\u011finin d\u00fczenledi\u011fi &#8220;Karsl\u0131lar Kaz Gecesi&#8221;ne kat\u0131lmak \u00fczere Adana&#8217;ya gelen Tekin&#8217;i, havaliman\u0131nda \u00e7ok say\u0131da partili pankartlarla kar\u015f\u0131lad\u0131. <\/p>\n","protected":false},"author":1,"featured_media":0,"comment_status":"open","ping_status":"open","sticky":false,"template":"","format":"standard","meta":{"footnotes":""},"categories":[105],"tags":[],"class_list":["post-48406","post","type-post","status-publish","format-standard","hentry","category-gundem","odd"],"_links":{"self":[{"href":"http:\/\/www.korhanyilmaz.com\/index.php?rest_route=\/wp\/v2\/posts\/48406","targetHints":{"allow":["GET"]}}],"collection":[{"href":"http:\/\/www.korhanyilmaz.com\/index.php?rest_route=\/wp\/v2\/posts"}],"about":[{"href":"http:\/\/www.korhanyilmaz.com\/index.php?rest_route=\/wp\/v2\/types\/post"}],"author":[{"embeddable":true,"href":"http:\/\/www.korhanyilmaz.com\/index.php?rest_route=\/wp\/v2\/users\/1"}],"replies":[{"embeddable":true,"href":"http:\/\/www.korhanyilmaz.com\/index.php?rest_route=%2Fwp%2Fv2%2Fcomments&post=48406"}],"version-history":[{"count":0,"href":"http:\/\/www.korhanyilmaz.com\/index.php?rest_route=\/wp\/v2\/posts\/48406\/revisions"}],"wp:attachment":[{"href":"http:\/\/www.korhanyilmaz.com\/index.php?rest_route=%2Fwp%2Fv2%2Fmedia&parent=48406"}],"wp:term":[{"taxonomy":"category","embeddable":true,"href":"http:\/\/www.korhanyilmaz.com\/index.php?rest_route=%2Fwp%2Fv2%2Fcategories&post=48406"},{"taxonomy":"post_tag","embeddable":true,"href":"http:\/\/www.korhanyilmaz.com\/index.php?rest_route=%2Fwp%2Fv2%2Ftags&post=48406"}],"curies":[{"name":"wp","href":"https:\/\/api.w.org\/{rel}","templated":true}]}}