{"id":48395,"date":"2012-02-04T23:30:33","date_gmt":"2012-02-04T21:30:33","guid":{"rendered":"http:\/\/www.korhanyilmaz.com\/?p=48395"},"modified":"2012-02-05T12:17:38","modified_gmt":"2012-02-05T10:17:38","slug":"erdoganin-programlari-iptal","status":"publish","type":"post","link":"http:\/\/www.korhanyilmaz.com\/?p=48395","title":{"rendered":"Erdo\u011fan&#8217;\u0131n programlar\u0131 iptal"},"content":{"rendered":"<p style=\"text-align: center;\"><a href=\"http:\/\/www.korhanyilmaz.com\/wp-content\/uploads\/2012\/02\/9614.jpg\"  class=\"lightview\"><img loading=\"lazy\" decoding=\"async\" class=\"aligncenter  wp-image-48396\" src=\"http:\/\/www.korhanyilmaz.com\/wp-content\/uploads\/2012\/02\/9614.jpg\" alt=\"\" width=\"315\" height=\"220\" \/><\/a><\/p>\n<p style=\"text-align: justify;\">\u0130stanbul&#8217;da bulunan Ba\u015fbakan Recep Tayyip Erdo\u011fan&#8217;\u0131n, Cumartesi ak\u015fam\u0131 i\u00e7in kat\u0131laca\u011f\u0131 iki program iptal oldu.<\/p>\n<p style=\"text-align: justify;\">Erdo\u011fan, saat 11.30 s\u0131ralar\u0131nda K\u0131s\u0131kl\u0131&#8217;daki evinden \u00e7\u0131karak, annesi Tenzile Erdo\u011fan ile babas\u0131 Ahmet Erdo\u011fan&#8217;\u0131n Karacaahmet Mezarl\u0131\u011f\u0131&#8217;nda bulunan kabirlerini ziyaret etti.\u00a0<!--more--><\/p>\n<p style=\"text-align: justify;\">Burada yakla\u015f\u0131k 10 dakika kald\u0131ktan sonra tekrar evine d\u00f6nen Ba\u015fbakan Erdo\u011fan&#8217;\u0131n saat 19.00 ve 20.00&#8217;da Cemal Re\u015fit Rey Konser Salonu&#8217;nda yap\u0131lacak iki programa kat\u0131lmas\u0131 bekleniyordu.<\/p>\n<p style=\"text-align: justify;\">Erdo\u011fan, \u00f6nce Hilye-i \u015eerif Sergisi&#8217;ni gezecek, ard\u0131ndan da B\u00fcy\u00fck Dua (Cev\u015fen) konserine kat\u0131lacakt\u0131.<\/p>\n<p style=\"text-align: justify;\">Ancak saat 19.00&#8217;a do\u011fru Ba\u015fbakan&#8217;\u0131n programlara kat\u0131lmayaca\u011f\u0131 bilgisi verildi.<\/p>\n<p style=\"text-align: justify;\">Program\u0131n iptaline ili\u015fkin herhangi bir a\u00e7\u0131klama yap\u0131lmazken, iptalin oldu\u011fu saatlerde Birle\u015fmi\u015f Milletler G\u00fcvenlik Konseyi&#8217;nde Suriye konusu g\u00f6r\u00fc\u015f\u00fcl\u00fcyordu.<\/p>\n<p style=\"text-align: justify;\"><a href=\"http:\/\/www.cnnturk.com\/2012\/guncel\/02\/04\/erdoganin.programlari.iptal\/647752.0\/index.html\" target=\"_blank\">Kaynak : CNN T\u00dcRK<\/a><\/p>\n","protected":false},"excerpt":{"rendered":"<p style=\"text-align: center;\">\n<p style=\"text-align: justify;\">\u0130stanbul&#8217;da bulunan Ba\u015fbakan Recep Tayyip Erdo\u011fan&#8217;\u0131n, Cumartesi ak\u015fam\u0131 i\u00e7in kat\u0131laca\u011f\u0131 iki program iptal oldu.<\/p>\n<p style=\"text-align: justify;\">Erdo\u011fan, saat 11.30 s\u0131ralar\u0131nda K\u0131s\u0131kl\u0131&#8217;daki evinden \u00e7\u0131karak, annesi Tenzile Erdo\u011fan ile babas\u0131 Ahmet Erdo\u011fan&#8217;\u0131n Karacaahmet Mezarl\u0131\u011f\u0131&#8217;nda bulunan kabirlerini ziyaret etti. <\/p>\n","protected":false},"author":1,"featured_media":0,"comment_status":"open","ping_status":"open","sticky":false,"template":"","format":"standard","meta":{"footnotes":""},"categories":[105],"tags":[],"class_list":["post-48395","post","type-post","status-publish","format-standard","hentry","category-gundem","odd"],"_links":{"self":[{"href":"http:\/\/www.korhanyilmaz.com\/index.php?rest_route=\/wp\/v2\/posts\/48395","targetHints":{"allow":["GET"]}}],"collection":[{"href":"http:\/\/www.korhanyilmaz.com\/index.php?rest_route=\/wp\/v2\/posts"}],"about":[{"href":"http:\/\/www.korhanyilmaz.com\/index.php?rest_route=\/wp\/v2\/types\/post"}],"author":[{"embeddable":true,"href":"http:\/\/www.korhanyilmaz.com\/index.php?rest_route=\/wp\/v2\/users\/1"}],"replies":[{"embeddable":true,"href":"http:\/\/www.korhanyilmaz.com\/index.php?rest_route=%2Fwp%2Fv2%2Fcomments&post=48395"}],"version-history":[{"count":0,"href":"http:\/\/www.korhanyilmaz.com\/index.php?rest_route=\/wp\/v2\/posts\/48395\/revisions"}],"wp:attachment":[{"href":"http:\/\/www.korhanyilmaz.com\/index.php?rest_route=%2Fwp%2Fv2%2Fmedia&parent=48395"}],"wp:term":[{"taxonomy":"category","embeddable":true,"href":"http:\/\/www.korhanyilmaz.com\/index.php?rest_route=%2Fwp%2Fv2%2Fcategories&post=48395"},{"taxonomy":"post_tag","embeddable":true,"href":"http:\/\/www.korhanyilmaz.com\/index.php?rest_route=%2Fwp%2Fv2%2Ftags&post=48395"}],"curies":[{"name":"wp","href":"https:\/\/api.w.org\/{rel}","templated":true}]}}