{"id":48390,"date":"2012-02-05T08:02:24","date_gmt":"2012-02-05T06:02:24","guid":{"rendered":"http:\/\/www.korhanyilmaz.com\/?p=48390"},"modified":"2012-02-05T01:57:35","modified_gmt":"2012-02-04T23:57:35","slug":"pol-ostir","status":"publish","type":"post","link":"http:\/\/www.korhanyilmaz.com\/?p=48390","title":{"rendered":"Pol Ost\u0131r"},"content":{"rendered":"<div id=\"attachment_37365\" style=\"width: 115px\" class=\"wp-caption alignright\"><img loading=\"lazy\" decoding=\"async\" aria-describedby=\"caption-attachment-37365\" class=\" wp-image-37365 \" title=\"Y\u0131lmaz \u00d6zdil - H\u00fcrriyet Gazetesi\" src=\"http:\/\/www.korhanyilmaz.com\/wp-content\/uploads\/2011\/07\/257.jpg\" alt=\"\" width=\"105\" height=\"112\" \/><p id=\"caption-attachment-37365\" class=\"wp-caption-text\">Y\u0131lmaz \u00d6zdil<\/p><\/div>\n<p style=\"text-align: justify;\">Ki\u015fi ba\u015f\u0131na kitap okuma oran\u0131, Afrika\u2019n\u0131n bile gerisinde olan T\u00fcrkiye\u2019de&#8230;<\/p>\n<p style=\"text-align: justify;\">Pol Ost\u0131r\u2019\u0131n \u201cgelmem\u201d demesiyle, Hotantu kral\u0131n\u0131n \u201cgeleyim mi\u201d demesi aras\u0131nda bi fark yoktur.<\/p>\n<p style=\"text-align: justify;\">*<\/p>\n<p style=\"text-align: justify;\">O nedenle&#8230; Mevl\u00e2n\u00e2\u2019y\u0131 anmaya gitti\u011finde insanl\u0131\u011f\u0131 kucaklay\u0131p \u201ckim olursan ol gel\u201d diyenlerin, \u015fimdi \u00e7\u0131k\u0131p, \u201cgelsen n\u2019olur, gelmesen n\u2019olur\u201d demesi, gayet normaldir.<!--more--><\/p>\n<p style=\"text-align: justify;\">*<\/p>\n<p style=\"text-align: justify;\">\u00dcstelik&#8230;<\/p>\n<p style=\"text-align: justify;\">*<\/p>\n<p style=\"text-align: justify;\">Pol Ost\u0131r\u2019\u0131n \u201cmoon palace, ay saray\u0131\u201d isimli bi roman\u0131 var. Edison\u2019la, acayip g\u0131c\u0131k oldu\u011fu meslekta\u015f\u0131 Nikola Tesla aras\u0131ndaki bilimsel kavgay\u0131 uzuuun uzun anlat\u0131r. Tesla\u2019y\u0131 savunur. Edison\u2019u itin poposuna sokar. \u00c7\u00fcnk\u00fc&#8230; Edison, Yahudi d\u00fc\u015fman\u0131d\u0131r. Pol Ost\u0131r, Yahudi\u2019dir.<\/p>\n<p style=\"text-align: justify;\">*<\/p>\n<p style=\"text-align: justify;\">Ayr\u0131ca&#8230; Pol Ost\u0131r\u2019\u0131n babas\u0131, elektronik d\u00e2hisidir, 1929\u2019da Edison\u2019un laboratuvar\u0131nda i\u015fe girmi\u015f, ancak, Yahudi oldu\u011fu ortaya \u00e7\u0131k\u0131nca, Edison taraf\u0131ndan kovulmu\u015ftur. Pol Ost\u0131r, a\u00e7\u0131k a\u00e7\u0131k \u201croman\u0131m\u0131 yazarken, Nikola Tesla sayesinde, babam\u0131n intikam\u0131n\u0131 ald\u0131m\u201d demi\u015ftir.<\/p>\n<p style=\"text-align: justify;\">*<\/p>\n<p style=\"text-align: justify;\">Dolay\u0131s\u0131yla&#8230; Ampul\u2019\u00fc icat eden Edison taraf\u0131ndan babas\u0131 i\u015ften kovulan Pol Ost\u0131r\u2019\u0131n, ampul\u2019c\u00fcler taraf\u0131ndan aforoz edilmesi, \u015fa\u015f\u0131rt\u0131c\u0131 de\u011fildir.<\/p>\n<p style=\"text-align: justify;\">Malum, devlette devaml\u0131l\u0131k esast\u0131r!<\/p>\n<p style=\"text-align: justify;\">*<\/p>\n<p style=\"text-align: justify;\">Daha enteresan\u0131&#8230;<\/p>\n<p style=\"text-align: justify;\">Pol Ost\u0131r\u2019\u0131n avukatl\u0131\u011f\u0131n\u0131 yapt\u0131\u011f\u0131 Nikola Tesla, Ergenekon iddianamesinde \u201c\u015f\u00fcpheli \u015fah\u0131s\u201dt\u0131r!<\/p>\n<p style=\"text-align: justify;\">*<\/p>\n<p style=\"text-align: justify;\">Tutuklanan bi san\u0131\u011f\u0131n evinde yap\u0131lan aramada&#8230; Elektrofizik\u00e7i Nikola Tesla\u2019n\u0131n y\u00fcksek frekanslarla alakal\u0131 notlar\u0131 bulunmu\u015f, bask\u0131n\u0131 yapan polislerimiz d\u00fcnyaca \u00fcnl\u00fc mucidi tan\u0131mad\u0131\u011f\u0131 i\u00e7in huylanm\u0131\u015f, \u201cNikola Tesla isimli \u015fah\u0131s\u201d diye tutanak tutmu\u015f&#8230; Neticede, 69 sene evvel \u00f6len Nikola Tesla, derin devlet iddianamesine \u201c\u015f\u00fcpheli \u015fah\u0131s\u201d olarak girmi\u015ftir.<\/p>\n<p style=\"text-align: justify;\">*<\/p>\n<p style=\"text-align: justify;\">E hal b\u00f6yleyken.<\/p>\n<p style=\"text-align: justify;\">Pol Ost\u0131r\u2019\u0131n gelmemesi&#8230;<\/p>\n<p style=\"text-align: justify;\">Kendisi i\u00e7in hay\u0131rl\u0131d\u0131r.<\/p>\n<p style=\"text-align: justify;\"><a href=\"http:\/\/www.hurriyet.com.tr\/yazarlar\/19848074.asp\" target=\"_blank\">Kaynak : H\u00fcrriyet.com.tr<\/a><\/p>\n","protected":false},"excerpt":{"rendered":"<p id=\"caption-attachment-37365\" class=\"wp-caption-text\">Y\u0131lmaz \u00d6zdil<\/p>\n<p style=\"text-align: justify;\">Ki\u015fi ba\u015f\u0131na kitap okuma oran\u0131, Afrika\u2019n\u0131n bile gerisinde olan T\u00fcrkiye\u2019de&#8230;<\/p>\n<p style=\"text-align: justify;\">Pol Ost\u0131r\u2019\u0131n \u201cgelmem\u201d demesiyle, Hotantu kral\u0131n\u0131n \u201cgeleyim mi\u201d demesi aras\u0131nda bi fark yoktur.<\/p>\n<p style=\"text-align: justify;\">*<\/p>\n<p style=\"text-align: justify;\">O nedenle&#8230; Mevl\u00e2n\u00e2\u2019y\u0131 anmaya gitti\u011finde insanl\u0131\u011f\u0131 kucaklay\u0131p \u201ckim olursan ol gel\u201d diyenlerin, \u015fimdi \u00e7\u0131k\u0131p, \u201cgelsen n\u2019olur, gelmesen n\u2019olur\u201d demesi, <\/p>\n","protected":false},"author":1,"featured_media":0,"comment_status":"open","ping_status":"open","sticky":false,"template":"","format":"standard","meta":{"footnotes":""},"categories":[16],"tags":[30],"class_list":["post-48390","post","type-post","status-publish","format-standard","hentry","category-kose-yazilari","tag-yilmaz-ozdil","odd"],"_links":{"self":[{"href":"http:\/\/www.korhanyilmaz.com\/index.php?rest_route=\/wp\/v2\/posts\/48390","targetHints":{"allow":["GET"]}}],"collection":[{"href":"http:\/\/www.korhanyilmaz.com\/index.php?rest_route=\/wp\/v2\/posts"}],"about":[{"href":"http:\/\/www.korhanyilmaz.com\/index.php?rest_route=\/wp\/v2\/types\/post"}],"author":[{"embeddable":true,"href":"http:\/\/www.korhanyilmaz.com\/index.php?rest_route=\/wp\/v2\/users\/1"}],"replies":[{"embeddable":true,"href":"http:\/\/www.korhanyilmaz.com\/index.php?rest_route=%2Fwp%2Fv2%2Fcomments&post=48390"}],"version-history":[{"count":0,"href":"http:\/\/www.korhanyilmaz.com\/index.php?rest_route=\/wp\/v2\/posts\/48390\/revisions"}],"wp:attachment":[{"href":"http:\/\/www.korhanyilmaz.com\/index.php?rest_route=%2Fwp%2Fv2%2Fmedia&parent=48390"}],"wp:term":[{"taxonomy":"category","embeddable":true,"href":"http:\/\/www.korhanyilmaz.com\/index.php?rest_route=%2Fwp%2Fv2%2Fcategories&post=48390"},{"taxonomy":"post_tag","embeddable":true,"href":"http:\/\/www.korhanyilmaz.com\/index.php?rest_route=%2Fwp%2Fv2%2Ftags&post=48390"}],"curies":[{"name":"wp","href":"https:\/\/api.w.org\/{rel}","templated":true}]}}