{"id":48387,"date":"2012-02-04T08:02:15","date_gmt":"2012-02-04T06:02:15","guid":{"rendered":"http:\/\/www.korhanyilmaz.com\/?p=48387"},"modified":"2012-02-05T15:47:20","modified_gmt":"2012-02-05T13:47:20","slug":"genclige-hitabe","status":"publish","type":"post","link":"http:\/\/www.korhanyilmaz.com\/?p=48387","title":{"rendered":"Gen\u00e7li\u011fe hitabe"},"content":{"rendered":"<div id=\"attachment_37365\" style=\"width: 115px\" class=\"wp-caption alignright\"><img loading=\"lazy\" decoding=\"async\" aria-describedby=\"caption-attachment-37365\" class=\" wp-image-37365 \" title=\"Y\u0131lmaz \u00d6zdil - H\u00fcrriyet Gazetesi\" src=\"http:\/\/www.korhanyilmaz.com\/wp-content\/uploads\/2011\/07\/257.jpg\" alt=\"\" width=\"105\" height=\"112\" \/><p id=\"caption-attachment-37365\" class=\"wp-caption-text\">Y\u0131lmaz \u00d6zdil<\/p><\/div>\n<p style=\"text-align: justify;\">Gen\u00e7li\u011fe hitabe ayet midir?<\/p>\n<p style=\"text-align: justify;\">H\u00e2\u015f\u00e2&#8230;<\/p>\n<p style=\"text-align: justify;\">Ama, Allah\u2019\u0131n ilk emri ne?<\/p>\n<p style=\"text-align: justify;\">Oku!<\/p>\n<p style=\"text-align: justify;\">*<\/p>\n<p style=\"text-align: justify;\">Okumak laz\u0131m.<\/p>\n<p style=\"text-align: justify;\">*<\/p>\n<p style=\"text-align: justify;\">Birinci vazifen \u201c<strong>ba\u011f\u0131ms\u0131zl\u0131\u011f\u0131 korumak<\/strong>\u201d diyor. \u00c7\u00fcnk\u00fc, varl\u0131\u011f\u0131n \u201c<strong>ba\u011f\u0131ms\u0131zl\u0131\u011f\u0131na ba\u011fl\u0131<\/strong>\u201d diyor. Manevi \u201c<strong>hazine<\/strong>\u201dndir, \u201c<strong>g\u00fcven kayna\u011f\u0131<\/strong>\u201dnd\u0131r diyor. \u0130lerki y\u0131llarda, seni bu hazineden yoksun b\u0131rakmak isteyecek \u201c<strong>k\u00f6t\u00fc<\/strong>\u201dler olacak&#8230; Bu k\u00f6t\u00fcler, d\u0131\u015farda da olacak, \u201c<strong>i\u00e7erde<\/strong>\u201d de olacak diyor. Gelece\u011fine k\u0131ymak isteyen bu tipler \u201c<strong>e\u015fi benzeri g\u00f6r\u00fclmemi\u015f galibiyetlerin<\/strong>\u201d temsilcisi olabilir&#8230; Sak\u0131n ola \u015fartlar elveri\u015fsiz\u00a0filan diye d\u00fc\u015f\u00fcnme, elini ta\u015f\u0131n alt\u0131na koymaktan \u00e7ekinme, savun diyor.\u00a0<!--more--><\/p>\n<p style=\"text-align: justify;\">*<\/p>\n<p style=\"text-align: justify;\">Cebren ve hile\u2019yle, yani, \u201c<strong>zorla<\/strong>\u201d ve \u201c<strong>kand\u0131rarak<\/strong>\u201d vatan\u0131n b\u00fct\u00fcn kalelerini zaptedebilirler, b\u00fct\u00fcn tersanelerine girebilirler diyor. \u201c<strong>Ordu<\/strong>\u201dsu da\u011f\u0131t\u0131labilir diyor. Yurdun her k\u00f6\u015fesi \u201c<strong>i\u015fgal<\/strong>\u201d edilebilir diyor. Bunlardan daha ac\u0131 ve daha korkun\u00e7&#8230; Memleketi idare edenler, aymaz ve sapk\u0131n olabilir, hatta \u201c<strong>ihanet<\/strong>\u201d edebilirler. Gen\u00e7 arkada\u015f\u0131m&#8230; Bunlar, ki\u015fisel \u00e7\u0131karlar\u0131n\u0131, memleketin oras\u0131na buras\u0131na yerle\u015fen d\u0131\u015f g\u00fc\u00e7lerin siyasi ama\u00e7lar\u0131yla birle\u015ftirebilir diyor.<\/p>\n<p style=\"text-align: justify;\">*<\/p>\n<p style=\"text-align: justify;\">(\u00d6ng\u00f6r\u00fcye bak.)<\/p>\n<p style=\"text-align: justify;\">*<\/p>\n<p style=\"text-align: justify;\">Ulus, yoksulluktan bitkin d\u00fc\u015febilir, tepkisiz kalabilir, \u201c<strong>sen uyan\u0131k ol<\/strong>\u201d diyor. \u201c<strong>Korkma<\/strong>\u201d demeye getiriyor&#8230;<\/p>\n<p style=\"text-align: justify;\">\u201c<strong>Korkma<\/strong>\u201d diye ba\u015flayan d\u00fcnyadaki tek milli mar\u015f\u0131 hat\u0131rlat\u0131rcas\u0131na.<\/p>\n<p style=\"text-align: justify;\">*<\/p>\n<p style=\"text-align: justify;\">E okuyunca&#8230;<\/p>\n<p style=\"text-align: justify;\">*<\/p>\n<p style=\"text-align: justify;\">Kald\u0131r\u0131ls\u0131n karde\u015fim!<\/p>\n<p style=\"text-align: justify;\">Durdu\u011fu kabahat.<\/p>\n<p style=\"text-align: justify;\"><a href=\"http:\/\/www.hurriyet.com.tr\/yazarlar\/19842259.asp?yazarid=249\" target=\"_blank\">Kaynak : H\u00fcrriyet.com.tr<\/a><\/p>\n","protected":false},"excerpt":{"rendered":"<p id=\"caption-attachment-37365\" class=\"wp-caption-text\">Y\u0131lmaz \u00d6zdil<\/p>\n<p style=\"text-align: justify;\">Gen\u00e7li\u011fe hitabe ayet midir?<\/p>\n<p style=\"text-align: justify;\">H\u00e2\u015f\u00e2&#8230;<\/p>\n<p style=\"text-align: justify;\">Ama, Allah\u2019\u0131n ilk emri ne?<\/p>\n<p style=\"text-align: justify;\">Oku!<\/p>\n<p style=\"text-align: justify;\">*<\/p>\n<p style=\"text-align: justify;\">Okumak laz\u0131m.<\/p>\n<p style=\"text-align: justify;\">*<\/p>\n<p style=\"text-align: justify;\">Birinci vazifen \u201cba\u011f\u0131ms\u0131zl\u0131\u011f\u0131 korumak\u201d diyor. \u00c7\u00fcnk\u00fc, varl\u0131\u011f\u0131n \u201cba\u011f\u0131ms\u0131zl\u0131\u011f\u0131na ba\u011fl\u0131\u201d diyor. Manevi \u201chazine\u201dndir, \u201cg\u00fcven kayna\u011f\u0131\u201dnd\u0131r diyor. \u0130lerki y\u0131llarda, seni bu hazineden <\/p>\n","protected":false},"author":1,"featured_media":0,"comment_status":"open","ping_status":"open","sticky":false,"template":"","format":"standard","meta":{"footnotes":""},"categories":[16],"tags":[30],"class_list":["post-48387","post","type-post","status-publish","format-standard","hentry","category-kose-yazilari","tag-yilmaz-ozdil","odd"],"_links":{"self":[{"href":"http:\/\/www.korhanyilmaz.com\/index.php?rest_route=\/wp\/v2\/posts\/48387","targetHints":{"allow":["GET"]}}],"collection":[{"href":"http:\/\/www.korhanyilmaz.com\/index.php?rest_route=\/wp\/v2\/posts"}],"about":[{"href":"http:\/\/www.korhanyilmaz.com\/index.php?rest_route=\/wp\/v2\/types\/post"}],"author":[{"embeddable":true,"href":"http:\/\/www.korhanyilmaz.com\/index.php?rest_route=\/wp\/v2\/users\/1"}],"replies":[{"embeddable":true,"href":"http:\/\/www.korhanyilmaz.com\/index.php?rest_route=%2Fwp%2Fv2%2Fcomments&post=48387"}],"version-history":[{"count":0,"href":"http:\/\/www.korhanyilmaz.com\/index.php?rest_route=\/wp\/v2\/posts\/48387\/revisions"}],"wp:attachment":[{"href":"http:\/\/www.korhanyilmaz.com\/index.php?rest_route=%2Fwp%2Fv2%2Fmedia&parent=48387"}],"wp:term":[{"taxonomy":"category","embeddable":true,"href":"http:\/\/www.korhanyilmaz.com\/index.php?rest_route=%2Fwp%2Fv2%2Fcategories&post=48387"},{"taxonomy":"post_tag","embeddable":true,"href":"http:\/\/www.korhanyilmaz.com\/index.php?rest_route=%2Fwp%2Fv2%2Ftags&post=48387"}],"curies":[{"name":"wp","href":"https:\/\/api.w.org\/{rel}","templated":true}]}}