{"id":48378,"date":"2012-02-04T14:47:03","date_gmt":"2012-02-04T12:47:03","guid":{"rendered":"http:\/\/www.korhanyilmaz.com\/?p=48378"},"modified":"2012-02-04T18:45:17","modified_gmt":"2012-02-04T16:45:17","slug":"son-dua-once-yikildi-simdi-telafiye-calisiliyor","status":"publish","type":"post","link":"http:\/\/www.korhanyilmaz.com\/?p=48378","title":{"rendered":"&#8216;Son Dua&#8217; \u00f6nce y\u0131k\u0131ld\u0131 \u015fimdi telafiye \u00e7al\u0131\u015f\u0131l\u0131yor!"},"content":{"rendered":"<p style=\"text-align: center;\"><a href=\"http:\/\/www.korhanyilmaz.com\/wp-content\/uploads\/2012\/02\/9612.jpg\"  class=\"lightview\"><img loading=\"lazy\" decoding=\"async\" class=\"aligncenter  wp-image-48379\" src=\"http:\/\/www.korhanyilmaz.com\/wp-content\/uploads\/2012\/02\/9612.jpg\" alt=\"\" width=\"384\" height=\"254\" \/><\/a><\/p>\n<p style=\"text-align: justify;\">Malatya Ermeni Mezarl\u0131\u011f\u0131&#8217;nda yap\u0131lan son dua yeri ve gasilhanin per\u015fembe g\u00fcn\u00fc belediye ekiplerince y\u0131k\u0131lmas\u0131na tepkiler artarken, Malatya Valisi Ulvi Saran y\u0131k\u0131m karar\u0131 ile ilgili bir talimat\u0131n\u0131n olmad\u0131\u011f\u0131n\u0131 s\u00f6yledi.<\/p>\n<p style=\"text-align: justify;\">MALATYA &#8211; Malatya Valisi Ulvi Saran, \u00f6z\u00fcrl\u00fclere y\u00f6nelik kurs merkezinin a\u00e7\u0131l\u0131\u015f\u0131 sonras\u0131 bas\u0131n mensuplar\u0131n\u0131n sorular\u0131n\u0131 yan\u0131tlad\u0131. Vali Saran, y\u0131k\u0131mla ilgili de\u011ferlendirme yapmak i\u00e7in Belediye ve Emniyet yetkilileriyle bir araya geleceklerini belirtti.<!--more--><\/p>\n<p style=\"text-align: justify;\">Vali Saran, mezarl\u0131kta yap\u0131lan yap\u0131n\u0131n kilise olmad\u0131\u011f\u0131n\u0131 s\u00f6yledi. &#8220;Neticede orada bir din mensuplar\u0131n\u0131n vefat eden yak\u0131nlar\u0131n\u0131n mezarlar\u0131 var. Dolay\u0131s\u0131yla mezarlar\u0131n bulundu\u011fu yerde dini vecibelerinin yerine getirilmesi gereken baz\u0131 y\u00fck\u00fcml\u00fcklere cevap verecek bir tak\u0131m \u00fcnitelerin olmas\u0131 gayet do\u011fal&#8221; dedi.<\/p>\n<p style=\"text-align: justify;\">Ermeni Mezarl\u0131\u011f\u0131\u2019ndaki in\u015faat s\u0131ras\u0131nda imar plan\u0131 kriterlerini a\u015fan baz\u0131 noktalar oldu\u011funu ve bunun y\u0131k\u0131lmas\u0131 ile ilgili bir uygulama yap\u0131lmas\u0131 gerekti\u011fini vurgulayan Vali Saran, \u015f\u00f6yle devam etti: &#8220;San\u0131yorum onu a\u015fan bir sonu\u00e7 ortaya \u00e7\u0131kt\u0131. Dolay\u0131s\u0131yla y\u00fck\u00fcml\u00fcl\u00fck belediyeye ait oldu\u011fu i\u00e7in yerine getirilirken bir miktar mevzuat\u0131n gerektirdi\u011fi \u00f6l\u00e7\u00fcn\u00fcn d\u0131\u015f\u0131na ta\u015f\u0131nmas\u0131 belki bir uygulama sorunu olarak ortaya \u00e7\u0131km\u0131\u015ft\u0131r. Bunu de\u011ferlendirece\u011fiz, e\u011fer mevzuata ayk\u0131r\u0131 yap\u0131la\u015fman\u0131n d\u0131\u015f\u0131ndaki bunu a\u015fan bir durum varsa bunun telafisi i\u00e7in gerekeni yapaca\u011f\u0131z.&#8221;<\/p>\n<p style=\"text-align: justify;\">Vali Ulvi Saran, Ermeni Mezarl\u0131\u011f\u0131\u2019ndaki y\u0131k\u0131mla ilgili Valili\u011fin ilgisisi olmad\u0131\u011f\u0131n\u0131 belirterek, &#8220;Sadece mevzuata uygun yerine getirilmesi konusunda de\u011ferlendirmenin yap\u0131ld\u0131\u011f\u0131 s\u0131rada mevzuata ayk\u0131r\u0131 bir y\u00f6n varsa onu telefi edilmesi ve giderilmesi i\u00e7in de\u011ferlendirmemiz oldu. Ama uygulamada bu t\u00fcr sorunlar olabilir&#8221; diye konu\u015ftu.<\/p>\n<p style=\"text-align: justify;\">Olay\u0131n ortaya \u00e7\u0131kmas\u0131 ard\u0131ndan Belediye yaz\u0131l\u0131 a\u00e7\u0131klama yapm\u0131\u015f ve y\u0131k\u0131m\u0131n ekipler aras\u0131ndaki ileti\u015fim kopuklu\u011fu nedeniyle yanl\u0131\u015fl\u0131kla meydana geldi\u011fi a\u00e7\u0131klanm\u0131\u015ft\u0131. Ayr\u0131ca yanl\u0131\u015f y\u0131k\u0131m yapan ekipler hakk\u0131nda da idari soru\u015fturma ba\u015flat\u0131ld\u0131\u011f\u0131 bildirilmi\u015fti.<\/p>\n<p style=\"text-align: justify;\"><strong>BDP\u2019L\u0130 TUNCEL: \u2019YIKIMI KINIYORUZ\u2019\u00a0<\/strong><\/p>\n<p style=\"text-align: justify;\">Parti \u00e7al\u0131\u015fmas\u0131 i\u00e7in Malatya\u2019ya gelen BDP Milletvekili Sebahat Tuncel, Gazeteciler Cemiyeti\u2019nde d\u00fczenledi\u011fi bas\u0131n toplant\u0131s\u0131nda Ermeni Mezarl\u0131\u011f\u0131\u2019nda yap\u0131lan y\u0131k\u0131m\u0131 k\u0131nad\u0131klar\u0131n\u0131 s\u00f6yledi. Tuncel, belediyenin yapm\u0131\u015f oldu\u011fu &amp;lsquo;Yanl\u0131\u015f y\u0131kt\u0131k\u2019 a\u00e7\u0131klamas\u0131n\u0131n kabul edilemez oldu\u011funu, bunun izah\u0131n\u0131n olmad\u0131\u011f\u0131n\u0131 s\u00f6yledi. Bu y\u0131k\u0131mla Ermeni halk\u0131n\u0131n yaraland\u0131\u011f\u0131n\u0131 belirten Tuncel, &#8220;Hrant Dink Davas\u0131\u2019n\u0131n T\u00fcrkiye kamuoyununda bu kadar tart\u0131\u015f\u0131ld\u0131\u011f\u0131 bir d\u00f6nemde, Ermeni yurtta\u015flar\u0131m\u0131za yap\u0131lan ayr\u0131mc\u0131l\u0131\u011f\u0131n tart\u0131\u015f\u0131ld\u0131\u011f\u0131 bir d\u00f6nemde Malatya\u2019da b\u00f6yle bir olay\u0131n olu\u015fu kabul edilemez&#8221; dedi.<\/p>\n<p style=\"text-align: justify;\">Tuncel, Belediye Ba\u015fkan\u0131\u2019n\u0131n y\u0131k\u0131lan yeri yeniden yapaca\u011f\u0131z a\u00e7\u0131klamas\u0131n\u0131n bu olay\u0131 bertaraf etmeyece\u011fini, Ermeni yurtta\u015flardan \u00f6z\u00fcr dilenmesi gerekti\u011fini s\u00f6yledi.<\/p>\n<p style=\"text-align: justify;\"><a href=\"http:\/\/www.radikal.com.tr\/Radikal.aspx?aType=RadikalDetayV3&amp;ArticleID=1077723&amp;CategoryID=77\" target=\"_blank\">Kaynak : Radikal.com.tr<\/a><\/p>\n","protected":false},"excerpt":{"rendered":"<p style=\"text-align: center;\">\n<p style=\"text-align: justify;\">Malatya Ermeni Mezarl\u0131\u011f\u0131&#8217;nda yap\u0131lan son dua yeri ve gasilhanin per\u015fembe g\u00fcn\u00fc belediye ekiplerince y\u0131k\u0131lmas\u0131na tepkiler artarken, Malatya Valisi Ulvi Saran y\u0131k\u0131m karar\u0131 ile ilgili bir talimat\u0131n\u0131n olmad\u0131\u011f\u0131n\u0131 s\u00f6yledi.<\/p>\n<p style=\"text-align: justify;\">MALATYA &#8211; Malatya Valisi Ulvi Saran, \u00f6z\u00fcrl\u00fclere y\u00f6nelik kurs merkezinin a\u00e7\u0131l\u0131\u015f\u0131 sonras\u0131 bas\u0131n mensuplar\u0131n\u0131n sorular\u0131n\u0131 yan\u0131tlad\u0131. Vali Saran, y\u0131k\u0131mla ilgili <\/p>\n","protected":false},"author":1,"featured_media":0,"comment_status":"open","ping_status":"open","sticky":false,"template":"","format":"standard","meta":{"footnotes":""},"categories":[105],"tags":[],"class_list":["post-48378","post","type-post","status-publish","format-standard","hentry","category-gundem","odd"],"_links":{"self":[{"href":"http:\/\/www.korhanyilmaz.com\/index.php?rest_route=\/wp\/v2\/posts\/48378","targetHints":{"allow":["GET"]}}],"collection":[{"href":"http:\/\/www.korhanyilmaz.com\/index.php?rest_route=\/wp\/v2\/posts"}],"about":[{"href":"http:\/\/www.korhanyilmaz.com\/index.php?rest_route=\/wp\/v2\/types\/post"}],"author":[{"embeddable":true,"href":"http:\/\/www.korhanyilmaz.com\/index.php?rest_route=\/wp\/v2\/users\/1"}],"replies":[{"embeddable":true,"href":"http:\/\/www.korhanyilmaz.com\/index.php?rest_route=%2Fwp%2Fv2%2Fcomments&post=48378"}],"version-history":[{"count":0,"href":"http:\/\/www.korhanyilmaz.com\/index.php?rest_route=\/wp\/v2\/posts\/48378\/revisions"}],"wp:attachment":[{"href":"http:\/\/www.korhanyilmaz.com\/index.php?rest_route=%2Fwp%2Fv2%2Fmedia&parent=48378"}],"wp:term":[{"taxonomy":"category","embeddable":true,"href":"http:\/\/www.korhanyilmaz.com\/index.php?rest_route=%2Fwp%2Fv2%2Fcategories&post=48378"},{"taxonomy":"post_tag","embeddable":true,"href":"http:\/\/www.korhanyilmaz.com\/index.php?rest_route=%2Fwp%2Fv2%2Ftags&post=48378"}],"curies":[{"name":"wp","href":"https:\/\/api.w.org\/{rel}","templated":true}]}}