{"id":48365,"date":"2012-02-04T09:12:39","date_gmt":"2012-02-04T07:12:39","guid":{"rendered":"http:\/\/www.korhanyilmaz.com\/?p=48365"},"modified":"2012-02-04T16:54:28","modified_gmt":"2012-02-04T14:54:28","slug":"wikileaks-yine-ortaligi-karistirdi","status":"publish","type":"post","link":"http:\/\/www.korhanyilmaz.com\/?p=48365","title":{"rendered":"Wikileaks yine ortal\u0131\u011f\u0131 kar\u0131\u015ft\u0131rd\u0131"},"content":{"rendered":"<p style=\"text-align: center;\"><a href=\"http:\/\/www.korhanyilmaz.com\/wp-content\/uploads\/2012\/02\/9608.jpg\"  class=\"lightview\"><img loading=\"lazy\" decoding=\"async\" class=\"aligncenter  wp-image-48366\" src=\"http:\/\/www.korhanyilmaz.com\/wp-content\/uploads\/2012\/02\/9608.jpg\" alt=\"\" width=\"420\" height=\"210\" \/><\/a><\/p>\n<p style=\"text-align: justify;\">WikiLeaks\u2019ten s\u0131zan kriptoya g\u00f6re polis, Kas\u0131m 2008\u2019de ABD\u2019nin Ankara B\u00fcy\u00fckel\u00e7ili\u011fi\u2019nde Ergenekon brifingi verdi; B\u00fcy\u00fckan\u0131t\u2019\u0131n k\u0131z\u0131na ait \u00f6zel g\u00f6r\u00fcnt\u00fclerden bahsetti. Emniyet\u2019ten gece ge\u00e7 saatlerde yalanlama geldi.<\/p>\n<p style=\"text-align: justify;\">WikiLeaks belgeleri T\u00fcrk polisinin Ergenekon soru\u015fturmas\u0131 konusunda d\u00fczenli olarak brifing verdi\u011fini ortaya koydu. 21 Kas\u0131m 2008\u2019deki ilk brifingde polis, el\u00e7ilikte yapt\u0131\u011f\u0131 sunumda B\u00fcy\u00fckan\u0131t\u2019\u0131n k\u0131z\u0131na ait \u00f6zel g\u00f6r\u00fcnt\u00fclerden Deniz Baykal\u2019a \u00f6dendi\u011fi iddia edilen r\u00fc\u015fvete kadar \u00e7ok detayl\u0131 bir brifing vermi\u015f.<!--more--><\/p>\n<p style=\"text-align: justify;\">Odatv soru\u015fturmas\u0131nda san\u0131k olan iki gazeteci taraf\u0131ndan yaz\u0131lan S\u0131z\u0131nt\u0131 adl\u0131 kitap, daha \u00f6nce g\u00f6zden ka\u00e7m\u0131\u015f bu WikiLeaks belgesini g\u00fcndeme ta\u015f\u0131d\u0131. Kitaptaki iddialar \u00fczerine WikiLeaks\u2019in sitesinden bahsi ge\u00e7en belgeye ula\u015ft\u0131k. ABD\u2019nin gizli diplomatik yaz\u0131\u015fmalar\u0131n\u0131n yay\u0131nland\u0131\u011f\u0131 siteye 5 ay \u00f6nce konulan belge, 24 Kas\u0131m 2008 tarihini ta\u015f\u0131yor. Alt\u0131nda el\u00e7ili\u011fin siyasetten sorumlu m\u00fcste\u015far\u0131 Daniel O\u2019Grady\u2019nin imzas\u0131 bulunuyor.<\/p>\n<p style=\"text-align: justify;\"><strong>Projekt\u00f6rl\u00fc sunum yapt\u0131lar\u00a0<\/strong><\/p>\n<p style=\"text-align: justify;\">Giri\u015f k\u0131sm\u0131nda el\u00e7ili\u011fin hukuk m\u00fc\u015favirli\u011fi taraf\u0131ndan T\u00fcrk polisine \u201cErgenekon soru\u015fturmas\u0131 kapsam\u0131nda bir bilgilendirme\u201d talebi iletildi\u011fi belirtiliyor ve bu talebe olumlu yan\u0131t gelmesinin ard\u0131ndan T\u00fcrk Emniyet Te\u015fkilat\u0131\u2019ndan bir heyetin Ankara\u2019daki Amerikan b\u00fcy\u00fckel\u00e7ili\u011finde soru\u015fturma konusunda \u00e7ok detayl\u0131 bir brifing verdi\u011fini kaydediyor. Hatta el\u00e7ilik g\u00f6revlilerinin \u015fa\u015f\u0131rtan bir \u015fekilde bu brifing s\u0131ras\u0131nda g\u00f6rsel aletler (projekt\u00f6r) bile kullan\u0131larak geni\u015f kapsaml\u0131 bir sunum yap\u0131ld\u0131\u011f\u0131n\u0131 vurguluyor.<\/p>\n<p style=\"text-align: justify;\"><strong>\u2018Ergenekon\u2019a destek verin\u2019\u00a0<\/strong><\/p>\n<p style=\"text-align: justify;\">Ergenekon\u2019un iki \u00f6nemli ismi olarak nitelendirilen emekli Orgeneral Veli K\u00fc\u00e7\u00fck ve ASAM eski ba\u015fkan\u0131 \u00dcmit \u00d6zda\u011f\u2019\u0131n tan\u0131t\u0131lmas\u0131yla ba\u015flayan sunum, \u00f6rg\u00fct\u00fcn Amerikan kar\u015f\u0131t\u0131 oldu\u011fu vurgusu yap\u0131larak devam ediyor. Bu da Amerikal\u0131lar taraf\u0131ndan WikiLeaks belgesinde, \u201cT\u00fcrk polisinin soru\u015fturmada Amerika\u2019n\u0131n deste\u011fini istedi\u011fi g\u00f6r\u00fcl\u00fcyordu\u201d \u015feklinde yorumlan\u0131yor.<\/p>\n<p style=\"text-align: justify;\"><strong>Baykal\u2019a r\u00fc\u015fvet belgeleri\u00a0<\/strong><\/p>\n<p style=\"text-align: justify;\">Brifingin en \u00e7arp\u0131c\u0131 b\u00f6l\u00fcm\u00fcnde polis, Ergenekon\u2019un silah deposunun Eski\u015fehir\u2019deki bir ev bask\u0131n\u0131nda ortaya \u00e7\u0131kar\u0131ld\u0131\u011f\u0131n\u0131 anlat\u0131yor. (VATAN\u2019\u0131n notu: 26 Haziran 2007 tarihinde Emekli Binba\u015f\u0131 Fikret Emek\u2019in evine d\u00fczenlenen bask\u0131nda \u00e7ok miktarda silah ele ge\u00e7irilmi\u015fti.) Ayn\u0131 evde bulunan di\u011fer materyallere ise \u015f\u00f6yle vurgu yap\u0131l\u0131yor: Silahlar\u0131n yan\u0131s\u0131ra evde gizli bilgi ve belgeler bulundu. Bunlar T\u00fcrk h\u00fck\u00fcmetine ve Avrupa Birli\u011fi\u2019ne kar\u015f\u0131 y\u00fcr\u00fct\u00fclecek psikolojik sava\u015f\u0131n y\u00f6ntemlerini konu al\u0131yordu. Ayr\u0131ca CHP lideri Deniz Baykal\u2019a \u00f6denen bir r\u00fc\u015fvet konusunda belgelere ula\u015f\u0131ld\u0131. Alman vak\u0131flar\u0131 Neuman ve Adenauer\u2019\u0131 zan alt\u0131nda b\u0131rakan baz\u0131 belgeler de \u00e7\u0131kt\u0131. Genelkurmay Ba\u015fkan\u0131 B\u00fcy\u00fckan\u0131t\u2019\u0131n k\u0131z\u0131n\u0131n \u00f6zel ya\u015fam\u0131na ili\u015fkin foto\u011fraf ve dok\u00fcmanlara da ula\u015f\u0131ld\u0131.<\/p>\n<p style=\"text-align: justify;\"><strong>\u2018Eski\u015fehir\u2019deki bask\u0131nda \u00e7\u0131kt\u0131\u2019\u00a0<\/strong><\/p>\n<p style=\"text-align: justify;\">Bu bilgi ise, el\u00e7ilikten Washington\u2019a yollanan 24 Kas\u0131m 2008 tarihli kriptoda \u015f\u00f6yle yer ald\u0131: \u201cBrifing verenler, Ergenekon soru\u015fturmalar\u0131 ba\u015flad\u0131\u011f\u0131nda kimsenin bu kadar h\u0131zl\u0131 ilerleme sa\u011flanaca\u011f\u0131n\u0131 tahmin edemedi\u011fini belirttiler. Her \u015fey \u0130stanbul\u2019da bir evde 2007 y\u0131l\u0131nda el bombalar\u0131 ihbar\u0131yla ba\u015flad\u0131. B\u00fct\u00fcn el bombalar\u0131 ayn\u0131 seridendi. Polis, Eski\u015fehir\u2019de bir evde b\u00fcy\u00fck bir silah deposu ortaya \u00e7\u0131kard\u0131. Malzemeler askeri men\u015feliydi. Eski Genelkurmay Ba\u015fkan\u0131 B\u00fcy\u00fckan\u0131t\u2019\u0131n k\u0131z\u0131n\u0131n \u00f6zel hayat\u0131 hakk\u0131nda foto\u011fraf ve belgeler bulundu.\u201d<\/p>\n<p style=\"text-align: justify;\"><strong>2009\u2019da bir brifing daha\u00a0<\/strong><\/p>\n<p style=\"text-align: justify;\">WikiLeaks\u2019te yap\u0131lan Ergenekon aramas\u0131nda 29 May\u0131s 2009\u2019da da yine el\u00e7ilikte bir Ergenekon brifingi verildi\u011fi g\u00f6r\u00fcl\u00fcyor. Polis te\u015fkilat\u0131ndan Ufuk Ersoy Y\u0131lmaz\u2019\u0131n verdi\u011fi ve \u00e7ok daha dar kapsaml\u0131 olan brifing, 3\u2019\u00fcnc\u00fc Ergenekon iddianamesinin a\u00e7\u0131klanmas\u0131ndan hemen \u00f6nceye denk geliyor. Y\u0131lmaz \u00c7YDD Ba\u015fkan\u0131 T\u00fcrkan Saylan konusunda toplumdaki hassasiyetlerin fark\u0131nda olduklar\u0131n\u0131 ancak iddianamenin a\u00e7\u0131klanmas\u0131n\u0131n ard\u0131ndan \u015f\u00fcphe kalmayaca\u011f\u0131n\u0131 s\u00f6yl\u00fcyor. El\u00e7ilik raporunda da \u201cKendinden \u00e7ok emin g\u00f6r\u00fcn\u00fcyordu\u201d \u015feklinde bir not bulunuyor.<\/p>\n<p style=\"text-align: justify;\"><span style=\"text-decoration: underline;\">D\u0130PNOT: Eski\u015fehir bask\u0131n\u0131 Dolmabah\u00e7e\u2019den sonra\u00a0<\/span><\/p>\n<p style=\"text-align: justify;\">27 Nisan 2007: E-muht\u0131ra<\/p>\n<p style=\"text-align: justify;\">4 May\u0131s 2007: Dolmabah\u00e7e zirvesi<\/p>\n<p style=\"text-align: justify;\">26 Haziran 2007: Eski\u015fehir bask\u0131n\u0131<\/p>\n<p style=\"text-align: justify;\"><strong>Ba\u015fbakanl\u0131k \u2018Dolmabah\u00e7e\u2019yi yalanlad\u0131\u00a0<\/strong><\/p>\n<p style=\"text-align: justify;\">Bu iddialar d\u00fcn hem Ayd\u0131nl\u0131k hem de Yurt gazetelerinde man\u015fet oldu. Haberlerde iddialara, \u2018Oda tv\u2019 davas\u0131n\u0131n tutuklu san\u0131klar\u0131 Bar\u0131\u015f Pehlivan ile Bar\u0131\u015f Terko\u011flu\u2019nun yazd\u0131\u011f\u0131 \u2018S\u0131z\u0131nt\u0131\u2019 kitab\u0131na dayand\u0131r\u0131ld\u0131. Hatta Yurt gazetesi, foto\u011fraflar\u0131n me\u015fhur \u2018Dolmabah\u00e7e Toplant\u0131s\u0131\u2019 s\u0131ras\u0131nda Ba\u015fbakan Recep Tayyip Erdo\u011fan taraf\u0131ndan masaya kondu\u011funu iddia etti. Bas\u0131nda bu haberlerin yer almas\u0131ndan sonra Ba\u015fbakanl\u0131k taraf\u0131ndan konuyla ilgili bir a\u00e7\u0131klama yap\u0131ld\u0131. A\u00e7\u0131klamada ise bu iddialar\u0131n \u00f6zellikle \u2018Erdo\u011fan-B\u00fcy\u00fckan\u0131t\u2019 g\u00f6r\u00fc\u015fmesi s\u0131ras\u0131nda ya\u015fanan b\u00f6l\u00fcm\u00fc yalanland\u0131. Bu durum \u015fu s\u00f6zlerle a\u00e7\u0131kland\u0131: \u201c\u0130stanbul\u2019da Ba\u015fbakanl\u0131k Dolmabah\u00e7e \u00c7al\u0131\u015fma Ofisi\u2019nde 4 May\u0131s 2007 tarihinde Ba\u015fbakan\u0131m\u0131z Say\u0131n Recep Tayyip Erdo\u011fan ile d\u00f6nemin Genelkurmay Ba\u015fkan\u0131 Orgeneral Ya\u015far B\u00fcy\u00fckan\u0131t aras\u0131nda ger\u00e7ekle\u015fen g\u00f6r\u00fc\u015fmeye dair bug\u00fcn baz\u0131 gazetelerde ileri s\u00fcr\u00fclen \u015fantaj iddias\u0131 ger\u00e7e\u011fi yans\u0131tmamaktad\u0131r. Mesnetsiz iddialar\u0131n haber olarak sunulmas\u0131, kamuoyunu do\u011fru bilgilendirme ilkesiyle de ba\u011fda\u015fmamaktad\u0131r. \u0130lgili yay\u0131n organlar\u0131na kar\u015f\u0131 her t\u00fcrl\u00fc hukuki hakk\u0131n\u0131 mahfuz tutan Say\u0131n Ba\u015fbakan\u0131m\u0131z, ger\u00e7ekle \u00f6rt\u00fc\u015fmeyen bu t\u00fcr iddialar\u0131 esefle kar\u015f\u0131lamaktad\u0131r.\u201d Ba\u015fbakanl\u0131k taraf\u0131ndan Erdo\u011fan-B\u00fcy\u00fckan\u0131t g\u00f6r\u00fc\u015fmesi yalanlan\u0131rken, ABD B\u00fcy\u00fckel\u00e7ili\u011fi\u2019nde yap\u0131lan brifingle ilgili ise bir a\u00e7\u0131klama yap\u0131lmad\u0131.<\/p>\n<p style=\"text-align: justify;\"><strong>Karars\u0131z se\u00e7men i\u00e7in Cumhuriyet mitingleri\u00a0<\/strong><\/p>\n<p style=\"text-align: justify;\">\u2018OdATV davas\u0131n\u0131n tutuklu san\u0131klar\u0131 Bar\u0131\u015f Pehlivan ile Bar\u0131\u015f Terko\u011flu\u2019nun yazd\u0131\u011f\u0131 \u2018S\u0131z\u0131nt\u0131\u2019 adl\u0131 kitapta, Cumhuriyet mitingleriyle ilgili WikiLeaks belgelerinin oldu\u011fu da iddia edildi: 19 Temmuz 2007\u2019de ABD Ankara B\u00fcy\u00fckel\u00e7ili\u011fi\u2019nden Washington\u2019a g\u00f6nderilen belgede, ordunun siyaset i\u00e7indeki rol\u00fc Cumhuriyet mitingleri ertesinde tarif ediliyordu: \u201cKarars\u0131z se\u00e7menleri AKP kar\u015f\u0131s\u0131ndaki laik muhalefete y\u00f6nlendirmek amac\u0131yla ordunun farkl\u0131 manevralar yap\u0131p kamuoyuna y\u00f6nelik a\u00e7\u0131klamalar yaparak oynayaca\u011f\u0131 son bir oyun da ihtimal dahilinde. Ordunun se\u00e7imlere tepkisi 1 A\u011fustos\u2019ta ba\u015flayacak Askeri \u015e\u00fbra\u2019y\u0131 da etkileyebilir.\u201d ABD El\u00e7isi\u2019nin tespitine g\u00f6re, ordu hem AKP\u2019ye hem de ABD\u2019ye kar\u015f\u0131 kulis faaliyetleri yap\u0131yordu. Yine ayn\u0131 belgede durum \u015f\u00f6yle anlat\u0131l\u0131yordu: \u201cGeneraller perde arkas\u0131ndan, PKK ter\u00f6r\u00fc ve Kuzey Irak\u2019a s\u0131n\u0131r \u00f6tesi harek\u00e2t tart\u0131\u015fmalar\u0131n\u0131 s\u0131cak tutarak AKP\u2019yi ter\u00f6rle m\u00fccadelede zay\u0131f g\u00f6stermeye \u00e7al\u0131\u015fmaktad\u0131r. Son zamanlarda g\u00fcndeme gelen, ABD\u2019nin do\u011frudan ya da dolayl\u0131 olarak PKK\u2019ya silah temin etti\u011fi y\u00f6n\u00fcndeki s\u00f6ylentilerin arkas\u0131nda da askerin parma\u011f\u0131 oldu\u011funu tespit etmi\u015f durumday\u0131z. Bu da, AKP\u2019nin ulusal g\u00fcvenlik konusundaki duru\u015funu zay\u0131flatmak ve karars\u0131z se\u00e7menleri muhalefet partilerine \u00e7ekmek i\u00e7in d\u00fczenlenmi\u015f bir pland\u0131r.\u201d<\/p>\n<p style=\"text-align: justify;\"><strong>\u20181 Mart tezkeresini \u00d6zk\u00f6k destekliyor, B\u00fcy\u00fckan\u0131t kar\u015f\u0131\u2019\u00a0<\/strong><\/p>\n<p style=\"text-align: justify;\">Kitapta yer alan bir ba\u015fka WikiLeaks belgesinde ise 1 Mart tezkeresiyle ilgili ifadeler yer al\u0131yor: \u201cRobert Deutsch imzas\u0131 ile ABD Ankara B\u00fcy\u00fckel\u00e7ili\u011fi\u2019nden g\u00f6nderilen 28 \u015eubat 2003 tarihli telgraf\u0131n konusu tezkere. Deutsch, Kemalistler ile B\u00fclent Ar\u0131n\u00e7\u2019\u0131n tezkereye kar\u015f\u0131 bir ittifak yapt\u0131klar\u0131n\u0131 s\u00f6ylerken, tezkereye ili\u015fkin kulis tahminlerini de yazm\u0131\u015f. \u0130\u015f adam\u0131 Mustafa G\u00fcney\u2019in bir tespitine g\u00f6re, Genelkurmay Ba\u015fkan\u0131 Hilmi \u00d6zk\u00f6k, Ba\u015fbakan Abdullah G\u00fcl ekseni tezkereyi desteklerken, Genelkurmay ikinci Ba\u015fkan\u0131 B\u00fcy\u00fckan\u0131t tezkereye \u015f\u00fcpheyle yakla\u015f\u0131yor. Yine belgelerde, 1 Mart\u2019ta tezkerenin ge\u00e7memesi \u00fczerine B\u00fcy\u00fckel\u00e7i Robert Pearson\u2019\u0131n ABD\u2019ye 55 dakika arayla g\u00f6nderdi\u011fi iki ayr\u0131 kripto var. \u0130lkinde tezkerenin reddinin, kabul edilmesi i\u00e7in her \u015feyi yapan Erdo\u011fan\u2019a b\u00fcy\u00fck bir darbe vurdu\u011fu anlat\u0131l\u0131yor.\u201d<\/p>\n<p style=\"text-align: justify;\"><strong>Osman Paks\u00fct-\u0130lker Ba\u015fbu\u011f g\u00f6r\u00fc\u015fmesi de belgelerde\u00a0<\/strong><\/p>\n<p style=\"text-align: justify;\">2008 y\u0131l\u0131n\u0131n \u015eubat ay\u0131nda T\u00fcrk Silahl\u0131 Kuvvetleri, Kuzey Irak\u2019a operasyon d\u00fczenlemi\u015f ve daha sonra geri \u00e7ekilmi\u015fti. Bu s\u00fcre\u00e7te Anaya Mahkemesi Ba\u015fkan Vekili Osman Paks\u00fct, Genelkurmay\u2019\u0131 ziyaret etmi\u015fti. Paks\u00fct\u2019\u00fcn Kara Kuvvetleri Komutan\u0131 Orgeneral \u0130lker Ba\u015fbu\u011f\u2019u ziyareti bas\u0131na da yans\u0131m\u0131\u015ft\u0131. Kitapta bu durum da konu ediliyor: \u201c25 Haziran 2008 tarihli telgraftaABD el\u00e7isi bu g\u00f6r\u00fc\u015fmeye ili\u015fkin \u015fu kestirme de\u011ferlendirmede bulunuyor: \u201cBir Anayasa Mahkemesi h\u00e2kimi ile yak\u0131nda Genelkurmay Ba\u015fkan\u0131 olacak ki\u015fi aras\u0131ndaki g\u00f6r\u00fc\u015fme, derin devletin sadece bir efsane olmad\u0131\u011f\u0131n\u0131n i\u015faretini verdi.\u201d<\/p>\n<p style=\"text-align: justify;\"><a href=\"http:\/\/haber.gazetevatan.com\/wikileaks-yine-ortaligi-karistirdi\/428864\/1\/Gundem\" target=\"_blank\">Kaynak : VATAN Gazetesi<\/a><\/p>\n","protected":false},"excerpt":{"rendered":"<p style=\"text-align: center;\">\n<p style=\"text-align: justify;\">WikiLeaks\u2019ten s\u0131zan kriptoya g\u00f6re polis, Kas\u0131m 2008\u2019de ABD\u2019nin Ankara B\u00fcy\u00fckel\u00e7ili\u011fi\u2019nde Ergenekon brifingi verdi; B\u00fcy\u00fckan\u0131t\u2019\u0131n k\u0131z\u0131na ait \u00f6zel g\u00f6r\u00fcnt\u00fclerden bahsetti. Emniyet\u2019ten gece ge\u00e7 saatlerde yalanlama geldi.<\/p>\n<p style=\"text-align: justify;\">WikiLeaks belgeleri T\u00fcrk polisinin Ergenekon soru\u015fturmas\u0131 konusunda d\u00fczenli olarak brifing verdi\u011fini ortaya koydu. 21 Kas\u0131m 2008\u2019deki ilk brifingde polis, el\u00e7ilikte yapt\u0131\u011f\u0131 sunumda B\u00fcy\u00fckan\u0131t\u2019\u0131n <\/p>\n","protected":false},"author":1,"featured_media":0,"comment_status":"open","ping_status":"open","sticky":false,"template":"","format":"standard","meta":{"footnotes":""},"categories":[105],"tags":[],"class_list":["post-48365","post","type-post","status-publish","format-standard","hentry","category-gundem","odd"],"_links":{"self":[{"href":"http:\/\/www.korhanyilmaz.com\/index.php?rest_route=\/wp\/v2\/posts\/48365","targetHints":{"allow":["GET"]}}],"collection":[{"href":"http:\/\/www.korhanyilmaz.com\/index.php?rest_route=\/wp\/v2\/posts"}],"about":[{"href":"http:\/\/www.korhanyilmaz.com\/index.php?rest_route=\/wp\/v2\/types\/post"}],"author":[{"embeddable":true,"href":"http:\/\/www.korhanyilmaz.com\/index.php?rest_route=\/wp\/v2\/users\/1"}],"replies":[{"embeddable":true,"href":"http:\/\/www.korhanyilmaz.com\/index.php?rest_route=%2Fwp%2Fv2%2Fcomments&post=48365"}],"version-history":[{"count":0,"href":"http:\/\/www.korhanyilmaz.com\/index.php?rest_route=\/wp\/v2\/posts\/48365\/revisions"}],"wp:attachment":[{"href":"http:\/\/www.korhanyilmaz.com\/index.php?rest_route=%2Fwp%2Fv2%2Fmedia&parent=48365"}],"wp:term":[{"taxonomy":"category","embeddable":true,"href":"http:\/\/www.korhanyilmaz.com\/index.php?rest_route=%2Fwp%2Fv2%2Fcategories&post=48365"},{"taxonomy":"post_tag","embeddable":true,"href":"http:\/\/www.korhanyilmaz.com\/index.php?rest_route=%2Fwp%2Fv2%2Ftags&post=48365"}],"curies":[{"name":"wp","href":"https:\/\/api.w.org\/{rel}","templated":true}]}}