{"id":48358,"date":"2012-02-04T09:11:52","date_gmt":"2012-02-04T07:11:52","guid":{"rendered":"http:\/\/www.korhanyilmaz.com\/?p=48358"},"modified":"2012-02-04T14:01:54","modified_gmt":"2012-02-04T12:01:54","slug":"polis-buyukanitin-kizinin-ozel-goruntulerini-buldu","status":"publish","type":"post","link":"http:\/\/www.korhanyilmaz.com\/?p=48358","title":{"rendered":"Polis B\u00fcy\u00fckan\u0131t\u2019\u0131n k\u0131z\u0131n\u0131n \u00f6zel g\u00f6r\u00fcnt\u00fclerini buldu!"},"content":{"rendered":"<p style=\"text-align: justify;\"><a href=\"http:\/\/www.korhanyilmaz.com\/wp-content\/uploads\/2012\/02\/9606.jpg\"  class=\"lightview\"><img loading=\"lazy\" decoding=\"async\" class=\"aligncenter size-full wp-image-48359\" title=\"\" src=\"http:\/\/www.korhanyilmaz.com\/wp-content\/uploads\/2012\/02\/9606.jpg\" alt=\"\" width=\"292\" height=\"278\" \/><\/a><\/p>\n<p style=\"text-align: justify;\">ABD\u2019nin Ankara B\u00fcy\u00fckel\u00e7ili\u011fi\u2019nden g\u00f6nderilen bir kriptoda, T\u00fcrk polisinin d\u00f6nemin Genelkurmay Ba\u015fkan\u0131 Org. Ya\u015far B\u00fcy\u00fckan\u0131t\u2019\u0131n k\u0131z\u0131n\u0131n \u00f6zel g\u00f6r\u00fcnt\u00fclerini ele ge\u00e7irdiklerini anlatt\u0131\u011f\u0131 bilgisi yer ald\u0131.<\/p>\n<p style=\"text-align: justify;\">Wikileaks belgelerinden T\u00fcrkiye\u2019yi sarsacak \u00f6nemli bir belge daha \u00e7\u0131kt\u0131. ABD\u2019nin Ankara B\u00fcy\u00fckel\u00e7ili\u011fi\u2019nden g\u00f6nderilen bir kriptoda, T\u00fcrk polisinin Ergenekon soru\u015fturmas\u0131 konusunda detayl\u0131 bir brifing verdi\u011fi, ayr\u0131ca polisin \u201ceski Genelkurmay Ba\u015fkan\u0131 Emekli Orgeneral Ya\u015far B\u00fcy\u00fckan\u0131t\u2019\u0131n k\u0131z\u0131 B.C.\u2019nin \u00f6zel g\u00f6r\u00fcnt\u00fclerini ele ge\u00e7irdi\u011fi\u201dni anlatt\u0131\u011f\u0131 bilgisi yer ald\u0131.<!--more--><\/p>\n<p style=\"text-align: justify;\">Birinci Ergenekon iddianamesinin kabul\u00fcnden yakla\u015f\u0131k 4 ay sonra, 21 Kas\u0131m 2008\u2019de ABD\u2019nin Ankara B\u00fcy\u00fckel\u00e7ili\u011fi\u2019nde T\u00fcrk Emniyeti\u2019nin verdi\u011fi brifing, 24 Kas\u0131m 2008 tarihli kriptoda detaylar\u0131yla anlat\u0131ld\u0131.<\/p>\n<p style=\"text-align: justify;\">B\u00fcy\u00fckel\u00e7ili\u011fin siyasi i\u015fler m\u00fcste\u015far\u0131 Daniel O\u2019Grady taraf\u0131ndan kaleme al\u0131nan kriptoda \u015fu ifadeler kullan\u0131ld\u0131:<\/p>\n<p style=\"text-align: justify;\">\u201cT\u00fcrk Emniyeti, 21 Kas\u0131m tarihinde b\u00fcy\u00fckel\u00e7ili\u011fe, AKP h\u00fck\u00fcmetini devirmek i\u00e7in komplo kurdu\u011fu \u00f6ne s\u00fcr\u00fclen varl\u0131\u011f\u0131 \u015f\u00fcpheli Ergenekon grubuyla ilgili soru\u015fturmalar\u0131 hakk\u0131nda kapsaml\u0131 bir brifing verdi. Brifing, Ergenekon\u2019un engin, iyi finanse edilmi\u015f, iyi \u00f6rg\u00fctlenmi\u015f ve a\u015f\u0131r\u0131 milliyet\u00e7i \u00e7evrelerde Bat\u0131 ve ABD kar\u015f\u0131t\u0131 propagandayla \u00fcye toplayan bir \u015febeke oldu\u011funun alt\u0131n\u0131 \u00e7izerek, konu hakk\u0131nda b\u00fct\u00fcnl\u00fckl\u00fc ve bilgiye dayanan bir de\u011ferlendirme sundu&#8230;<\/p>\n<p style=\"text-align: justify;\">\n<p style=\"text-align: justify;\">Emniyet mensuplar\u0131 emekli General Veli K\u00fc\u00e7\u00fck\u2019\u00fcn oynad\u0131\u011f\u0131 kilit rol\u00fcn alt\u0131n\u0131 \u00e7izdiler, ki\u015fisel olarak bir\u00e7ok cinayeti y\u00f6nlendirdi\u011fini belirttiler. Eski ASAM Ba\u015fkan\u0131 \u00dcmit \u00d6zda\u011f\u2019\u0131n rol\u00fcn\u00fc de vurgulad\u0131lar. Polisler bize davay\u0131 \u2018hukuken g\u00fc\u00e7l\u00fc\u2019 g\u00f6rd\u00fcklerini ve mahkumiyet kararlar\u0131n\u0131n \u00e7\u0131kaca\u011f\u0131ndan emin olduklar\u0131n\u0131n, fakat T\u00fcrk yarg\u0131 mekanizmas\u0131n\u0131n \u2018\u00f6ng\u00f6r\u00fclemez oldu\u011fu\u2019nun notunu d\u00fc\u015ft\u00fcler. Brifing, Ergenekon\u2019un ABD kar\u015f\u0131t\u0131 e\u011filimine odaklan\u0131rken, T\u00fcrk Emniyeti\u2019nin \u00e7abalar\u0131 i\u00e7in ABD h\u00fck\u00fcmetinin do\u011frudan ya da z\u0131mni deste\u011fini kazanma umutlar\u0131n\u0131 ortaya koydu&#8230;<\/p>\n<p style=\"text-align: justify;\"><strong>ABD\u2019ye detayl\u0131 brifing<\/strong><\/p>\n<p style=\"text-align: justify;\">Hukuk ata\u015fesinin do\u011frudan iste\u011fine cevap vererek T\u00fcrk Emniyeti, 21 Kas\u0131m\u2019da El\u00e7ili\u011fe g\u00f6rsel materyallerin de yard\u0131m\u0131yla AKP h\u00fck\u00fcmetini devirmek i\u00e7in komplo kurdu\u011fu \u00f6ne s\u00fcr\u00fclen varl\u0131\u011f\u0131 \u015f\u00fcpheli Ergenekon grubuyla ilgili soru\u015fturmalar\u0131 hakk\u0131nda kapsaml\u0131 bir brifing verdi.<\/p>\n<p style=\"text-align: justify;\">Yetkililer ba\u015fka hi\u00e7bir \u00fclkeye bu kadar detayl\u0131 bir bilgilendirme yap\u0131lmad\u0131\u011f\u0131n\u0131n alt\u0131n\u0131 \u00e7izdiler. Brifing s\u0131ras\u0131nda hukuk ata\u015fesinin yan\u0131s\u0131ra siyasi m\u00fcste\u015farlar da haz\u0131r bulundu&#8230; Her \u015fey \u0130stanbul\u2019daki bir evde gizlenmi\u015f el bombalar\u0131n\u0131n bulunmas\u0131yla ba\u015flad\u0131.<\/p>\n<p style=\"text-align: justify;\">Baz\u0131 bombalar\u0131n \u00fczerinde parmak izleri vard\u0131. Bombalar ayn\u0131 seridendi. Bombalar MKEK taraf\u0131ndan \u00fcretildikten sonra bir \u015fekilde seriden ayr\u0131lm\u0131\u015f. Bombalar\u0131n \u00fc\u00e7\u00fc Cumhuriyet gazetesine sald\u0131r\u0131da kullan\u0131lm\u0131\u015f. Di\u011ferlerinin de bir\u00e7ok sald\u0131r\u0131da kullan\u0131ld\u0131klar\u0131 tespit edilince sald\u0131r\u0131lar aras\u0131ndaki ba\u011flant\u0131 sa\u011flam bir \u015fekilde kurulmu\u015f.<\/p>\n<p style=\"text-align: justify;\"><strong>Cephanelik bulundu<\/strong><\/p>\n<p style=\"text-align: justify;\">K\u0131sa s\u00fcre sonra, polis Eski\u015fehir\u2019deki bir evde kocaman bir \u2018cephanelik\u2019 ke\u015ffetti. Cephanenin geni\u015fli\u011fi ve \u00e7e\u015fitlili\u011fi bunu \u2018engin bir \u00f6rg\u00fctlenme\u2019 oldu\u011funu a\u00e7\u0131\u011fa \u00e7\u0131kard\u0131. B\u00fct\u00fcn m\u00fchimmat askeri kaynaklardan sa\u011flanm\u0131\u015ft\u0131.<\/p>\n<p style=\"text-align: justify;\">Ayn\u0131 zamanda AB ve T\u00fcrk h\u00fck\u00fcmetine kar\u015f\u0131 psikolojik sava\u015f y\u00f6ntemleri i\u00e7eren s\u0131n\u0131fland\u0131r\u0131lm\u0131\u015f raporlar ve belgeler bulundu. CHP lideri (Deniz) Baykal\u2019a \u00f6denmi\u015f bir r\u00fc\u015fvete dair kan\u0131tlar buldular. Neuman ve Adenauer vak\u0131flar\u0131n\u0131 su\u00e7la ba\u011flant\u0131l\u0131 g\u00f6sterecek \u015fekilde kullan\u0131lacak bilgiler bulundu. Eski Genelkurmay Ba\u015fkan\u0131 B\u00fcy\u00fckan\u0131t\u2019\u0131n k\u0131z\u0131n\u0131n cinsel aktivitelerine ili\u015fkin foto\u011fraflar ve belgeleri de ele ge\u00e7irdiler.\u201d<\/p>\n<p style=\"text-align: justify;\">Kriptoda; brifing veren polislerin \u201cErgenekon\u2019un T\u00fcrkiye\u2019de kaos ve istikrars\u0131zl\u0131k yaratma hedeflerine ula\u015fmak i\u00e7in bir\u00e7ok ter\u00f6rist grupla temas kurmaya karar verdi\u011fi ve sahte ter\u00f6rist \u00f6rg\u00fctler kurmay\u0131 \u00f6nerdi\u011fi\u201dni anlatt\u0131klar\u0131 yer al\u0131rken, \u201cYetkililer K\u00fc\u00e7\u00fck\u2019\u00fcn Dan\u0131\u015ftay sald\u0131r\u0131s\u0131, Hrant Dink cinayeti ve Mustafa Duyar\u2019\u0131n \u00f6ld\u00fcr\u00fclmesi dahil bir\u00e7ok ter\u00f6r olay\u0131na dahil oldu\u011funu s\u00f6ylediler\u201d denildi ve \u00f6zetle \u015fu ifadeler yer ald\u0131:<\/p>\n<p style=\"text-align: justify;\"><strong>&#8220;Milliyet\u00e7ili\u011fi s\u00f6m\u00fcrd\u00fc&#8221;<\/strong><\/p>\n<p style=\"text-align: justify;\">\u201cBrifingi verenlere g\u00f6re Ergenekon hukuki i\u015fler, finans, lobicilik ve y\u00f6netim i\u00e7in ayr\u0131lm\u0131\u015f kollar\u0131yla, geni\u015f ve iyi organize olmu\u015f bir \u00f6rg\u00fct. (Veli) K\u00fc\u00e7\u00fck karar verme zincirinde tepelerde g\u00f6z\u00fck\u00fcyor. Ergenekon T\u00fcrk gen\u00e7li\u011finin g\u00fc\u00e7l\u00fc milliyet\u00e7i e\u011filimlerini s\u00f6m\u00fcrd\u00fc. Bir Emniyet mensubunun profilini \u00e7\u0131kard\u0131\u011f\u0131, \u015fu an tutuklu Mustafa Ba\u011fdat\u2019\u0131n fa\u015fist e\u011filimler g\u00f6sterdi\u011fi, dengesiz bir karakteri oldu\u011fu, \u015fiddet kullanmaya yatk\u0131nl\u0131\u011f\u0131 bulundu\u011fu anlat\u0131ld\u0131. Emniyet yetkilileri, iki ki\u015finin Ergenekon\u2019un propagandas\u0131n\u0131 olu\u015fturmada etkili oldu\u011funa i\u015faret ediyor: ASAM d\u00fc\u015f\u00fcnce kurulu\u015funun eski ba\u015fkan\u0131 \u00dcmit \u00d6zda\u011f ve Erk Yurtsever. Polisler ABD\u2019yi &#8211; \u00f6zellikle B\u00fcy\u00fckel\u00e7i Mark Parris ve Ross Wilson\u2019\u0131- hakaret dolu ve provokatif ifadelerle betimleyen yay\u0131nlara vurgu yapt\u0131. \u00d6zda\u011f\u2019\u0131n AKP iktidara geldikten k\u0131sa s\u00fcre sonra yapt\u0131\u011f\u0131 agresif ve a\u00e7\u0131k\u00e7a yap\u0131lm\u0131\u015f \u2018Mecliste 660 sandalyeniz de olsa, anayasan\u0131n ilk d\u00f6rt maddesini de\u011fi\u015ftirmeye c\u00fcret ederseniz halk\u0131n silahl\u0131 m\u00fccadele hakk\u0131 do\u011facakt\u0131r\u2019 uyar\u0131s\u0131n\u0131 hat\u0131rlatt\u0131lar&#8230; Ergenekon ve PKK aras\u0131ndaki iddia edilen ba\u011flant\u0131y\u0131 da sorduk. Polisler Ergenekon tutuklamalar\u0131ndan sonra PKK\u2019n\u0131n polislere ve karakollara sald\u0131r\u0131lar\u0131nda ani bir art\u0131\u015f g\u00f6r\u00fcld\u00fc\u011f\u00fcn\u00fc s\u00f6ylediler. \u2018Gereken sonuca\u2019 vard\u0131klar\u0131n\u0131 s\u00f6ylediler, manas\u0131 \u2018a\u00e7\u0131k\u2019m\u0131\u015f.\u201d<\/p>\n<p style=\"text-align: justify;\"><strong>&#8220;Kendilerinden eminler&#8221;<\/strong><\/p>\n<p style=\"text-align: justify;\">Kriptonun sonundaki \u201cyorum\u201d b\u00f6l\u00fcm\u00fcnde de \u015f\u00f6yle deniliyor: \u201cBu brifing Ergenekon san\u0131klar\u0131na kar\u015f\u0131 toplanan kan\u0131tlar\u0131n d\u00f6k\u00fcm\u00fcnden ziyade bilgilendirici bir genel de\u011ferlendirme olarak ge\u00e7ti. Emniyet g\u00f6revlileri ba\u015far\u0131l\u0131 bir yarg\u0131lama i\u00e7in yeterli kan\u0131t\u0131 toplad\u0131klar\u0131na inand\u0131klar\u0131 i\u00e7in g\u00f6ze \u00e7arpan bir \u015fekilde kendilerinden emin g\u00f6z\u00fck\u00fcyorlard\u0131. Gene de T\u00fcrk yarg\u0131 mekanizmas\u0131 konusunda k\u0131smen boyun e\u011fmi\u015f durumdalar.<\/p>\n<p style=\"text-align: justify;\">Yarg\u0131n\u0131n ya manip\u00fcle edilerek ya da sadece d\u00fczensizlikten \u2018ikna edilmeyece\u011fi\u2019ni d\u00fc\u015f\u00fcn\u00fcyorlar&#8230; Ek olarak, Ergenekon savc\u0131s\u0131n\u0131n Ba\u015fbakan Erdo\u011fan\u2019la haftal\u0131k toplant\u0131lar yapmas\u0131, soru\u015fturman\u0131n arkas\u0131nda siyasi niyetler oldu\u011fu iddialar\u0131na inand\u0131r\u0131c\u0131l\u0131k kazand\u0131rd\u0131.\u201d<\/p>\n<p style=\"text-align: justify;\"><strong>Kriptodaki isimler<\/strong><\/p>\n<p style=\"text-align: justify;\">&#8211; Veli K\u00fc\u00e7\u00fck: Emekli tu\u011fgeneral. Ad\u0131 ilk olarak, 1990\u2019larda ya\u015fanan faili me\u00e7hul cinayetler ve Susurluk kazas\u0131yla g\u00fcndeme geldi. J\u0130TEM\u2019in kurucusu oldu\u011fu iddia edildi. Ocak 2008\u2019de Ergenekon \u00fcyeli\u011fi kapsam\u0131nda g\u00f6zalt\u0131na al\u0131narak tutukland\u0131. Cumhuriyet gazetesine at\u0131lan el bombalar\u0131n\u0131n, K\u00fc\u00e7\u00fck\u2019\u00fcn talimat\u0131yla Osman Y\u0131ld\u0131r\u0131m\u2019a verildi\u011fi \u00f6ne s\u00fcr\u00fcl\u00fcyor. \u0130ddianamede Ergenekon\u2019un y\u00f6neticisi oldu\u011fu belirtilen K\u00fc\u00e7\u00fck hakk\u0131nda 17 ayr\u0131 su\u00e7lama bulunuyor.<\/p>\n<p style=\"text-align: justify;\">&#8211; Prof. Dr. \u00dcmit \u00d6zda\u011f: Siyaset ve uluslararas\u0131 ili\u015fkiler alan\u0131nda \u00e7al\u0131\u015fmalar\u0131 var. 1999\u2019da Avrasya Stratejik Ara\u015ft\u0131rma Merkezi\u2019ni (ASAM) kurdu. Nisan 2004\u2019te ASAM ba\u015fkanl\u0131\u011f\u0131n\u0131 b\u0131rakt\u0131. MHP Genel Ba\u015fkanl\u0131\u011f\u0131\u2019na adayl\u0131\u011f\u0131n\u0131 koydu, se\u00e7imi kaybetti. Kat\u0131ld\u0131\u011f\u0131 bir televizyon program\u0131nda \u201cErgenekon diye bir \u00f6rg\u00fct oldu\u011funa inanm\u0131yorum\u201d dedi.<\/p>\n<p style=\"text-align: justify;\">&#8211; Mustafa Duyar: 1995\u2019te iki jandarma erinin ve 1996\u2019da \u00d6zdemir Sabanc\u0131, Haluk G\u00f6rg\u00fcn ve Nilg\u00fcn Hasefe\u2019nin \u00f6ld\u00fcr\u00fcld\u00fc\u011f\u00fc Sabanc\u0131 suikast\u0131 olaylar\u0131yla ad\u0131 duyuldu. Daha sonra yurtd\u0131\u015f\u0131na ka\u00e7t\u0131. Yakaland\u0131ktan sonra konuldu\u011fu Afyon E Tipi Kapal\u0131 Cezaevi\u2019nde 15 \u015eubat 1999\u2019da Karag\u00fcmr\u00fck \u00e7etesi taraf\u0131ndan \u00f6ld\u00fcr\u00fcld\u00fc. \u00c7etenin lideri Nuri Ergin \u201cBu devlet bana Mustafa Duyar\u2019\u0131 \u00f6ld\u00fcrtt\u00fc\u201d dedi.<\/p>\n<p style=\"text-align: justify;\">&#8211; Mustafa Ba\u011fdat: 2005-2006 e\u011fitim-\u00f6\u011fretim y\u0131l\u0131 a\u00e7\u0131l\u0131\u015f\u0131 i\u00e7in K\u00fctahya\u2019ya gelen Ba\u015fbakan Recep Tayyip Erdo\u011fan\u2019a y\u00f6nelik silahl\u0131 eylemde bulunmak \u00fczereyken yakaland\u0131. Erdo\u011fan\u2019a 15 metre kadar yakla\u015fan Ba\u011fdat, elindeki po\u015fetin i\u00e7indeki ekme\u011fe gizlenmi\u015f silahla birlikte ele ge\u00e7irildi. 2006 y\u0131l\u0131nda \u201cBa\u015fbakan\u0131 tasarlayarak \u00f6ld\u00fcrmeye te\u015febb\u00fcs\u201d su\u00e7undan 11 y\u0131l hapis cezas\u0131 ald\u0131.<\/p>\n<p style=\"text-align: justify;\">&#8211; Erk Yurtsever: Nihal Ats\u0131z\u2019\u0131n \u00f6\u011frencilerinden. T\u00fcrk\u00e7\u00fcl\u00fck konusunda \u00e7ok say\u0131da makalesi ve \u00e7al\u0131\u015fmas\u0131 bulunuyor. Ergenekon davalar\u0131 ve soru\u015fturmalar\u0131nda herhangi bir \u015fekilde ad\u0131 ge\u00e7miyor.<\/p>\n<p style=\"text-align: justify;\"><strong>Eski\u015fehir bask\u0131n\u0131\u00a0<\/strong><\/p>\n<p style=\"text-align: justify;\">\u00d6zel Kuvvetler Komutanl\u0131\u011f\u0131\u2019ndan 2005\u2019te binba\u015f\u0131 r\u00fctbesiyle emekli olan Fikret Emek, 26 Haziran 2007\u2019de Eski\u015fehir\u2019de g\u00f6zalt\u0131na al\u0131nd\u0131. Emekli Albay Fikret Emek\u2019in annesinin evinde yap\u0131lan aramada11 kilo C-3 plastik patlay\u0131c\u0131, 1 Kanas d\u00fcrb\u00fcnl\u00fc t\u00fcfek, 1 Kala\u015fnikof, 1 av t\u00fcfe\u011fi, M-16 mermileri, 12 el bombas\u0131, TNT d\u00fczenekleri ele ge\u00e7irilmi\u015fti.<\/p>\n<p style=\"text-align: justify;\"><strong>Ba\u015fbakanl\u0131k: \u0130ddia ger\u00e7ek d\u0131\u015f\u0131<\/strong><\/p>\n<p style=\"text-align: justify;\">Kriptoda yer alan B\u00fcy\u00fckan\u0131t\u2019\u0131n k\u0131z\u0131yla ilgili b\u00f6l\u00fcmlerin d\u00fcn baz\u0131 gazetelerde yer almas\u0131 ve \u201cB\u00fcy\u00fckan\u0131t\u2019a Dolmabah\u00e7e\u2019de \u015fantaj yap\u0131ld\u0131\u011f\u0131\u201d iddialar\u0131na da Ba\u015fbakanl\u0131k\u2019tan a\u00e7\u0131klama geldi. A\u00e7\u0131klamada, Ba\u015fbakan Recep Tayyip Erdo\u011fan ile B\u00fcy\u00fckan\u0131t\u2019\u0131n 4 May\u0131s 2007\u2019de ger\u00e7ekle\u015ftirdi\u011fi g\u00f6r\u00fc\u015fme hat\u0131rlat\u0131larak \u201cBu g\u00f6r\u00fc\u015fmeye dair bug\u00fcn (d\u00fcn) baz\u0131 gazetelerde ileri s\u00fcr\u00fclen \u015fantaj iddias\u0131 ger\u00e7e\u011fi yans\u0131tmamaktad\u0131r. Mesnetsiz iddialar\u0131n haber olarak sunulmas\u0131, kamuoyunu do\u011fru bilgilendirme ilkesiyle de ba\u011fda\u015fmamaktad\u0131r. \u0130lgili yay\u0131n organlar\u0131na kar\u015f\u0131 her t\u00fcrl\u00fc hukuki hakk\u0131n\u0131 mahfuz tutan Say\u0131n Ba\u015fbakan\u0131m\u0131z, ger\u00e7ekle \u00f6rt\u00fc\u015fmeyen bu t\u00fcr iddialar\u0131 esefle kar\u015f\u0131lamaktad\u0131r\u201d denildi.<\/p>\n<p style=\"text-align: justify;\"><strong>Emniyet de yalanlad\u0131<\/strong><\/p>\n<p style=\"text-align: justify;\">Ba\u015fbakanl\u0131\u011f\u0131n ard\u0131ndan Emniyet Genel M\u00fcd\u00fcrl\u00fc\u011f\u00fc de eski Genelkurmay Ba\u015fkan\u0131 emekli Orgeneral Ya\u015far B\u00fcy\u00fckan\u0131t\u2019\u0131n k\u0131z\u0131na ait \u00f6zel g\u00f6r\u00fcnt\u00fclere ili\u015fkin haberleri yalanlad\u0131. Emniyet\u2019ten yap\u0131lan a\u00e7\u0131klamada, \u015funlar kaydedildi: \u201c3 \u015eubat 2012 g\u00fcn\u00fc baz\u0131 bas\u0131n kurulu\u015flar\u0131nda, Emniyet Te\u015fkilat\u0131 hakk\u0131nda B\u00fcy\u00fckan\u0131t ve Amerikan B\u00fcy\u00fckel\u00e7ili\u011fi\u2019nin de yer ald\u0131\u011f\u0131 ger\u00e7ek d\u0131\u015f\u0131 ve \u00e7irkin iddialara yer verilmi\u015ftir. Tamamen as\u0131ls\u0131z olan haberlerle ilgili yasal s\u00fcre\u00e7 ba\u015flat\u0131lm\u0131\u015ft\u0131r.\u201d<\/p>\n<p style=\"text-align: justify;\"><a href=\"http:\/\/www.cnnturk.com\/2012\/guncel\/02\/04\/polis.buyukanit.in.kizinin.ozel.goruntulerini.buldu\/647688.0\/index.html\" target=\"_blank\">Kaynak : CNN T\u00dcRK<\/a><\/p>\n","protected":false},"excerpt":{"rendered":"<p style=\"text-align: justify;\">\n<p style=\"text-align: justify;\">ABD\u2019nin Ankara B\u00fcy\u00fckel\u00e7ili\u011fi\u2019nden g\u00f6nderilen bir kriptoda, T\u00fcrk polisinin d\u00f6nemin Genelkurmay Ba\u015fkan\u0131 Org. Ya\u015far B\u00fcy\u00fckan\u0131t\u2019\u0131n k\u0131z\u0131n\u0131n \u00f6zel g\u00f6r\u00fcnt\u00fclerini ele ge\u00e7irdiklerini anlatt\u0131\u011f\u0131 bilgisi yer ald\u0131.<\/p>\n<p style=\"text-align: justify;\">Wikileaks belgelerinden T\u00fcrkiye\u2019yi sarsacak \u00f6nemli bir belge daha \u00e7\u0131kt\u0131. ABD\u2019nin Ankara B\u00fcy\u00fckel\u00e7ili\u011fi\u2019nden g\u00f6nderilen bir kriptoda, T\u00fcrk polisinin Ergenekon soru\u015fturmas\u0131 konusunda detayl\u0131 bir brifing verdi\u011fi, ayr\u0131ca <\/p>\n","protected":false},"author":1,"featured_media":0,"comment_status":"open","ping_status":"open","sticky":false,"template":"","format":"standard","meta":{"footnotes":""},"categories":[105],"tags":[],"class_list":["post-48358","post","type-post","status-publish","format-standard","hentry","category-gundem","odd"],"_links":{"self":[{"href":"http:\/\/www.korhanyilmaz.com\/index.php?rest_route=\/wp\/v2\/posts\/48358","targetHints":{"allow":["GET"]}}],"collection":[{"href":"http:\/\/www.korhanyilmaz.com\/index.php?rest_route=\/wp\/v2\/posts"}],"about":[{"href":"http:\/\/www.korhanyilmaz.com\/index.php?rest_route=\/wp\/v2\/types\/post"}],"author":[{"embeddable":true,"href":"http:\/\/www.korhanyilmaz.com\/index.php?rest_route=\/wp\/v2\/users\/1"}],"replies":[{"embeddable":true,"href":"http:\/\/www.korhanyilmaz.com\/index.php?rest_route=%2Fwp%2Fv2%2Fcomments&post=48358"}],"version-history":[{"count":0,"href":"http:\/\/www.korhanyilmaz.com\/index.php?rest_route=\/wp\/v2\/posts\/48358\/revisions"}],"wp:attachment":[{"href":"http:\/\/www.korhanyilmaz.com\/index.php?rest_route=%2Fwp%2Fv2%2Fmedia&parent=48358"}],"wp:term":[{"taxonomy":"category","embeddable":true,"href":"http:\/\/www.korhanyilmaz.com\/index.php?rest_route=%2Fwp%2Fv2%2Fcategories&post=48358"},{"taxonomy":"post_tag","embeddable":true,"href":"http:\/\/www.korhanyilmaz.com\/index.php?rest_route=%2Fwp%2Fv2%2Ftags&post=48358"}],"curies":[{"name":"wp","href":"https:\/\/api.w.org\/{rel}","templated":true}]}}