{"id":48353,"date":"2012-02-03T23:48:39","date_gmt":"2012-02-03T21:48:39","guid":{"rendered":"http:\/\/www.korhanyilmaz.com\/?p=48353"},"modified":"2012-02-04T02:10:22","modified_gmt":"2012-02-04T00:10:22","slug":"erdogan-kizdi-arinc-ataturke-benzetti","status":"publish","type":"post","link":"http:\/\/www.korhanyilmaz.com\/?p=48353","title":{"rendered":"Erdo\u011fan k\u0131zd\u0131, Ar\u0131n\u00e7 Atat\u00fcrk&#8217;e benzetti!"},"content":{"rendered":"<p style=\"text-align: center;\"><a href=\"http:\/\/www.korhanyilmaz.com\/wp-content\/uploads\/2012\/02\/9605.jpg\"  class=\"lightview\"><img loading=\"lazy\" decoding=\"async\" class=\"aligncenter  wp-image-48354\" src=\"http:\/\/www.korhanyilmaz.com\/wp-content\/uploads\/2012\/02\/9605.jpg\" alt=\"\" width=\"307\" height=\"236\" \/><\/a><\/p>\n<p style=\"text-align: justify;\">Ba\u015fbakan Yard\u0131mc\u0131s\u0131 B\u00fclent Ar\u0131n\u00e7, &#8220;Demokrat yasalar\u0131 olmayan \u00fclkelere gitmiyorum&#8221; diyen ve Erdo\u011fan&#8217;\u0131n &#8220;gelsen ne olur, gelmesen ne olur&#8221; diyerek tepki g\u00f6sterdi\u011fi ABD&#8217;li yazar Paul Auster&#8217;i Atat\u00fcrk&#8217;e benzetti. Ar\u0131n\u00e7, &#8220;Atat\u00fcrk&#8217;le ilgili film yap\u0131l\u0131rsa Auster oyuncu olarak kullan\u0131labilir&#8221; dedi.<\/p>\n<p style=\"text-align: justify;\">B\u00fclent Ar\u0131n\u00e7, CNN T\u00dcRK&#8217;te &#8220;Ne Oluyor?&#8221; program\u0131nda \u015eirin Payz\u0131n&#8217;\u0131n konu\u011fu oldu.<\/p>\n<p style=\"text-align: justify;\">Ar\u0131n\u00e7, d\u00fcnyaca \u00fcnl\u00fc yazar Paul Auster ile ilgili tart\u0131\u015fmalara da de\u011findi.\u00a0<!--more--><\/p>\n<p style=\"text-align: justify;\">Auster, T\u00fcrkiye&#8217;deki tutuklu gazeteciler ile ilgili ele\u015ftirilerde bulunmu\u015f ve &#8220;demokrat yasalar\u0131 olmayan \u00fclkelere gitmiyorum&#8221; demi\u015fti.<\/p>\n<p style=\"text-align: justify;\">Ba\u015fbakan Erdo\u011fan da AK Parti grup toplant\u0131s\u0131nda &#8220;T\u00fcrkiye&#8217;ye gelsen ne olur, gelmesen ne olur&#8221; tepkisini g\u00f6rm\u00fc\u015ft\u00fc.<\/p>\n<p style=\"text-align: justify;\">B\u00fclent Ar\u0131n\u00e7 ise \u015eirin Payz\u0131n&#8217;\u0131n Paul Auster ile ilgili sorusuna bamba\u015fka bir a\u00e7\u0131dan yakla\u015ft\u0131.<\/p>\n<p style=\"text-align: justify;\">Ar\u0131n\u00e7, Auster&#8217;in Atat\u00fcrk&#8217;e benzedi\u011fini belirterek, T\u00fcrkiye&#8217;ye gelmesi durumunda Atat\u00fcrk&#8217;le ilgili film \u00e7evirildi\u011fi takdirde, Auster&#8217;i oyuncu olarak kullanabileceklerini s\u00f6yledi.<\/p>\n<p style=\"text-align: justify;\">Ar\u0131n\u00e7, &#8220;Paul Auster&#8217;i okumad\u0131m, ben onda daha ba\u015fka bir kabiliyet ke\u015ffettim. Atat\u00fcrk&#8217;e m\u00fcthi\u015f benziyor. Yani T\u00fcrkiye zaman zaman Atat\u00fcrk le ilgili film \u00e7evirmek i\u00e7in birilerini getirirler. O benzedi bu benzemedi derler, ama inan\u0131n ben bundan daha fazla benzeyen g\u00f6rmedim. Haz\u0131r T\u00fcrkiye&#8217;ye gelmi\u015fken bir film senaryosu \u00fczerinde onu akt\u00f6r olarak d\u00fc\u015f\u00fcnebilirler&#8221; diye konu\u015ftu.<\/p>\n<p style=\"text-align: justify;\"><strong>Dindar nesil tart\u0131\u015fmas\u0131na yan\u0131t\u00a0<\/strong><\/p>\n<p style=\"text-align: justify;\">Program\u0131n ba\u015flang\u0131c\u0131nda herkesin Mevlit Kandili&#8217;ni kutlayan Ar\u0131n\u00e7, &#8220;Say\u0131n Ba\u015fbakan &#8216;Biz dindar bir nesil yeti\u015ftirmek istiyoruz&#8217; dedi. Bundan ne anlamal\u0131y\u0131z?&#8221; sorusu \u00fczerine, Ba\u015fbakan Erdo\u011fan&#8217;\u0131n \u0130l Ba\u015fkanlar\u0131 Toplant\u0131s\u0131&#8217;n\u0131n a\u00e7\u0131l\u0131\u015f\u0131nda o konu\u015fmay\u0131 yapt\u0131\u011f\u0131n\u0131 s\u00f6yledi.<\/p>\n<p style=\"text-align: justify;\">2007&#8217;nin Nisan ay\u0131nda cumhurba\u015fkanl\u0131\u011f\u0131 se\u00e7imi s\u00fcrecinin ba\u015flad\u0131\u011f\u0131n\u0131 hat\u0131rlatan Ar\u0131n\u00e7, o d\u00f6nemde CHP&#8217;nin &#8220;AK Parti&#8217;nin i\u00e7inden biri cumhurba\u015fkan\u0131 olamaz&#8221; \u015feklinde \u015fikayetleri ve baz\u0131 itirazlar\u0131 oldu\u011funu anlatt\u0131. Ayn\u0131 g\u00fcnlerde eski cumhurba\u015fkanlar\u0131ndan Turgut \u00d6zal&#8217;\u0131n \u00f6l\u00fcm y\u0131l d\u00f6n\u00fcm\u00fc dolay\u0131s\u0131yla d\u00fczenlenen etkinlikte konu\u015fma yapt\u0131\u011f\u0131n\u0131 ifade eden Ar\u0131n\u00e7, cenazede a\u00e7\u0131lan &#8220;sivil, dindar, demokrat&#8221; yaz\u0131l\u0131 pankarttan bahsetti\u011fini dile getirdi.<\/p>\n<p style=\"text-align: justify;\">O g\u00fcnk\u00fc konu\u015fmas\u0131nda, &#8220;\u00d6zal i\u00e7in bunu uygun g\u00f6ren halk\u0131m\u0131z\u0131n, bu \u00f6zellikleri benimsedi\u011fini bildi\u011fimize g\u00f6re, herhalde T\u00fcrkiye&#8217;nin bu vas\u0131fta bir cumhurba\u015fkan\u0131 se\u00e7ilmesine engel olmak i\u00e7in say\u0131n Baykal ve arkada\u015flar\u0131 s\u00fcrekli bir maraza \u00e7\u0131kart\u0131yorlar&#8221; dedi\u011fine i\u015faret eden Ar\u0131n\u00e7, &#8220;Konu\u015fmam\u0131n ard\u0131ndan bir vaveyla koptu. &#8216;Vay, bu dindar, dedi. Dindar demek M\u00fcsl\u00fcman demektir. Demek ki biz M\u00fcsl\u00fcman cumhurba\u015fkan\u0131 se\u00e7ece\u011fiz. Demek ki bug\u00fcne kadar gelenler M\u00fcsl\u00fcman de\u011filmi\u015f&#8217; gibi, abuk subuk, hi\u00e7bir tutar taraf\u0131 olmayan, k\u00f6\u015felerde orada burada yaz\u0131lar \u00e7iziler okumaya ba\u015flad\u0131k. Bunu halk\u0131m\u0131z s\u00f6ylemi\u015fti. Halk\u0131m\u0131z, bu vas\u0131flar\u0131 birine vermi\u015fti. Onu ben yazmad\u0131m&#8221; diye konu\u015ftu.<\/p>\n<p style=\"text-align: justify;\">O g\u00fcne kadar gelen cumhurba\u015fkanlar\u0131n\u0131n \u00e7o\u011funun sivil olmad\u0131\u011f\u0131n\u0131 belirten Ar\u0131n\u00e7, ama \u00d6zal&#8217;\u0131n ya\u015fant\u0131s\u0131 ile de\u011fil \u00f6zellikleriyle sivil bir cumhurba\u015fkan\u0131 oldu\u011funu s\u00f6yledi. Ar\u0131n\u00e7, &#8220;Ben, M\u00fcsl\u00fcman dememi\u015ftim, dindar demi\u015ftim ama M\u00fcsl\u00fcman olarak ortal\u0131\u011fa sal\u0131veren, bunun aleyhine propaganda yapanlar asl\u0131nda \u00e7ok yanl\u0131\u015f bir \u015fey yapt\u0131lar ama neticesi y\u00fczde 47 olarak g\u00f6r\u00fcnd\u00fc. Onlar asl\u0131nda vatanda\u015f\u0131n \u00e7ok ho\u015fland\u0131\u011f\u0131 bir konuyu tersinden g\u00fcndeme getirdiler. Benim s\u00f6zlerimde dindarl\u0131k vard\u0131&#8221; dedi.<\/p>\n<p style=\"text-align: justify;\">&#8220;Say\u0131n Ba\u015fbakan\u0131m\u0131z\u0131n dindar kelimesini kullanmas\u0131 asl\u0131nda \u00e7ok do\u011fru, \u00e7ok uygun&#8221; diyen Ar\u0131n\u00e7, AK Parti&#8217;nin muhafazakar, demokrat bir siyasi kimli\u011fe sahip oldu\u011funa i\u015faret etti. Parti olarak toplumun ortak de\u011ferlerine sayg\u0131l\u0131 ve ba\u011fl\u0131 olmak gibi bir kavram\u0131 ta\u015f\u0131d\u0131klar\u0131n\u0131 anlatan Ar\u0131n\u00e7, &#8220;Bu k\u00fclt\u00fcr\u00fcn unsurlar\u0131n\u0131n i\u00e7inde din var \u015f\u00fcphesiz. N\u00fcfusun \u015fu kadar\u0131n\u0131n M\u00fcsl\u00fcman oldu\u011funu bildi\u011fimiz bir \u00fclkede ya\u015f\u0131yoruz. Din, bizim i\u00e7in \u00e7ok \u00f6nemli bir unsur.<\/p>\n<p style=\"text-align: justify;\">Dolay\u0131s\u0131yla muhafazakarl\u0131\u011f\u0131n i\u00e7inde aile de\u011ferleri, dini de\u011ferler, k\u00fclt\u00fcr\u00fcm\u00fcze ait de\u011ferler girdi\u011fine g\u00f6re bunu dindarl\u0131k olarak vas\u0131fland\u0131rmak su\u00e7 de\u011fil&#8221; diye konu\u015ftu.<\/p>\n<p style=\"text-align: justify;\"><strong>&#8220;Dindarl\u0131\u011f\u0131n kar\u015f\u0131t\u0131 ateist olmak de\u011fil&#8221;\u00a0<\/strong><\/p>\n<p style=\"text-align: justify;\">Dindar olman\u0131n kar\u015f\u0131l\u0131\u011f\u0131n\u0131n, ateist olmak de\u011fil, dindar olmamak oldu\u011funu ifade eden Ar\u0131n\u00e7, dindarl\u0131\u011f\u0131n inanc\u0131na daha \u00e7ok ba\u011fl\u0131 olan anlam\u0131nda kullan\u0131ld\u0131\u011f\u0131n\u0131 s\u00f6yledi.<\/p>\n<p style=\"text-align: justify;\">M\u00fcsl\u00fcman olman\u0131n dindar olmak ile e\u015fde\u011fer olmad\u0131\u011f\u0131n\u0131 dile getiren Ar\u0131n\u00e7, \u015f\u00f6yle devam etti: &#8220;Dindarl\u0131k vasf\u0131n\u0131 ben muhafazakarl\u0131k vasf\u0131n\u0131n i\u00e7erisinde bir unsur olarak g\u00f6r\u00fcyorum ve \u015funu s\u00f6ylemekle Say\u0131n Ba\u015fbakan\u0131n \u00e7ok iyi bir \u015fey yapt\u0131\u011f\u0131n\u0131 d\u00fc\u015f\u00fcn\u00fcyorum. Bug\u00fcn, hepimiz gelece\u011fimizi gen\u00e7lerimize ba\u011fl\u0131yoruz. Gen\u00e7lerimizin iyi yeti\u015fmesi, nitelikli bir e\u011fitim almas\u0131 hedefidir ama biz ayn\u0131 zamanda milli ve manevi de\u011ferler diye bir de\u011ferler manzumesine de inan\u0131r\u0131z. Milliyet\u00e7i olmal\u0131 -menfi milliyet\u00e7ilik, \u0131rk\u00e7\u0131l\u0131k anlam\u0131nda de\u011fil- milletini sevmeli, tarihini sevmeli, k\u00fclt\u00fcr\u00fcne ba\u011fl\u0131 olmal\u0131, manevi de\u011ferlerini bilmeli ve m\u00fcmk\u00fcn olduk\u00e7a ya\u015famal\u0131. Bu, eskiden pek \u00e7ok siyasi partinin de olmazsa olmal\u0131yd\u0131. \u015eimdi onlar\u0131n bir k\u0131sm\u0131n\u0131n belki sesi \u00e7\u0131km\u0131yor ama milli ve manevi de\u011ferlerin bir d\u00fcnya g\u00f6r\u00fc\u015f\u00fc olarak, e\u011fer bu \u00fclkede bir atmosfer olarak ya\u015fanmas\u0131 isteniyorsa bu gericilik de\u011fildir. Bir ba\u015fkas\u0131 da ba\u015fka t\u00fcrl\u00fc e\u011fitim sistemi i\u00e7erisinde \u00e7ocuklar\u0131m\u0131z\u0131n gen\u00e7lerimizin yeti\u015fmesini isteyebilir.&#8221;<\/p>\n<p style=\"text-align: justify;\">&#8220;Ateistlere nas\u0131l bir g\u00fcvence veriyorsunuz?&#8221; sorusunu yan\u0131tlarken, kimsenin dini inanc\u0131n\u0131 a\u00e7\u0131klamak zorunda olmad\u0131\u011f\u0131na ve bunun sorulamayaca\u011f\u0131na i\u015faret eden Ar\u0131n\u00e7, bunun Anayasa&#8217;n\u0131n temel ilkelerinden oldu\u011funu s\u00f6yledi.<\/p>\n<p style=\"text-align: justify;\"><strong>&#8220;Kimse endi\u015fe etmesin&#8221;\u00a0<\/strong><\/p>\n<p style=\"text-align: justify;\">Fransa&#8217;da kilisenin okullar\u0131n\u0131n ve laik okullar\u0131n\u0131n oldu\u011funu belirten Ar\u0131n\u00e7, \u015funlar\u0131 kaydetti:<\/p>\n<p style=\"text-align: justify;\">&#8220;Laik okullarda, lise seviyesinde ba\u015f \u00f6rtme yasaksa kilise okullar\u0131na gidenler i\u00e7in b\u00f6yle bir yasak yok. Oradaki hayat tarz\u0131 farkl\u0131. Oysa bizde tevhid-i tedrisat var. Ta 1920&#8217;li y\u0131llardan bu yana milli e\u011fitimde bir birlik var. \u0130mam Hatip Liseleri de Tevhidi Tedrisat i\u00e7erisinde Milli E\u011fitim bakanl\u0131\u011f\u0131na ba\u011fl\u0131, onun m\u00fcfredat program\u0131na ba\u011fl\u0131, kitaplar\u0131 denetimden ge\u00e7iyor, Milli E\u011fitim&#8217;in \u00f6\u011fretmenleri orada ders verdi\u011fi gibi ayn\u0131s\u0131 lisede de ders verebiliyor. Bizde, ikili \u00fc\u00e7l\u00fc dualist sistem yok. Dolay\u0131s\u0131yla hi\u00e7 kimse endi\u015fe etmesin, milli e\u011fitimin temel ilkeleri zaten yaz\u0131l\u0131. Anayasa&#8217;n\u0131n bu konudaki kurallar\u0131 da belli.<\/p>\n<p style=\"text-align: justify;\">Ama ben, \u00e7ocuklar\u0131m\u0131 kendi \u00f6zel hayat\u0131mda, e\u015fimle birlikte daha dindar nesil olarak yeti\u015ftirmek istesem, herhalde bunun su\u00e7 olacak taraf\u0131 yok. O da kendi evinde, kendine uygun bir e\u011fitim verir. Bazen \u00e7ocu\u011funu al\u0131r, kar\u015f\u0131 kar\u015f\u0131ya kadehleri toku\u015ftururlar. Bazen \u00e7ocuklar\u0131na daha farkl\u0131 \u015feyler de anlatabilirler. Biz, ona engel olacak bir noktada de\u011filiz. Zaten Milli E\u011fitimde teklik sistemi var. Bundan emin olsunlar, hi\u00e7 endi\u015fe yok.&#8221;<\/p>\n<p style=\"text-align: justify;\">Kimsenin endi\u015fe etmemesini isteyen Ar\u0131n\u00e7, &#8220;Milli E\u011fitim, kendi ilkeleriyle bug\u00fcne kadar kabul edilmi\u015f b\u00fct\u00fcn anayasal ve kanundaki g\u00fcvencelerle e\u011fitimine devam edecek&#8221; diye konu\u015ftu.<\/p>\n<p style=\"text-align: justify;\"><strong>Malatya&#8217;daki Ermeni mezarl\u0131\u011f\u0131\u00a0<\/strong><\/p>\n<p style=\"text-align: justify;\">Ba\u015fbakan Yard\u0131mc\u0131s\u0131 Ar\u0131n\u00e7, &#8220;Malatya&#8217;daki Ermeni mezarl\u0131\u011f\u0131ndaki y\u0131k\u0131ma&#8221; ili\u015fkin bir soru \u00fczerine, konudan haberi olmad\u0131\u011f\u0131n\u0131 ama endi\u015fe edecek bir \u015fey olmad\u0131\u011f\u0131n\u0131 s\u00f6yledi.<\/p>\n<p style=\"text-align: justify;\">Buna benzer m\u00fcnferit olaylar\u0131n zaman zaman ya\u015fanabildi\u011fini ifade eden Ar\u0131n\u00e7, &#8220;H\u00fck\u00fcmet olarak az\u0131nl\u0131klar ve cemaat vak\u0131flar\u0131 konusunda b\u00f6yle d\u00fc\u015f\u00fcnm\u00fcyoruz&#8221; dedi. Cemaat vak\u0131flar\u0131n\u0131n mallar\u0131n\u0131 iade ettiklerini, 7 kiliseyi tamir ederek ibadete a\u00e7t\u0131klar\u0131n\u0131 anlatan Ar\u0131n\u00e7, az\u0131nl\u0131klar\u0131n b\u00fct\u00fcn haklar\u0131n\u0131n alabildi\u011fince korundu\u011funu dile getirdi.<\/p>\n<p style=\"text-align: justify;\">Ar\u0131n\u00e7, &#8220;Bir yanl\u0131\u015f habere dayanarak 3-5 ki\u015finin sevk etmesiyle b\u00f6yle bir yanl\u0131\u015fl\u0131k meydana geldiyse emin olun o cemaatler bundan dolay\u0131 bize k\u0131zmazlar, bunu yapanlar\u0131n maksatl\u0131 olduklar\u0131n\u0131, yan\u0131lt\u0131lm\u0131\u015f olduklar\u0131n\u0131 bilirler&#8221; dedi.<\/p>\n<p style=\"text-align: justify;\"><strong>\u00c7ocuklar\u0131n umreye g\u00f6t\u00fcr\u00fclmesi\u00a0<\/strong><\/p>\n<p style=\"text-align: justify;\">Ar\u0131n\u00e7, aileleri veya \u00f6\u011fretmenleriyle \u00e7ocuklar\u0131n 8-9 g\u00fcnl\u00fc\u011f\u00fcne umreye gitmesine ili\u015fkin \u015f\u00f6yle konu\u015ftu: &#8220;Bunu, bir seyahat \u00f6zg\u00fcrl\u00fc\u011f\u00fc gibi g\u00f6rmek laz\u0131m. \u00c7\u00fcnk\u00fc baz\u0131 ailelerde \u00e7ocuklar\u0131n\u0131 15 tatilde al\u0131p Maldivlere, ispanya&#8217;ya, \u0130talya&#8217;ya gidebiliyorlar, Uluda\u011f&#8217;a geliyorlar. Bunda bir fevkaladelik yok. Bak\u0131n T\u00fcrkiye&#8217;de bir tehlike var. O da \u015fudur, uyu\u015fturucuya ba\u015flama ya\u015f\u0131 \u00e7ok k\u00fc\u00e7\u00fcld\u00fc, sigaraya ba\u015flama ya\u015f\u0131 \u00e7ok k\u00fc\u00e7\u00fcld\u00fc. Daha k\u00f6t\u00fc \u015feylerde ya\u015f iyice geriledi.<\/p>\n<p style=\"text-align: justify;\">Gen\u00e7lerde su\u00e7 i\u015flemeye y\u00f6nelim daha da \u00e7ok artt\u0131. Her g\u00fcn gazetelerin 2-3 sayfas\u0131nda t\u00fcyler \u00fcrperten bir tak\u0131m haberler, foto\u011fraflar g\u00f6rebiliyorsunuz. ya kad\u0131na kar\u015f\u0131 \u015fiddet, ya sevgilisini b\u0131\u00e7aklamak, veyahut da e\u015fini, sevgilisini, bir ba\u015fkas\u0131n\u0131 pazarlamak. Bunlar ahlak\u0131n da reddetti\u011fi \u015feyler. Toplumda olmamas\u0131 gereken \u015feyler. Yani bir f\u0131rt\u0131nan\u0131n yakla\u015fmakta oldu\u011funu da g\u00f6r\u00fcyoruz. Daha \u00e7ok bu de\u011ferlere sahip \u00e7\u0131kacak gen\u00e7lerimiz yeti\u015fse herhalde su\u00e7 i\u015flemekten daha uzak kal\u0131rlar. Herhalde bu konularda i\u015fleyecek noktada olmazlar diye d\u00fc\u015f\u00fcnebiliriz.&#8221;<\/p>\n<p style=\"text-align: justify;\"><a href=\"http:\/\/www.cnnturk.com\/2012\/turkiye\/02\/03\/erdogan.kizdi.arinc.ataturke.benzetti\/647671.0\/index.html\" target=\"_blank\">Kaynak : CNN T\u00dcRK<\/a><\/p>\n","protected":false},"excerpt":{"rendered":"<p style=\"text-align: center;\">\n<p style=\"text-align: justify;\">Ba\u015fbakan Yard\u0131mc\u0131s\u0131 B\u00fclent Ar\u0131n\u00e7, &#8220;Demokrat yasalar\u0131 olmayan \u00fclkelere gitmiyorum&#8221; diyen ve Erdo\u011fan&#8217;\u0131n &#8220;gelsen ne olur, gelmesen ne olur&#8221; diyerek tepki g\u00f6sterdi\u011fi ABD&#8217;li yazar Paul Auster&#8217;i Atat\u00fcrk&#8217;e benzetti. Ar\u0131n\u00e7, &#8220;Atat\u00fcrk&#8217;le ilgili film yap\u0131l\u0131rsa Auster oyuncu olarak kullan\u0131labilir&#8221; dedi.<\/p>\n<p style=\"text-align: justify;\">B\u00fclent Ar\u0131n\u00e7, CNN T\u00dcRK&#8217;te &#8220;Ne Oluyor?&#8221; program\u0131nda \u015eirin Payz\u0131n&#8217;\u0131n konu\u011fu oldu.<\/p>\n","protected":false},"author":1,"featured_media":0,"comment_status":"open","ping_status":"open","sticky":false,"template":"","format":"standard","meta":{"footnotes":""},"categories":[105],"tags":[],"class_list":["post-48353","post","type-post","status-publish","format-standard","hentry","category-gundem","odd"],"_links":{"self":[{"href":"http:\/\/www.korhanyilmaz.com\/index.php?rest_route=\/wp\/v2\/posts\/48353","targetHints":{"allow":["GET"]}}],"collection":[{"href":"http:\/\/www.korhanyilmaz.com\/index.php?rest_route=\/wp\/v2\/posts"}],"about":[{"href":"http:\/\/www.korhanyilmaz.com\/index.php?rest_route=\/wp\/v2\/types\/post"}],"author":[{"embeddable":true,"href":"http:\/\/www.korhanyilmaz.com\/index.php?rest_route=\/wp\/v2\/users\/1"}],"replies":[{"embeddable":true,"href":"http:\/\/www.korhanyilmaz.com\/index.php?rest_route=%2Fwp%2Fv2%2Fcomments&post=48353"}],"version-history":[{"count":0,"href":"http:\/\/www.korhanyilmaz.com\/index.php?rest_route=\/wp\/v2\/posts\/48353\/revisions"}],"wp:attachment":[{"href":"http:\/\/www.korhanyilmaz.com\/index.php?rest_route=%2Fwp%2Fv2%2Fmedia&parent=48353"}],"wp:term":[{"taxonomy":"category","embeddable":true,"href":"http:\/\/www.korhanyilmaz.com\/index.php?rest_route=%2Fwp%2Fv2%2Fcategories&post=48353"},{"taxonomy":"post_tag","embeddable":true,"href":"http:\/\/www.korhanyilmaz.com\/index.php?rest_route=%2Fwp%2Fv2%2Ftags&post=48353"}],"curies":[{"name":"wp","href":"https:\/\/api.w.org\/{rel}","templated":true}]}}