{"id":48345,"date":"2012-02-03T18:30:56","date_gmt":"2012-02-03T16:30:56","guid":{"rendered":"http:\/\/www.korhanyilmaz.com\/?p=48345"},"modified":"2012-02-04T01:58:54","modified_gmt":"2012-02-03T23:58:54","slug":"kuzey-iraka-hava-harekati","status":"publish","type":"post","link":"http:\/\/www.korhanyilmaz.com\/?p=48345","title":{"rendered":"Kuzey Irak&#8217;a hava harekat\u0131"},"content":{"rendered":"<p style=\"text-align: center;\"><a href=\"http:\/\/www.korhanyilmaz.com\/wp-content\/uploads\/2012\/02\/9604.jpg\"  class=\"lightview\"><img loading=\"lazy\" decoding=\"async\" class=\"aligncenter  wp-image-48346\" src=\"http:\/\/www.korhanyilmaz.com\/wp-content\/uploads\/2012\/02\/9604.jpg\" alt=\"\" width=\"307\" height=\"236\" \/><\/a><\/p>\n<p style=\"text-align: justify;\">Genelkurmay Ba\u015fkanl\u0131\u011f\u0131, Irak&#8217;\u0131n kuzeyindeki Zap b\u00f6lgesinde tespit edilen b\u00f6l\u00fcc\u00fc ter\u00f6r \u00f6rg\u00fct\u00fcne ait \u00fc\u00e7 hedefin (bar\u0131nak), T\u00fcrk Hava Kuvvetleri&#8217;ne ait u\u00e7aklar taraf\u0131ndan 3 \u015eubat 2012 tarihinde etkili olarak vuruldu\u011funu bildirdi.<\/p>\n<p style=\"text-align: justify;\">Genelkurmay Ba\u015fkanl\u0131\u011f\u0131&#8217;n\u0131n internet sitesinden yap\u0131lan a\u00e7\u0131klamaya g\u00f6re Irak&#8217;\u0131n kuzeyinde b\u00f6l\u00fcc\u00fc ter\u00f6r \u00f6rg\u00fct\u00fcne ait hedeflere y\u00f6nelik hava harekat\u0131nda \u00fc\u00e7 hedefin vuruldu\u011fu belirtildi.<!--more--><\/p>\n<p style=\"text-align: justify;\">A\u00e7\u0131klamada \u015fu ifadelere yer verildi: &#8220;Irak&#8217;\u0131n kuzeyinde yap\u0131lan ke\u015fif ve hedef analizi sonu\u00e7lar\u0131na istinaden, Zap b\u00f6lgesinde tespit edilen b\u00f6l\u00fcc\u00fc ter\u00f6r \u00f6rg\u00fct\u00fcne ait \u00fc\u00e7 adet hedef (bar\u0131nak), T\u00fcrk Hava Kuvvetleri u\u00e7aklar\u0131 taraf\u0131ndan, 03 \u015eubat 2012 tarihinde etkili olarak vurulmu\u015ftur.G\u00f6revlerini ba\u015far\u0131yla tamamlayan u\u00e7aklar\u0131m\u0131z emniyetle \u00fcslerine d\u00f6nm\u00fc\u015flerdir.&#8221;<\/p>\n<p style=\"text-align: justify;\"><a href=\"http:\/\/www.cnnturk.com\/2012\/turkiye\/02\/03\/kuzey.iraka.hava.harekati\/647662.0\/index.html\" target=\"_blank\">Kaynak : CNN T\u00dcRK<\/a><\/p>\n","protected":false},"excerpt":{"rendered":"<p style=\"text-align: center;\">\n<p style=\"text-align: justify;\">Genelkurmay Ba\u015fkanl\u0131\u011f\u0131, Irak&#8217;\u0131n kuzeyindeki Zap b\u00f6lgesinde tespit edilen b\u00f6l\u00fcc\u00fc ter\u00f6r \u00f6rg\u00fct\u00fcne ait \u00fc\u00e7 hedefin (bar\u0131nak), T\u00fcrk Hava Kuvvetleri&#8217;ne ait u\u00e7aklar taraf\u0131ndan 3 \u015eubat 2012 tarihinde etkili olarak vuruldu\u011funu bildirdi.<\/p>\n<p style=\"text-align: justify;\">Genelkurmay Ba\u015fkanl\u0131\u011f\u0131&#8217;n\u0131n internet sitesinden yap\u0131lan a\u00e7\u0131klamaya g\u00f6re Irak&#8217;\u0131n kuzeyinde b\u00f6l\u00fcc\u00fc ter\u00f6r \u00f6rg\u00fct\u00fcne ait hedeflere y\u00f6nelik hava harekat\u0131nda \u00fc\u00e7 hedefin <\/p>\n","protected":false},"author":1,"featured_media":0,"comment_status":"open","ping_status":"open","sticky":false,"template":"","format":"standard","meta":{"footnotes":""},"categories":[105],"tags":[],"class_list":["post-48345","post","type-post","status-publish","format-standard","hentry","category-gundem","odd"],"_links":{"self":[{"href":"http:\/\/www.korhanyilmaz.com\/index.php?rest_route=\/wp\/v2\/posts\/48345","targetHints":{"allow":["GET"]}}],"collection":[{"href":"http:\/\/www.korhanyilmaz.com\/index.php?rest_route=\/wp\/v2\/posts"}],"about":[{"href":"http:\/\/www.korhanyilmaz.com\/index.php?rest_route=\/wp\/v2\/types\/post"}],"author":[{"embeddable":true,"href":"http:\/\/www.korhanyilmaz.com\/index.php?rest_route=\/wp\/v2\/users\/1"}],"replies":[{"embeddable":true,"href":"http:\/\/www.korhanyilmaz.com\/index.php?rest_route=%2Fwp%2Fv2%2Fcomments&post=48345"}],"version-history":[{"count":0,"href":"http:\/\/www.korhanyilmaz.com\/index.php?rest_route=\/wp\/v2\/posts\/48345\/revisions"}],"wp:attachment":[{"href":"http:\/\/www.korhanyilmaz.com\/index.php?rest_route=%2Fwp%2Fv2%2Fmedia&parent=48345"}],"wp:term":[{"taxonomy":"category","embeddable":true,"href":"http:\/\/www.korhanyilmaz.com\/index.php?rest_route=%2Fwp%2Fv2%2Fcategories&post=48345"},{"taxonomy":"post_tag","embeddable":true,"href":"http:\/\/www.korhanyilmaz.com\/index.php?rest_route=%2Fwp%2Fv2%2Ftags&post=48345"}],"curies":[{"name":"wp","href":"https:\/\/api.w.org\/{rel}","templated":true}]}}