{"id":48342,"date":"2012-02-03T17:08:29","date_gmt":"2012-02-03T15:08:29","guid":{"rendered":"http:\/\/www.korhanyilmaz.com\/?p=48342"},"modified":"2012-02-04T02:03:15","modified_gmt":"2012-02-04T00:03:15","slug":"en-agir-cezayi-almasini-istiyorum","status":"publish","type":"post","link":"http:\/\/www.korhanyilmaz.com\/?p=48342","title":{"rendered":"&#8220;En a\u011f\u0131r cezay\u0131 almas\u0131n\u0131 istiyorum&#8221;"},"content":{"rendered":"<p style=\"text-align: center;\"><a href=\"http:\/\/www.korhanyilmaz.com\/wp-content\/uploads\/2012\/02\/9603.jpg\"  class=\"lightview\"><img loading=\"lazy\" decoding=\"async\" class=\"aligncenter  wp-image-48343\" src=\"http:\/\/www.korhanyilmaz.com\/wp-content\/uploads\/2012\/02\/9603.jpg\" alt=\"\" width=\"347\" height=\"267\" \/><\/a><\/p>\n<p style=\"text-align: justify;\">Antalya&#8217;da 6 y\u0131l \u00f6nce 13 ya\u015f\u0131ndayken babas\u0131 taraf\u0131ndan 54 ya\u015f\u0131ndaki Yusuf A.&#8217;ya s\u00f6zle\u015fmeyle 5 bin lira kar\u015f\u0131l\u0131\u011f\u0131 sat\u0131lan ve bu ki\u015finin tecav\u00fcz\u00fcne u\u011frad\u0131\u011f\u0131 belirtilen 19 ya\u015f\u0131ndaki E.Y., Yusuf A.&#8217;n\u0131n en a\u011f\u0131r cezay\u0131 almas\u0131n\u0131 istedi\u011fini s\u00f6yledi.<\/p>\n<p style=\"text-align: justify;\">Babas\u0131 Osman Y. taraf\u0131ndan, in\u015faat malzemesi ticareti yapan Yusuf A.&#8217;ya s\u00f6zle\u015fmeyle 5 bin lira kar\u015f\u0131l\u0131\u011f\u0131nda sat\u0131lan ve bu ki\u015finin tecav\u00fcz\u00fcne u\u011frad\u0131\u011f\u0131 belirtilen E.Y.&#8217;nin annesi G\u00fclay Y. ve babas\u0131 Osman Y., ATV&#8217;de yay\u0131nlanan &#8216;M\u00fcge Anl\u0131 ile Tatl\u0131 Sert&#8217; program\u0131na \u00e7\u0131kt\u0131.\u00a0<!--more--><\/p>\n<p style=\"text-align: justify;\">Baba Osman Y., s\u00f6zle\u015fmenin Yusuf A. taraf\u0131ndan karakolda dolduruldu\u011funu iddia etti.<\/p>\n<p style=\"text-align: justify;\">Belgedeki imzan\u0131n kendisine ait oldu\u011funu, ancak daha \u00f6nce bo\u015f ka\u011f\u0131da att\u0131\u011f\u0131 bir imzan\u0131n kullan\u0131ld\u0131\u011f\u0131n\u0131 savunan Osman Y., &#8220;4 \u00e7ocu\u011fum var, birinin t\u00fcy\u00fcn\u00fc vermem. Bir kuru\u015f almad\u0131m&#8221; dedi.<\/p>\n<p style=\"text-align: justify;\">K\u0131z\u0131n\u0131n olay\u0131 kendilerine anlatmas\u0131n\u0131n ard\u0131ndan su\u00e7 duyurusunda bulunduklar\u0131n\u0131 ve o belgede yazan 5 bin TL&#8217;nin su\u00e7 duyurusundan vazge\u00e7meleri kar\u015f\u0131l\u0131\u011f\u0131nda \u00f6nerildi\u011fini savunan Osman Y., &#8220;5 bin lira bu dava hi\u00e7 ortaya \u00e7\u0131kmas\u0131n diye g\u00fcndeme geldi. &#8216;Siz garibans\u0131n\u0131z arkan\u0131z yok. Ben girer \u00e7\u0131kar\u0131m. Para vereyim&#8217; diye mahkemeye \u00e7\u0131kmadan s\u00f6yledi. E\u011fer o adam\u0131n bir kuru\u015f sigara paras\u0131 ge\u00e7tiyse, d\u00fcnyan\u0131n en adi, en \u015ferefsiziyim&#8221; diye konu\u015ftu.<\/p>\n<p style=\"text-align: justify;\">Osman Y., Yusuf A.&#8217;n\u0131n k\u0131z\u0131n\u0131 saat 20.00 gibi al\u0131p g\u00f6t\u00fcrd\u00fc\u011f\u00fcn\u00fc, gece saat 23.00-24.00&#8217;de de getirdi\u011fini s\u00f6zlerine ekledi.<\/p>\n<p style=\"text-align: justify;\"><strong>&#8220;K\u0131z\u0131m ad\u0131na at\u0131lan imza sahte&#8221;\u00a0<\/strong><\/p>\n<p style=\"text-align: justify;\">\u0130\u015fadam\u0131 Yusuf A. hakk\u0131nda su\u00e7 duyurusunda bulunmalar\u0131yla birlikte tehditlerle kar\u015f\u0131 kar\u015f\u0131ya kald\u0131klar\u0131n\u0131, Yusuf A.&#8217;n\u0131n kendisini &#8216;derin devlet&#8217;in adam\u0131 olarak tan\u0131tt\u0131\u011f\u0131n\u0131 belirten Osman Y. &#8220;6 y\u0131ld\u0131r her mahkemesine gidiyoruz. Sivas&#8217;tan Antalya&#8217;ya \u00fc\u00e7 d\u00f6rt sefer geldim&#8221; dedi.<\/p>\n<p style=\"text-align: justify;\">Osman Y., &#8216;utan\u00e7 belgesi&#8217;ndeki k\u0131z\u0131n\u0131n oldu\u011fu belirtilen imzan\u0131n da sahte oldu\u011funu savundu.<\/p>\n<p style=\"text-align: justify;\">Anne G\u00fclay Y. ise teklif edilen hi\u00e7bir paray\u0131 kabul etmediklerini belirterek, &#8220;Kabul etmem, ben \u00e7ocu\u011fumun arkas\u0131nday\u0131m. T\u00fcrkiye aya\u011fa kalkt\u0131 diyorlar, ben oturtmaya geldim. Su\u00e7umuz yok. Hukuk m\u00fccadelesini s\u00fcrd\u00fcrmez olur muyuz?&#8221; diye konu\u015ftu.<\/p>\n<p style=\"text-align: justify;\"><strong>&#8221;\u00d6nce konduramad\u0131k&#8221;\u00a0<\/strong><\/p>\n<p style=\"text-align: justify;\">Programda E.Y.&#8217;nin \u00f6\u011fretmeni Bur\u00e7e Tuncel&#8217;in, &#8220;Annesi k\u0131z\u0131n\u0131n yalanc\u0131 oldu\u011funu s\u00f6yledi&#8221; ifadelerinin hat\u0131rlat\u0131lmas\u0131 \u00fczerine G\u00fclay Y., bu s\u00f6zlerin kendisine ait olmad\u0131\u011f\u0131n\u0131, ama olay\u0131 ilk duyduklar\u0131nda Yusuf A.&#8217;ya &#8216;konduramad\u0131klar\u0131n\u0131&#8217; belirtti.<\/p>\n<p style=\"text-align: justify;\">G\u00fclay Y. &#8220;Dedesi ya\u015f\u0131nda, konduramad\u0131k yani. Yapar m\u0131, psikopat olmas\u0131 laz\u0131m. Ayn\u0131 g\u00fcn ben gittim karakola, su\u00e7 duyurusunda bulundum. Bizi su\u00e7lu konuma d\u00fc\u015f\u00fcr\u00fcyorlar ama su\u00e7umuz yok. Ben ba\u015fbakan\u0131mdan yard\u0131m istiyorum. Para ald\u0131 diyorlar, yemin ederim para almad\u0131k&#8221; diye konu\u015ftu.<\/p>\n<p style=\"text-align: justify;\"><strong>&#8220;2 k\u0131z\u0131 daha taciz etti&#8221; iddias\u0131\u00a0<\/strong><\/p>\n<p style=\"text-align: justify;\">Yusuf A.&#8217;n\u0131n bundan \u00f6nce yan\u0131nda \u00e7al\u0131\u015fan 2 \u00e7ocu\u011fu daha ayn\u0131 \u015fekilde taciz etti\u011fini savc\u0131l\u0131kta duyduklar\u0131n\u0131 \u00f6ne s\u00fcren G\u00fclay Y., &#8220;Onlar\u0131 bulman\u0131z\u0131 rica ediyorum. Onlar da \u00e7\u0131ks\u0131n konu\u015fsun. Onlar\u0131 da ayn\u0131 \u015fekilde tehdit etmi\u015f. &#8216;Sizi \u00f6ld\u00fcr\u00fcr\u00fcm, \u015f\u00f6yle b\u00f6yle yapar\u0131m&#8217; diye. K\u0131zlar da seyrediyorsa Allah r\u0131zas\u0131 i\u00e7in \u00e7\u0131ks\u0131nlar. Bizim bildi\u011fimiz iki ki\u015fi daha var. Onlar \u015fikayet\u00e7i olmam\u0131\u015flar. Sonu nereye var\u0131rsa vars\u0131n bu i\u015fi \u00e7\u00f6zece\u011fim&#8221; diye konu\u015ftu.<\/p>\n<p style=\"text-align: justify;\"><strong>&#8221;\u0130mza benim de\u011fil galiba&#8221;\u00a0<\/strong><\/p>\n<p style=\"text-align: justify;\">Daha sonra programa telefon ba\u011flant\u0131s\u0131yla kat\u0131lan tecav\u00fcz ma\u011fduru E.Y., s\u00f6zle\u015fmedeki imzan\u0131n kendisine ait olup olmad\u0131\u011f\u0131n\u0131n sorulmas\u0131 \u00fczerine &#8220;Hat\u0131rlam\u0131yorum. Benim de\u011fil galiba, hat\u0131rlam\u0131yorum&#8221; dedi.<\/p>\n<p style=\"text-align: justify;\"><strong>&#8220;Babam bo\u015f ka\u011f\u0131da imza att\u0131&#8221;\u00a0<\/strong><\/p>\n<p style=\"text-align: justify;\">Anne ve babas\u0131n\u0131n su\u00e7lu olmad\u0131\u011f\u0131n\u0131, ortada para davas\u0131 olmad\u0131\u011f\u0131n\u0131 belirten E.Y., &#8220;Annem babam para almad\u0131. Adam bu ka\u011f\u0131d\u0131 imzalatt\u0131, mahkemeye verince ortaya \u00e7\u0131kt\u0131&#8221; dedi.<\/p>\n<p style=\"text-align: justify;\">Babas\u0131n\u0131n bo\u015f bir ka\u011f\u0131da imza att\u0131\u011f\u0131n\u0131 bildi\u011fini aktaran E.Y., &#8220;Ben de vard\u0131m yanlar\u0131nda. Sorun falan \u00e7\u0131kmas\u0131n diye bo\u015f ka\u011f\u0131da imzalatt\u0131. Yaz\u0131 falan yoktu o ka\u011f\u0131tta. Orada \u00e7al\u0131\u015f\u0131yordum, ya\u015f\u0131m k\u00fc\u00e7\u00fckt\u00fc. A\u011fabeyim \u00e7al\u0131\u015f\u0131yordu, sonra ben girdim o adam\u0131n yan\u0131na&#8221; diye konu\u015ftu.<\/p>\n<p style=\"text-align: justify;\">D\u00fckkanda m\u00fc\u015fterilerle ilgilendi\u011fini aktaran E.Y., &#8220;Derin devletten bana da s\u00f6yledi. Babam\u0131n anlatt\u0131klar\u0131n\u0131 bana da anlatt\u0131&#8221; dedi.<\/p>\n<p style=\"text-align: justify;\">Ba\u015f\u0131na gelenleri annesiyle payla\u015fmay\u0131 d\u00fc\u015f\u00fcn\u00fcp d\u00fc\u015f\u00fcnmedi\u011fi sorusu \u00fczerine E.Y., &#8220;Zaten tehdit ediyordu. Hocama s\u00f6ylemem de bir anda oldu. Hi\u00e7 anlatmad\u0131m anneme. Anlat\u0131rsam beni \u00f6ld\u00fcrecekti. D\u00fckkanda silah g\u00f6sterdi. &#8216;Birine s\u00f6ylersen \u00f6ld\u00fcr\u00fcr\u00fcm seni&#8217; dedi, silah\u0131 bana do\u011frulttu. \u00d6\u011fretmenime iyi ki anlatt\u0131m. Anlatmasam belki daha k\u00f6t\u00fc olabilirdi&#8221; diye konu\u015ftu.<\/p>\n<p style=\"text-align: justify;\"><strong>&#8220;Ka\u011f\u0131tta foto\u011fraf\u0131m yoktu&#8221;\u00a0<\/strong><\/p>\n<p style=\"text-align: justify;\">Babas\u0131n\u0131n imzalad\u0131\u011f\u0131 ka\u011f\u0131tta kendi foto\u011fraf\u0131n\u0131n olmad\u0131\u011f\u0131n\u0131 belirten E.Y., &#8220;Bilmiyorum o foto\u011fraf\u0131 nereden ald\u0131ysa. Mahkemede yoktu o foto\u011fraf. Bana foto\u011fraf \u00e7ektirmedi. O foto\u011fraf sonradan ortaya \u00e7\u0131kt\u0131&#8221; dedi.<\/p>\n<p style=\"text-align: justify;\"><strong>&#8220;En a\u011f\u0131r cezay\u0131 almas\u0131n\u0131 istiyorum&#8221;\u00a0<\/strong><\/p>\n<p style=\"text-align: justify;\">Olay\u0131n \u00fczerinden 6 y\u0131l ge\u00e7mesine ra\u011fmen psikolojisinin k\u00f6t\u00fc oldu\u011funu aktaran E.Y., &#8220;D\u00fczeliyorum, tam kendimi topluyorum mahkeme \u00e7\u0131k\u0131yor. Kap\u0131ya polis geliyor, yeniden o g\u00fcnleri ya\u015f\u0131yorum. Tam unuttum her \u015fey yoluna girecek diyorum, ille bir yerden hat\u0131rl\u0131yorum unutam\u0131yorum. Onun en a\u011f\u0131r cezay\u0131 almas\u0131n\u0131 istiyorum&#8221; diye konu\u015ftu.<\/p>\n<p style=\"text-align: justify;\"><strong>&#8220;Anne babama g\u00fcveniyorum&#8221;\u00a0<\/strong><\/p>\n<p style=\"text-align: justify;\">\u015eimdi b\u00f6yle bir olayla kar\u015f\u0131la\u015fsa direnece\u011fini belirten E.Y., &#8220;O ya\u015fta direnemedim bile. Kendimi savunamad\u0131m&#8221; dedi.<\/p>\n<p style=\"text-align: justify;\">Ya\u015fad\u0131klar\u0131ndan sonra i\u00e7ine kapand\u0131\u011f\u0131n\u0131 aktaran E.Y., T\u00fcrk\u00e7e \u00f6\u011fretmeni olmay\u0131 istedi\u011fini belirterek, \u015f\u00f6yle dedi:<\/p>\n<p style=\"text-align: justify;\">&#8220;Olay\u0131 anlatt\u0131\u011f\u0131m \u00f6\u011fretmenim sevdi\u011fim bir hocayd\u0131, her \u015feyimizi anlat\u0131rd\u0131m. \u00d6\u011fretmenimin bu olay\u0131 ortaya \u00e7\u0131karmas\u0131na seviniyorum. Anne babama g\u00fcveniyorum, onlar\u0131 \u00e7ok seviyorum. Babam e\u011fer para alsayd\u0131 sevmezdim, yan\u0131nda da durmazd\u0131m. \u00d6yle bir \u015fey yok. Anneme babama s\u00f6ylenenler de do\u011fru de\u011fil. O adam\u0131n iftiralar\u0131 onlar.&#8221;<\/p>\n<p style=\"text-align: justify;\">E.Y., &#8220;Evlenir misin&#8221; sorusu \u00fczerine, &#8220;Ben evlenmeyece\u011fim&#8221; yan\u0131t\u0131n\u0131 verdikten sonra g\u00f6zya\u015flar\u0131n\u0131 tutamad\u0131.<\/p>\n<p style=\"text-align: justify;\">E.Y., evlenmek istememesinin gerek\u00e7esini ise &#8220;Bu olay\u0131 duyduklar\u0131nda b\u0131rak\u0131rlar beni. Hi\u00e7 \u015fey yapman\u0131n anlam\u0131 yok&#8221; s\u00f6zleriyle anlatt\u0131.<\/p>\n<p style=\"text-align: justify;\">Kendisine k\u00f6t\u00fc muamele yap\u0131ld\u0131\u011f\u0131n\u0131n fark\u0131nda olmad\u0131\u011f\u0131n\u0131, hi\u00e7 bir \u015fey d\u00fc\u015f\u00fcnmedi\u011fini aktaran E.Y., &#8220;Ne derse yap\u0131yordum. Hocam\u0131n anlatt\u0131klar\u0131ndan sonra fark\u0131na vard\u0131m. Hocam yasay\u0131 anlat\u0131p \u00f6rnek verince, ya\u015fad\u0131klar\u0131m g\u00f6z\u00fcm\u00fcn \u00f6n\u00fcnde ge\u00e7ti, a\u011flad\u0131m. Tehditler y\u00fcz\u00fcnden bir \u015fey s\u00f6yleyemedim&#8221; diye konu\u015ftu.<\/p>\n<p style=\"text-align: justify;\"><strong>Bakan \u015eahin: &#8220;A\u011f\u0131r bir psikolojik travma&#8221;\u00a0<\/strong><\/p>\n<p style=\"text-align: justify;\">Aile ve Sosyal Politikalar Bakan\u0131 Fatma \u015eahin, &#8220;12 ya\u015f\u0131ndaki \u00e7ocu\u011fun s\u00f6zle\u015fme kar\u015f\u0131l\u0131\u011f\u0131 sat\u0131ld\u0131\u011f\u0131&#8221; iddias\u0131na ili\u015fkin, &#8220;D\u00fcn k\u0131z\u0131m\u0131zla yakla\u015f\u0131k 70 dakika s\u00fcren uzman arkada\u015flar\u0131m\u0131z\u0131n g\u00f6r\u00fc\u015fmesine g\u00f6re, bu a\u011f\u0131r bir psikolojik travma. Psikolojik olarak halen etkilendi\u011fini, destek ihtiyac\u0131 oldu\u011funu bize s\u00f6ylemi\u015f&#8221; dedi.<\/p>\n<p style=\"text-align: justify;\">Zonguldak&#8217;ta konu\u015fan Bakan \u015fahin \u015f\u00f6yle dedi:<\/p>\n<p style=\"text-align: justify;\">&#8220;TCK&#8217;da, \u00c7ocuk Koruma Kanunu&#8217;nda \u015fu anda \u00e7a\u011fda\u015f ve modern \u00fclkelerin standartlar\u0131n\u0131, hukuki altyap\u0131 olu\u015fturmu\u015f \u00fclkeyiz. Eksiklerimiz \u00f6zellikle istismara u\u011frayan \u00e7ocuklar\u0131m\u0131zda r\u0131zayla ilgili bir belge isteniyor.<\/p>\n<p style=\"text-align: justify;\">Biz bunun do\u011fru olmad\u0131\u011f\u0131n\u0131 d\u00fc\u015f\u00fcn\u00fcyoruz. Adalet Bakanl\u0131\u011f\u0131m\u0131z\u0131n uzmanlar\u0131yla bu rapora ihtiya\u00e7 olmadan, 15 ya\u015f alt\u0131 bir \u00e7ocu\u011fun yeniden ruh sa\u011fl\u0131\u011f\u0131 bozuldu mu gibi bir s\u00fcrecin onu yeniden y\u0131pratt\u0131\u011f\u0131n\u0131, do\u011fru olmad\u0131\u011f\u0131n\u0131, bozulmu\u015ftur \u00fczerine i\u015flem yap\u0131lmas\u0131 gerekti\u011fini, uygulamalarda da g\u00f6r\u00fcyoruz, vicdanen de g\u00f6r\u00fcyoruz.<\/p>\n<p style=\"text-align: justify;\">Ceza Kanunu&#8217;nda bu t\u00fcr yap\u0131lmas\u0131 gerekenler ile uygulamada ya\u015fananlar\u0131 yeniden nas\u0131l d\u00fczeltmemiz konusunda da Adalet Bakan\u0131m\u0131zla ve di\u011fer ilgili bakanl\u0131klarla birlikte \u00e7al\u0131\u015ft\u0131k. Kamu vicdan\u0131n\u0131 rahats\u0131z eden bo\u015fluk varsa onu dolduracak \u015fekilde \u00e7al\u0131\u015fmalar\u0131m\u0131z\u0131 tamaml\u0131yoruz.&#8221;<\/p>\n<p style=\"text-align: justify;\"><a href=\"http:\/\/www.cnnturk.com\/2012\/turkiye\/02\/03\/en.agir.cezayi.almasini.istiyorum\/647622.0\/index.html\" target=\"_blank\">Kaynak : CNN T\u00dcRK<\/a><\/p>\n","protected":false},"excerpt":{"rendered":"<p style=\"text-align: center;\">\n<p style=\"text-align: justify;\">Antalya&#8217;da 6 y\u0131l \u00f6nce 13 ya\u015f\u0131ndayken babas\u0131 taraf\u0131ndan 54 ya\u015f\u0131ndaki Yusuf A.&#8217;ya s\u00f6zle\u015fmeyle 5 bin lira kar\u015f\u0131l\u0131\u011f\u0131 sat\u0131lan ve bu ki\u015finin tecav\u00fcz\u00fcne u\u011frad\u0131\u011f\u0131 belirtilen 19 ya\u015f\u0131ndaki E.Y., Yusuf A.&#8217;n\u0131n en a\u011f\u0131r cezay\u0131 almas\u0131n\u0131 istedi\u011fini s\u00f6yledi.<\/p>\n<p style=\"text-align: justify;\">Babas\u0131 Osman Y. taraf\u0131ndan, in\u015faat malzemesi ticareti yapan Yusuf A.&#8217;ya s\u00f6zle\u015fmeyle 5 bin <\/p>\n","protected":false},"author":1,"featured_media":0,"comment_status":"open","ping_status":"open","sticky":false,"template":"","format":"standard","meta":{"footnotes":""},"categories":[105],"tags":[],"class_list":["post-48342","post","type-post","status-publish","format-standard","hentry","category-gundem","odd"],"_links":{"self":[{"href":"http:\/\/www.korhanyilmaz.com\/index.php?rest_route=\/wp\/v2\/posts\/48342","targetHints":{"allow":["GET"]}}],"collection":[{"href":"http:\/\/www.korhanyilmaz.com\/index.php?rest_route=\/wp\/v2\/posts"}],"about":[{"href":"http:\/\/www.korhanyilmaz.com\/index.php?rest_route=\/wp\/v2\/types\/post"}],"author":[{"embeddable":true,"href":"http:\/\/www.korhanyilmaz.com\/index.php?rest_route=\/wp\/v2\/users\/1"}],"replies":[{"embeddable":true,"href":"http:\/\/www.korhanyilmaz.com\/index.php?rest_route=%2Fwp%2Fv2%2Fcomments&post=48342"}],"version-history":[{"count":0,"href":"http:\/\/www.korhanyilmaz.com\/index.php?rest_route=\/wp\/v2\/posts\/48342\/revisions"}],"wp:attachment":[{"href":"http:\/\/www.korhanyilmaz.com\/index.php?rest_route=%2Fwp%2Fv2%2Fmedia&parent=48342"}],"wp:term":[{"taxonomy":"category","embeddable":true,"href":"http:\/\/www.korhanyilmaz.com\/index.php?rest_route=%2Fwp%2Fv2%2Fcategories&post=48342"},{"taxonomy":"post_tag","embeddable":true,"href":"http:\/\/www.korhanyilmaz.com\/index.php?rest_route=%2Fwp%2Fv2%2Ftags&post=48342"}],"curies":[{"name":"wp","href":"https:\/\/api.w.org\/{rel}","templated":true}]}}