{"id":48326,"date":"2012-02-03T11:45:37","date_gmt":"2012-02-03T09:45:37","guid":{"rendered":"http:\/\/www.korhanyilmaz.com\/?p=48326"},"modified":"2012-02-03T23:12:59","modified_gmt":"2012-02-03T21:12:59","slug":"erhan-tuncel-ilk-kez-konustu","status":"publish","type":"post","link":"http:\/\/www.korhanyilmaz.com\/?p=48326","title":{"rendered":"Erhan Tuncel ilk kez konu\u015ftu"},"content":{"rendered":"<p style=\"text-align: center;\"><a href=\"http:\/\/www.korhanyilmaz.com\/wp-content\/uploads\/2012\/02\/9599.jpg\"  class=\"lightview\"><img loading=\"lazy\" decoding=\"async\" class=\"aligncenter  wp-image-48327\" src=\"http:\/\/www.korhanyilmaz.com\/wp-content\/uploads\/2012\/02\/9599.jpg\" alt=\"\" width=\"420\" height=\"161\" \/><\/a><\/p>\n<p style=\"text-align: justify;\">Hrant Dink cinayetini azmettirmekten yarg\u0131lanan Erhan Tuncel&#8217;den \u00e7arp\u0131c\u0131 a\u00e7\u0131klamalar&#8230;<\/p>\n<p style=\"text-align: justify;\">Hrant Dink cinayetinin azmettiricisi olmaktan yarg\u0131lanan ve \u00f6zel g\u00f6revli mahkemenin tart\u0131\u015fmal\u0131 karar\u0131yla beraat eden Emniyet Yard\u0131mc\u0131 \u0130stihbarat Eleman\u0131 Erhan Tuncel, tahliyesinin ard\u0131ndan ilk kez Ulusal Kanal&#8217;a konu\u015ftu.\u00a0<!--more--><\/p>\n<p style=\"text-align: justify;\"><strong>&#8220;GEN\u0130\u015e KAPSAMLI B\u0130R \u00c7ALI\u015eMA \u0130\u00c7\u0130NDEY\u0130Z&#8221;\u00a0<\/strong><\/p>\n<p style=\"text-align: justify;\">Erhan Tuncel, ak\u015fam saat 19:25 s\u0131ralar\u0131nda bir halk otob\u00fcs\u00fcndeydi. Ayn\u0131 otob\u00fcse tesad\u00fcfen binen Ulusal Kanal muhabirine \u00e7ok \u00e7arp\u0131c\u0131 a\u00e7\u0131klamalar yapan Erhan Tuncel, cinayete ili\u015fkin \u00f6nemli bir \u00e7al\u0131\u015fma i\u00e7inde olduklar\u0131n\u0131 anlatt\u0131. Tuncel, yapt\u0131klar\u0131 bu \u00e7al\u0131\u015fmay\u0131 \u015fu ifadelerle anlatt\u0131: &#8220;Cinayet ile ilgili kapsaml\u0131 bir \u00e7al\u0131\u015fma yap\u0131yoruz. Mahkemenin gerek\u00e7eli karar\u0131n\u0131n \u00e7\u0131kmas\u0131n\u0131 ve Devlet Denetleme Kurulu&#8217;nun raporunu bekliyoruz. O zaman bu ayr\u0131nt\u0131l\u0131 \u00e7al\u0131\u015fmay\u0131 tamamlayaca\u011f\u0131z. Ancak o g\u00fcne kadar duyulmas\u0131n\u0131 istemiyoruz.&#8221;<\/p>\n<p style=\"text-align: justify;\">Tuncel, &#8220;Bu \u00e7al\u0131\u015fmay\u0131 mahkemeye veya savc\u0131l\u0131\u011fa m\u0131 sunacaks\u0131n\u0131z yoksa bas\u0131n a\u00e7\u0131klamas\u0131yla kamuoyuna m\u0131 duyuracaks\u0131n\u0131z?&#8221; sorusunu ise yan\u0131ts\u0131z b\u0131rakt\u0131. Tuncel, bu \u00e7al\u0131\u015fman\u0131n 20 g\u00fcn i\u00e7inde bitece\u011fini belirterek, &#8220;B\u00fct\u00fcn bas\u0131n pe\u015fimde, herkes r\u00f6portaj i\u00e7in ar\u0131yor&#8221; dedi.<\/p>\n<p style=\"text-align: justify;\">\u0130ngilizce konu\u015fmak i\u00e7in kursa gitmek \u015fart de\u011fil. Nas\u0131l m\u0131?<\/p>\n<p style=\"text-align: justify;\"><strong>&#8220;ALPARSLAN&#8217;IN A\u0130LES\u0130 \u0130Y\u0130 \u0130NSANLARDIR!&#8221;\u00a0<\/strong><\/p>\n<p style=\"text-align: justify;\">Elaz\u0131\u011f&#8217;\u0131n Keban il\u00e7esinden olan Erhan Tuncel, Karako\u00e7anl\u0131 Alparslan Arslan&#8217;\u0131 tan\u0131y\u0131p tan\u0131mad\u0131\u011f\u0131 sorusuna ise \u015foke eden bir yan\u0131t verdi. Tuncel, &#8220;Alparslan&#8217;\u0131 birebir tan\u0131mam ama a\u011fabeyim tan\u0131r. Ben sadece ailesini tan\u0131r\u0131m, iyi ahlakl\u0131 insanlard\u0131r&#8221; dedi.<\/p>\n<p style=\"text-align: justify;\"><strong>&#8220;HELAL OLSUN \u00c7OCU\u011eA DEVLET\u0130 TAM KALB\u0130NDEN VURDU&#8221;\u00a0<\/strong><\/p>\n<p style=\"text-align: justify;\">Yasin Hayal de Ayd\u0131nl\u0131k Dergisi&#8217;ne 30 Eyl\u00fcl 2007 tarihinde yay\u0131nlanan r\u00f6portaj\u0131nda Erhan Tuncel&#8217;in Alparslan Arslan ile ba\u011flant\u0131s\u0131n\u0131 \u015fu s\u00f6zlerle anlatm\u0131\u015ft\u0131: &#8220;Erhan, Dan\u0131\u015ftay sald\u0131r\u0131s\u0131n\u0131 yapan Alparslan Aslan&#8217;\u0131n babas\u0131n\u0131 Elaz\u0131\u011f BBP&#8217;den tan\u0131d\u0131\u011f\u0131n\u0131 s\u00f6ylemi\u015fti. Erhan bu sald\u0131r\u0131 i\u00e7in de &#8216;helal olsun \u00e7ocu\u011fa devleti tam kalbinden vurdu&#8217; demi\u015fti.&#8221;<\/p>\n<p style=\"text-align: justify;\">&#8220;Ergenekon ba\u011flant\u0131s\u0131n\u0131n somut kan\u0131t\u0131 yok!&#8221;Dink cinayetinin s\u00f6zde Ergenekon ile ba\u011flant\u0131l\u0131 oldu\u011funu savunan Tuncel, somut kan\u0131t olmad\u0131\u011f\u0131n\u0131 itiraf etti. &#8220;Ergenekon san\u0131klar\u0131ndan kimle ba\u011flant\u0131l\u0131 oldu\u011funu d\u00fc\u015f\u00fcn\u00fcyorsunuz&#8221; sorusuna &#8220;Siz Ergenekon&#8217;u bilmiyorsunuz. H\u00fccre tipi bir yap\u0131lanmas\u0131 var. \u00c7o\u011fu birbirini tan\u0131m\u0131yor&#8221; yan\u0131t\u0131n\u0131 verdi. &#8220;Buna ili\u015fkin ba\u011flant\u0131lar\u0131 a\u00e7\u0131klayaca\u011f\u0131z&#8221; diyen Tuncel, &#8220;somut bir kan\u0131t var m\u0131?&#8221; sorusuna &#8220;Somut kan\u0131t olsayd\u0131, zaten dosya birle\u015firdi&#8221; ifadeleriyle yan\u0131t verdi.<\/p>\n<p style=\"text-align: justify;\"><strong>&#8220;TRABZON TE\u015eK\u0130LATI \u00c7\u00dcR\u00dcK \u00c7IKTI&#8221;\u00a0<\/strong><\/p>\n<p style=\"text-align: justify;\">Erhan Tuncel, 5 y\u0131l boyunca tart\u0131\u015f\u0131lan BBP Lideri Muhsin Yaz\u0131c\u0131o\u011flu ile foto\u011fraf\u0131n\u0131 ise \u015f\u00f6yle a\u00e7\u0131klad\u0131: &#8220;Tamamen tesad\u00fcf, \u00f6zellikle \u00e7ekilmi\u015f bir foto\u011fraf de\u011fil. Yaz\u0131c\u0131o\u011flu Trabzon&#8217;a gelmi\u015f, ben de oraya gitmi\u015fim. Ayn\u0131 kareye denk gelmi\u015fiz.&#8221;<\/p>\n<p style=\"text-align: justify;\">Erhan Tuncel, Dink Cinayeti&#8217;yle ba\u011flant\u0131s\u0131 olan B\u00fcy\u00fck Birlik Partililere ili\u015fkin soruya ise \u00e7arp\u0131c\u0131 bir yan\u0131t verdi. Tuncel, &#8220;Trabzon te\u015fkilat\u0131 \u00e7\u00fcr\u00fck \u00e7\u0131kt\u0131. Bir partinin il \u00f6rg\u00fct\u00fcyle ilgili bir durum varsa, bunu b\u00fct\u00fcn bir partiyle ili\u015fkilendirmek yanl\u0131\u015f olur. \u00d6rne\u011fin sizin Mersin b\u00fcronuzun yapt\u0131\u011f\u0131 bir haberden siz sorumlu tutulabilir misiniz?&#8221; diye konu\u015ftu.<\/p>\n<p style=\"text-align: justify;\"><strong>&#8220;1996&#8217;DAN BER\u0130 &#8220;OCAK&#8221;TAYIM&#8221;\u00a0<\/strong><\/p>\n<p style=\"text-align: justify;\">Erhan Tuncel, BBP ile ba\u011flant\u0131s\u0131yla ilgili Nizam-\u0131 Alem&#8217;i kastederek &#8220;1996&#8217;dan beri Ocak&#8217;tay\u0131m&#8221; dedi ve ekledi: &#8220;Siz ba\u015f\u0131ndan beri bu cinayetin arkas\u0131nda G\u00fclen ve BBP&#8217;nin oldu\u011funu s\u00f6yl\u00fcyorsunuz. Bunlar\u0131 da ayr\u0131nt\u0131l\u0131 bir \u015fekilde inceleyece\u011fiz.&#8221;<\/p>\n<p style=\"text-align: justify;\"><strong>&#8220;AKY\u00dcREK&#8217;E AB\u0130 DEMEN\u0130N NE SAKINCASI VAR?&#8221;\u00a0<\/strong><\/p>\n<p style=\"text-align: justify;\">Tuncel&#8217;e, Ramazan Aky\u00fcrek ile ba\u011flant\u0131s\u0131 ve Polis memuru Muhittin Zenit ile \u00fcnl\u00fc telefon g\u00f6r\u00fc\u015fmesi de soruldu. &#8220;Abi dememin ne sak\u0131ncas\u0131 var, normal bir durum&#8221; yan\u0131t\u0131n\u0131 veren Erhan Tuncel, Zenit ile cinayetin hemen ard\u0131ndan yapt\u0131\u011f\u0131 telefon g\u00f6r\u00fc\u015fmesiyle ilgili konu\u015fmad\u0131. Bu g\u00f6r\u00fc\u015fmede, Zenit ile Tuncel aras\u0131nda \u015fu konu\u015fma ge\u00e7iyordu: &#8220;Muhittin Zenit: Ne o\u011flum, direk kafaya s\u0131km\u0131\u015flar.<\/p>\n<p style=\"text-align: justify;\">Erhan Tuncel: \u00d6ld\u00fc m\u00fc? Muhittin Zenit: Tabi can\u0131m. Tek farkl\u0131l\u0131k, ka\u00e7mayacakt\u0131 ama bu ka\u00e7t\u0131.&#8221;<\/p>\n<p style=\"text-align: justify;\"><strong>&#8220;AKY\u00dcREK&#8217;\u0130N ERGENEKON BA\u011eLANTISINI ARA\u015eTIRACA\u011eIZ&#8221;\u00a0<\/strong><\/p>\n<p style=\"text-align: justify;\">Tuncel, &#8220;Dink&#8217;in \u00f6ld\u00fcr\u00fclece\u011fini defalarca bildirdim diyorsunuz. Buna ra\u011fmen bir i\u015flem yap\u0131lmamas\u0131 normal mi?&#8221; sorusunu, &#8220;Ramazan Aky\u00fcrek, Ali Fuat Y\u0131lmazer ve Ergenekon ili\u015fkisinin de ara\u015ft\u0131r\u0131lmas\u0131n\u0131 isteyece\u011fiz&#8221; \u015feklinde yan\u0131tlad\u0131. Erhan Tuncel, &#8220;Bir yandan Ergenekon yapt\u0131 diyorsunuz, di\u011fer yandan da Ergenekon operasyonunu y\u00fcr\u00fcten polis yetkililerini ara\u015ft\u0131raca\u011f\u0131z diyorsunuz. Burada bir \u00e7eli\u015fki olmuyor mu?&#8221; sorusunu yan\u0131tlamad\u0131.<\/p>\n<p style=\"text-align: justify;\">Cezaevi g\u00fcnleriHrant Dink cinayetinin azmettiricisi olmak su\u00e7lamas\u0131yla 5 y\u0131la yak\u0131n bir s\u00fcre tutuklu kalan Erhan Tuncel, cezaevi g\u00fcnlerine ili\u015fkin a\u00e7\u0131klamalarda da bulundu. Tuncel, &#8220;30 ay ko\u011fu\u015fta yaln\u0131z b\u0131rak\u0131ld\u0131m. Kendi irademle de\u011fil, bask\u0131yla. Daha sonra 8 ki\u015fiyle birlikte ko\u011fu\u015fta kald\u0131m. Bunlar\u0131n aras\u0131nda dava san\u0131klar\u0131 yoktu&#8221; \u015feklinde konu\u015ftu.<\/p>\n<p style=\"text-align: justify;\">\u00d6l\u00fcm tehdidi olay\u0131Erhan Tuncel, 7 Temmuz 2008 tarihli duru\u015fmaya verilen ara s\u0131ras\u0131nda adliyenin nezaretinde bulunan b\u0131\u00e7ak olay\u0131yla ilgili konu\u015fmaktan da ka\u00e7\u0131nd\u0131. Bu olayla ilgili soruya &#8220;Bunlar\u0131 da ileride konu\u015furuz&#8221; diye yan\u0131tlad\u0131.<\/p>\n<p style=\"text-align: justify;\"><a href=\"http:\/\/haber.gazetevatan.com\/erhan-tuncel-ilk-kez-konustu\/428698\/1\/Gundem\" target=\"_blank\">Kaynak : VATAN Gazetesi<\/a><\/p>\n","protected":false},"excerpt":{"rendered":"<p style=\"text-align: center;\">\n<p style=\"text-align: justify;\">Hrant Dink cinayetini azmettirmekten yarg\u0131lanan Erhan Tuncel&#8217;den \u00e7arp\u0131c\u0131 a\u00e7\u0131klamalar&#8230;<\/p>\n<p style=\"text-align: justify;\">Hrant Dink cinayetinin azmettiricisi olmaktan yarg\u0131lanan ve \u00f6zel g\u00f6revli mahkemenin tart\u0131\u015fmal\u0131 karar\u0131yla beraat eden Emniyet Yard\u0131mc\u0131 \u0130stihbarat Eleman\u0131 Erhan Tuncel, tahliyesinin ard\u0131ndan ilk kez Ulusal Kanal&#8217;a konu\u015ftu. <\/p>\n","protected":false},"author":1,"featured_media":0,"comment_status":"open","ping_status":"open","sticky":false,"template":"","format":"standard","meta":{"footnotes":""},"categories":[105],"tags":[],"class_list":["post-48326","post","type-post","status-publish","format-standard","hentry","category-gundem","odd"],"_links":{"self":[{"href":"http:\/\/www.korhanyilmaz.com\/index.php?rest_route=\/wp\/v2\/posts\/48326","targetHints":{"allow":["GET"]}}],"collection":[{"href":"http:\/\/www.korhanyilmaz.com\/index.php?rest_route=\/wp\/v2\/posts"}],"about":[{"href":"http:\/\/www.korhanyilmaz.com\/index.php?rest_route=\/wp\/v2\/types\/post"}],"author":[{"embeddable":true,"href":"http:\/\/www.korhanyilmaz.com\/index.php?rest_route=\/wp\/v2\/users\/1"}],"replies":[{"embeddable":true,"href":"http:\/\/www.korhanyilmaz.com\/index.php?rest_route=%2Fwp%2Fv2%2Fcomments&post=48326"}],"version-history":[{"count":0,"href":"http:\/\/www.korhanyilmaz.com\/index.php?rest_route=\/wp\/v2\/posts\/48326\/revisions"}],"wp:attachment":[{"href":"http:\/\/www.korhanyilmaz.com\/index.php?rest_route=%2Fwp%2Fv2%2Fmedia&parent=48326"}],"wp:term":[{"taxonomy":"category","embeddable":true,"href":"http:\/\/www.korhanyilmaz.com\/index.php?rest_route=%2Fwp%2Fv2%2Fcategories&post=48326"},{"taxonomy":"post_tag","embeddable":true,"href":"http:\/\/www.korhanyilmaz.com\/index.php?rest_route=%2Fwp%2Fv2%2Ftags&post=48326"}],"curies":[{"name":"wp","href":"https:\/\/api.w.org\/{rel}","templated":true}]}}