{"id":48303,"date":"2012-02-03T10:15:20","date_gmt":"2012-02-03T08:15:20","guid":{"rendered":"http:\/\/www.korhanyilmaz.com\/?p=48303"},"modified":"2012-02-03T21:12:52","modified_gmt":"2012-02-03T19:12:52","slug":"o-senin-isin-degil","status":"publish","type":"post","link":"http:\/\/www.korhanyilmaz.com\/?p=48303","title":{"rendered":"&#8216;O senin i\u015fin de\u011fil&#8217;"},"content":{"rendered":"<p style=\"text-align: center;\"><a href=\"http:\/\/www.korhanyilmaz.com\/wp-content\/uploads\/2012\/02\/9595.jpg\"  class=\"lightview\"><img loading=\"lazy\" decoding=\"async\" class=\"aligncenter  wp-image-48304\" src=\"http:\/\/www.korhanyilmaz.com\/wp-content\/uploads\/2012\/02\/9595.jpg\" alt=\"\" width=\"420\" height=\"210\" \/><\/a><\/p>\n<p style=\"text-align: justify;\">\u0130slamc\u0131 yazar \u0130hsan Elia\u00e7\u0131k&#8217;tan &#8220;\u0130nan\u00e7l\u0131 gen\u00e7lik yeti\u015ftiriyoruz&#8221; diyen Ba\u015fbakan Recep Tayyip Erdo\u011fan&#8217;a b\u00fcy\u00fck tepki. Gidi\u015fat\u0131n\u0131z gidi\u015fat de\u011fil. Tepetaklak gideceksiniz.<\/p>\n<p style=\"text-align: justify;\">Habert\u00fcrk&#8217;te Bal\u00e7i\u00e7ek Pamir&#8217;in sundu\u011fu S\u00f6z Sende program\u0131na konuk olan \u0130hsan Elia\u00e7\u0131k Ba\u015fbakan Erdo\u011fan&#8217;a &#8220;senin g\u00f6revin inan\u00e7l\u0131 nesil yeti\u015ftirmek de\u011fil. \u00d6zg\u00fcrl\u00fcklerin \u00f6n\u00fcn\u00fc a\u00e7mak. Nesli yeti\u015ftirecek olan ailelerdir&#8221; dedi. \u0130hsan Elia\u00e7\u0131k Erdo\u011fan&#8217;\u0131n bu s\u00f6z\u00fcn\u00fc totaliter buluyorum dedi.\u00a0<!--more--><\/p>\n<p style=\"text-align: justify;\">Elia\u00e7\u0131k \u0130ktidar\u0131n g\u00f6revi insanlar\u0131 d\u00f6n\u00fc\u015ft\u00fcrmek de\u011fildir. Devletin ve iktidar\u0131n b\u00f6yle bir g\u00f6revi yoktur. Siz halk\u0131n \u00f6n\u00fcn\u00fc a\u00e7makla m\u00fckellefsiniz. Halk kendi \u00e7ocuklar\u0131n\u0131 istedi\u011fi gibi yeti\u015ftirir. Dindar gen\u00e7lik yeti\u015ftirece\u011fiz demekle Atat\u00fcrk\u00e7\u00fc gen\u00e7lik yeti\u015ftirece\u011fiz demekten hi\u00e7 bir fark\u0131 yoktur. Bu t\u00fcr gen\u00e7leri ilgili sivil toplum kurulu\u015flar\u0131 yeti\u015ftirir. Bu sizin i\u015finiz de\u011fildir. Bu toplumda m\u00fcsl\u00fcman var. Hristiyan var. Dindar demek inanc\u0131n\u0131 ve hayat\u0131n\u0131 ona g\u00f6re ya\u015fayan ki\u015fi demektir.<\/p>\n<p style=\"text-align: justify;\">Ben bug\u00fcne kadar ceketiyle gelip ceketiyle giden politikac\u0131 g\u00f6rmedim. Olursa onun kitab\u0131n\u0131 yazaca\u011f\u0131m. Bir tek Hz. Muhammed ceketiyle gelip ceketiyle gitmi\u015ftir. B\u00fct\u00fcn polikitac\u0131 ve devlet adamlar\u0131n onun ya\u015fant\u0131s\u0131n\u0131 \u00f6rnek almas\u0131 gerekir.<\/p>\n<p style=\"text-align: justify;\">\u015e\u00f6f\u00f6r de\u011fi\u015fti ama ara\u00e7 ayn\u0131 y\u00f6ne gitiyor. Bizim 28 \u015eubatta ya\u015fad\u0131kar\u0131m\u0131z\u0131 \u015fu anda Ulusalc\u0131lar ve BDP&#8217;liler ya\u015f\u0131yor. H\u00fck\u00fcmete s\u00f6yl\u00fcyorum. Gidi\u015fat\u0131n\u0131z gidi\u015fat de\u011fil. Tepetaklak gideceksiniz. Bu muhalefet de gitmeli. \u00c7\u00fcnk\u00fc bu muhalefet h\u00fck\u00fcmete g\u00fc\u00e7 veriyor. dedi.<\/p>\n<p style=\"text-align: justify;\"><a href=\"http:\/\/haber.gazetevatan.com\/o-senin-isin-degil\/428633\/1\/Gundem\" target=\"_blank\">Kaynak : VATAN Gazetesi<\/a><\/p>\n","protected":false},"excerpt":{"rendered":"<p style=\"text-align: center;\">\n<p style=\"text-align: justify;\">\u0130slamc\u0131 yazar \u0130hsan Elia\u00e7\u0131k&#8217;tan &#8220;\u0130nan\u00e7l\u0131 gen\u00e7lik yeti\u015ftiriyoruz&#8221; diyen Ba\u015fbakan Recep Tayyip Erdo\u011fan&#8217;a b\u00fcy\u00fck tepki. Gidi\u015fat\u0131n\u0131z gidi\u015fat de\u011fil. Tepetaklak gideceksiniz.<\/p>\n<p style=\"text-align: justify;\">Habert\u00fcrk&#8217;te Bal\u00e7i\u00e7ek Pamir&#8217;in sundu\u011fu S\u00f6z Sende program\u0131na konuk olan \u0130hsan Elia\u00e7\u0131k Ba\u015fbakan Erdo\u011fan&#8217;a &#8220;senin g\u00f6revin inan\u00e7l\u0131 nesil yeti\u015ftirmek de\u011fil. \u00d6zg\u00fcrl\u00fcklerin \u00f6n\u00fcn\u00fc a\u00e7mak. Nesli yeti\u015ftirecek olan ailelerdir&#8221; dedi. \u0130hsan Elia\u00e7\u0131k <\/p>\n","protected":false},"author":1,"featured_media":0,"comment_status":"open","ping_status":"open","sticky":false,"template":"","format":"standard","meta":{"footnotes":""},"categories":[105],"tags":[885,884,12],"class_list":["post-48303","post","type-post","status-publish","format-standard","hentry","category-gundem","tag-balcicek-pamir","tag-ihsan-eliacik","tag-recep-tayyip-erdogan","odd"],"_links":{"self":[{"href":"http:\/\/www.korhanyilmaz.com\/index.php?rest_route=\/wp\/v2\/posts\/48303","targetHints":{"allow":["GET"]}}],"collection":[{"href":"http:\/\/www.korhanyilmaz.com\/index.php?rest_route=\/wp\/v2\/posts"}],"about":[{"href":"http:\/\/www.korhanyilmaz.com\/index.php?rest_route=\/wp\/v2\/types\/post"}],"author":[{"embeddable":true,"href":"http:\/\/www.korhanyilmaz.com\/index.php?rest_route=\/wp\/v2\/users\/1"}],"replies":[{"embeddable":true,"href":"http:\/\/www.korhanyilmaz.com\/index.php?rest_route=%2Fwp%2Fv2%2Fcomments&post=48303"}],"version-history":[{"count":0,"href":"http:\/\/www.korhanyilmaz.com\/index.php?rest_route=\/wp\/v2\/posts\/48303\/revisions"}],"wp:attachment":[{"href":"http:\/\/www.korhanyilmaz.com\/index.php?rest_route=%2Fwp%2Fv2%2Fmedia&parent=48303"}],"wp:term":[{"taxonomy":"category","embeddable":true,"href":"http:\/\/www.korhanyilmaz.com\/index.php?rest_route=%2Fwp%2Fv2%2Fcategories&post=48303"},{"taxonomy":"post_tag","embeddable":true,"href":"http:\/\/www.korhanyilmaz.com\/index.php?rest_route=%2Fwp%2Fv2%2Ftags&post=48303"}],"curies":[{"name":"wp","href":"https:\/\/api.w.org\/{rel}","templated":true}]}}