{"id":48299,"date":"2012-02-03T19:03:30","date_gmt":"2012-02-03T17:03:30","guid":{"rendered":"http:\/\/www.korhanyilmaz.com\/?p=48299"},"modified":"2012-02-03T21:05:18","modified_gmt":"2012-02-03T19:05:18","slug":"istifa-getiren-yazi","status":"publish","type":"post","link":"http:\/\/www.korhanyilmaz.com\/?p=48299","title":{"rendered":"\u0130stifa getiren yaz\u0131"},"content":{"rendered":"<p style=\"text-align: center;\"><a href=\"http:\/\/www.korhanyilmaz.com\/wp-content\/uploads\/2012\/02\/9594.jpg\"  class=\"lightview\"><img loading=\"lazy\" decoding=\"async\" class=\"aligncenter  wp-image-48300\" src=\"http:\/\/www.korhanyilmaz.com\/wp-content\/uploads\/2012\/02\/9594.jpg\" alt=\"\" width=\"420\" height=\"210\" \/><\/a><\/p>\n<p style=\"text-align: justify;\">Muhafazakar bas\u0131n\u0131n etkili kalemlerinden Fikri Aky\u00fcz, Rasim Ozan K\u00fctahyal\u0131 ve Nagehan Al\u00e7\u0131&#8217;y\u0131 ele\u015ftirdi\u011fi k\u00f6\u015fe yaz\u0131s\u0131 nedeniyle Yeni Akt\u00fcel&#8217;den istifa etmek zorunda kald\u0131<\/p>\n<p style=\"text-align: justify;\">Fikri Aky\u00fcz Rotahaber.com&#8217;da yay\u0131nlanan yaz\u0131 y\u00fcz\u00fcnden Yeni Akt\u00fcel&#8217;den istifa etti.<\/p>\n<p style=\"text-align: justify;\">Haber programc\u0131s\u0131 ve k\u00f6\u015fe yazar\u0131 Fikri Aky\u00fcz, Sabah-ATV grubuna ba\u011fl\u0131 Yeni Akt\u00fcel Dergisi&#8217;nden istifa etti\u011fini duyurdu.\u00a0<!--more--><\/p>\n<p style=\"text-align: justify;\">Aky\u00fcz, istifa nedenini, Rotahaber.com&#8217;da yay\u0131nlanan yaz\u0131s\u0131ndan dolay\u0131 Sabah-ATV grup CEO&#8217;su Serhat Albayrak&#8217;tan ald\u0131\u011f\u0131 telefon g\u00f6r\u00fc\u015fmesinden kaynakland\u0131\u011f\u0131n\u0131 twitter&#8217;da payla\u015ft\u0131.<\/p>\n<p style=\"text-align: justify;\"><span style=\"text-decoration: underline;\">\u0130\u015fte Aky\u00fcz istifa etmesine neden olan yaz\u0131s\u0131<\/span>:<\/p>\n<p style=\"text-align: justify;\"><strong>Ayd\u0131n Do\u011fan &#8211; Rasim Ozan &#8211; N. Al\u00e7\u0131 bulu\u015fmas\u0131\u00a0<\/strong><\/p>\n<p style=\"text-align: justify;\">Bulu\u015fma bir ev bulu\u015fmas\u0131yd\u0131, \u00fc\u00e7 saat s\u00fcren bir bulu\u015fmayd\u0131. Bulu\u015fulan yer \u00dcsk\u00fcdar\u2019daki bir yal\u0131 dairesi idi. Evet olay s\u0131radan bir olay de\u011fil.. Zira iktidar ve siyaset ili\u015fkisinin nereye vard\u0131\u011f\u0131n\u0131 g\u00f6steren ibretlik bir durumla kar\u015f\u0131 kar\u015f\u0131yay\u0131z.<\/p>\n<p style=\"text-align: justify;\">Ge\u00e7en hafta ger\u00e7ekle\u015fen bir bulu\u015fma baz\u0131 haber siteleri d\u0131\u015f\u0131nda nedense fazla yank\u0131 bulmad\u0131. Niye bulmad\u0131 bilmiyorum..<\/p>\n<p style=\"text-align: justify;\">Bulu\u015fma bir ev bulu\u015fmas\u0131yd\u0131, \u00fc\u00e7 saat s\u00fcren bir bulu\u015fmayd\u0131. Bulu\u015fulan yer \u00dcsk\u00fcdar\u2019daki bir yal\u0131 dairesi idi.<\/p>\n<p style=\"text-align: justify;\">Ev sahipleri Rasim Ozan K\u00fctahyal\u0131-Nagehan Al\u00e7\u0131 \u00e7ifti idi. Konuk ise \u201csadece\u201d Ayd\u0131n Do\u011fan\u2019d\u0131.<\/p>\n<p style=\"text-align: justify;\">Bulu\u015fma ilgin\u00e7ti.. \u00c7\u00fcnk\u00fc konuk, her ne kadar baz\u0131 organlar\u0131 elinden \u00e7\u0131km\u0131\u015f olsa da hala T\u00fcrkiye\u2019nin bir numaral\u0131 bas\u0131n patronuydu.<\/p>\n<p style=\"text-align: justify;\">Ev sahipleri ise Rasim Ozan ile Nagehan Al\u00e7\u0131\u2019yd\u0131.<\/p>\n<p style=\"text-align: justify;\">\u015eimdi bulu\u015fmaya ge\u00e7meden \u00f6nce bakal\u0131m kim kimin hakk\u0131nda ne demi\u015f?<\/p>\n<p style=\"text-align: justify;\">(\u00d6yle ya.. Biz \u201cyanda\u015flar\u201d Ertu\u011frul \u00d6zk\u00f6k\u2019\u00fcn, Ahmet Hakan\u2019\u0131n, Y\u0131lmaz \u00d6zdil\u2019in ge\u00e7mi\u015fte yazd\u0131\u011f\u0131 yaz\u0131lar\u0131 bir bir ortaya d\u00f6kerken bundan imtina etmiyoruz da biz \u201cyanda\u015flar\u0131n\u201d Ayd\u0131n Do\u011fan ve grubuna neler yazd\u0131\u011f\u0131n\u0131 niye k\u00f6\u015femize aktarmayal\u0131m? Tutarl\u0131l\u0131k diye bir \u015fey varsa olmas\u0131 gereken budur..)<\/p>\n<p style=\"text-align: justify;\">17 Kas\u0131m 2010 tarihinde Taraf gazetesinde Rasim Ozan bak\u0131n ne yazm\u0131\u015f? Yaz\u0131n\u0131n ilgili k\u0131s\u0131mlar\u0131n\u0131 okuyal\u0131m:<\/p>\n<p style=\"text-align: justify;\">\u201cAyd\u0131n Do\u011fan, h\u00fck\u00fcmetin vergi aff\u0131yla bayram etti. Vergi ka\u00e7\u0131rma cezas\u0131 ku\u015f gibi hafifledi.Do\u011fan medyas\u0131 kodamanlar\u0131 da bir bayram daha ederler.. Oysa H\u00fcrriyet gazetesi Ahmet Kaya\u2019y\u0131 lin\u00e7 ettiren bir gazetedir. Bu lin\u00e7te sadece \u00d6zk\u00f6k de\u011fil, Ayd\u0131n Do\u011fan da su\u00e7ludur. Elbirli\u011fi ile Kaya\u2019y\u0131 katlettiler.\u201d<\/p>\n<p style=\"text-align: justify;\">\u015eimdi ayn\u0131 gazetenin 26 May\u0131s 2010 tarihli n\u00fcshas\u0131ndan bir b\u00f6l\u00fcm aktaral\u0131m:<\/p>\n<p style=\"text-align: justify;\">\u201cDo\u011fan Medyas\u0131 \u00e7oktan beridir &#8216;K\u0131l\u0131\u00e7daro\u011flu bas\u0131n b\u00fclteni&#8217; olarak \u00e7\u0131k\u0131yor. Ama\u00e7, bu operasyon sonunda CHP\u2019nin iktidar olmas\u0131.. B\u00f6ylece hem vergi cezalar\u0131ndan kurtulmak hem de K\u0131l\u0131\u00e7daro\u011flu\u2019dan Hilton arazisi i\u00e7in izin koparmak..\u201d<\/p>\n<p style=\"text-align: justify;\">\u015eimdi gelelim bulu\u015fmaya.. Asl\u0131nda bu bulu\u015fmadan \u00f6nceki ilk bulu\u015fma bu y\u0131l\u0131n Ocak ay\u0131 i\u00e7inde Ayd\u0131n Do\u011fan, Enis Berbero\u011flu, Sedat Ergin, Nazl\u0131 Il\u0131cak, Nagehan Al\u00e7\u0131 bulu\u015fmas\u0131yd\u0131..<\/p>\n<p style=\"text-align: justify;\">(Bu bulu\u015fmaya \u00d6zk\u00f6k ve Hakan da \u00e7a\u011fr\u0131lacakt\u0131 ancak Nagehan Al\u00e7\u0131 kar\u015f\u0131 \u00e7\u0131kt\u0131\u011f\u0131 i\u00e7in Do\u011fan davet etmekten vazge\u00e7ti.)<\/p>\n<p style=\"text-align: justify;\">\u0130kinci bulu\u015fma ise Nakka\u015ftepe\u2019de Ayd\u0131n Do\u011fan, Rasim Ozan ve Nagehan Al\u00e7\u0131\u2019n\u0131n bir restaurantta bir araya geldikleri yemekli toplant\u0131 idi..<\/p>\n<p style=\"text-align: justify;\">Son bulu\u015fma ise, yukar\u0131da bahsetti\u011fim ev bulu\u015fmas\u0131..<\/p>\n<p style=\"text-align: justify;\">Evet, bu bulu\u015fma ile ilgili \u00f6nce \u015fu yal\u0131 dairesi meselesinden bahsetmek isterim. Rasim Ozan ve Nagehan Al\u00e7\u0131, bana gore bu imkanlara sahip olan gazeteciler..<\/p>\n<p style=\"text-align: justify;\">Her ne kadar Rasim Ozan iki y\u0131l \u00f6ncesine kadar bir \u00e7at\u0131 kat\u0131nda oturuyordu ise de daha sonra pek \u00e7ok tv\u2019de program yaparak yani \u00e7al\u0131\u015farak belli bir gelir seviyesine ula\u015ft\u0131.<\/p>\n<p style=\"text-align: justify;\">Nagehan Al\u00e7\u0131 ise, ge\u00e7en y\u0131l vefat eden babas\u0131 rahmetli R\u00fc\u015ft\u00fc Al\u00e7\u0131\u2019n\u0131n b\u00fcy\u00fck bir madenci olmas\u0131 nedeniyle ciddi bir miras sahibi oldu.<\/p>\n<p style=\"text-align: justify;\">Dolay\u0131s\u0131yla kazand\u0131klar\u0131 para birilerinin diline dola\u015fmamal\u0131, bu maddi art\u0131\u015f\u0131n \u00e7al\u0131\u015farak ve miras yoluyla elde edilen bir gelirden kaynakland\u0131\u011f\u0131 ger\u00e7e\u011fi g\u00f6zard\u0131 edilmemeli..<\/p>\n<p style=\"text-align: justify;\">Evet gelelim bulu\u015fman\u0131n i\u00e7eri\u011fine..<\/p>\n<p style=\"text-align: justify;\">Ayd\u0131n Do\u011fan gibi bir isim niye Rasim Ozan gibi, hem medya deneyimi az hem de kendisine alenen \u201cka\u00e7ak\u00e7\u0131\u201d diyen biri ile \u00fcstelik evinde bulu\u015fur ve \u00fcstelik \u00fc\u00e7 saat konu\u015fur?<\/p>\n<p style=\"text-align: justify;\">Ya da Rasim Ozan gibi, yazd\u0131klar\u0131n\u0131n \u00fczerinden daha 1,5 y\u0131l bile ge\u00e7memi\u015fken ka\u00e7ak\u00e7\u0131 dedi\u011fi birini evinde niye a\u011f\u0131rlar?<\/p>\n<p style=\"text-align: justify;\">Niye \u201cYak\u0131nda ellerine kelep\u00e7e vurulacak\u201d dedi\u011fi ki\u015fi olan Ertu\u011frul \u00d6zk\u00f6k\u2019\u00fcn patronunun eline kelep\u00e7e takmay\u0131 de\u011fil ama eline kek ve ball\u0131 b\u00f6rekvermeyi tercih etti?<\/p>\n<p style=\"text-align: justify;\">Evet olay s\u0131radan bir olay de\u011fil.. Zira iktidar ve siyaset ili\u015fkisinin nereye vard\u0131\u011f\u0131n\u0131 g\u00f6steren ibretlik bir durumla kar\u015f\u0131 kar\u015f\u0131yay\u0131z.<\/p>\n<p style=\"text-align: justify;\">Bu bulu\u015fmadan Rasim Ozan\u2019\u0131n patronu olan, benim de patronum olan Serhat Albayrak\u2019\u0131n haberinin olmamas\u0131 d\u00fc\u015f\u00fcn\u00fclemez.. Kald\u0131 ki haberi var..<\/p>\n<p style=\"text-align: justify;\">Rasim\u2019in di\u011fer patronu olan Osman G\u00f6k\u00e7ek\u2019in ise haberi yok.. Zaten Osman G\u00f6k\u00e7ek\u2019in bu bulu\u015fmaya s\u0131cak bakt\u0131\u011f\u0131n\u0131 da zannetmiyorum..<\/p>\n<p style=\"text-align: justify;\">Ama as\u0131l olan \u015fu:<\/p>\n<p style=\"text-align: justify;\">Ayd\u0131n Do\u011fan bu bulu\u015fmayla ne kazand\u0131 ne kaybetti?<\/p>\n<p style=\"text-align: justify;\">Kazand\u0131,\u00e7\u00fcnk\u00fc Ba\u015fbakan Erdo\u011fan\u2019la aray\u0131 s\u0131cak tutmaya \u00e7al\u0131\u015fan Do\u011fan, bunun Rasim Ozan kanal\u0131yla Serhat Albayrak \u00fczerinden ger\u00e7ekle\u015febilece\u011fini d\u00fc\u015f\u00fcnd\u00fc ve ger\u00e7ekle\u015ftirdi..<\/p>\n<p style=\"text-align: justify;\">Kaybetti,\u00e7\u00fcnk\u00fc Ertu\u011frul \u00d6zk\u00f6k\u2019e \u201c\u00d6z-deccal\u201d diyen, Ahmet Hakan\u2019a \u201c\u0130mam\u2019\u0131n illegal o\u011flu, \u00d6zk\u00f6k\u2019\u00fcn yardak\u00e7\u0131s\u0131\u201d diyen Rasim Ozan\u2019la bulu\u015farak, 20 y\u0131l kendisine \u201chizmet\u201d etmi\u015f olan \u00d6zk\u00f6k\u2019\u00fc ve \u00e7ok okunan bir yazar olan Ahmet Hakan\u2019\u0131 bir \u201ckek ve ball\u0131 b\u00f6rek\u201de satm\u0131\u015f oldu!<\/p>\n<p style=\"text-align: justify;\">Rasim Ozan\u2019a gelince..<\/p>\n<p style=\"text-align: justify;\">Kazand\u0131,\u00e7\u00fcnk\u00fc bir gazetecinin hem iktidar\u0131n g\u00fcc\u00fcn\u00fc arkas\u0131na alabilece\u011fini hem de iktidarla kavgal\u0131 bir bas\u0131n patronunu evinde a\u011f\u0131rlayabilece\u011fini g\u00f6stermesi a\u00e7\u0131s\u0131ndan \u201cg\u00fc\u00e7l\u00fc bir gazeteci\u201d imaj\u0131 verdi..<\/p>\n<p style=\"text-align: justify;\">Ama \u201cg\u00fc\u00e7l\u00fc gazeteci\u201d olmak ile \u201ctutarl\u0131l\u0131ktan g\u00fc\u00e7 alan gazeteci\u201d aras\u0131ndaki fark\u0131 zann\u0131mca tetkik etmede zorland\u0131.<\/p>\n<p style=\"text-align: justify;\">Kaybetti, \u00e7\u00fcnk\u00fc \u201cka\u00e7ak\u00e7\u0131\u201d dedi\u011fi ki\u015fiye evinde yemek verdi. (Evden bir tak\u0131m mallar\u0131 konu\u011fun \u201cka\u00e7\u0131rmamas\u0131\u201d i\u00e7in \u00f6nlem ald\u0131\u011f\u0131n\u0131 zannetmiyorum..! )<\/p>\n<p style=\"text-align: justify;\">Kaybetti, \u00e7\u00fcnk\u00fc benim ba\u015f\u0131ma gelenlerin kendisinin de ba\u015f\u0131na gelece\u011fini kestiremedi..<\/p>\n<p style=\"text-align: justify;\">Nagehan Al\u00e7\u0131 ise ne kazand\u0131 ne kaybetti.. \u00c7\u00fcnk\u00fc zaten CNNT\u00dcRK\u2019te program yap\u0131yordu, yani zaten patronuydu..<\/p>\n<p style=\"text-align: justify;\">Evet, d\u00f6rt k\u0131z\u0131 belli bir e\u011fitim almas\u0131na, belli bir gelire sahip olmas\u0131na ra\u011fmen 76 ya\u015f\u0131ndaki Ayd\u0131n Do\u011fan\u2019\u0131n hala bu ihtirasla torunu ya\u015f\u0131ndaki ki\u015fiden himmet bekleme a\u015famas\u0131na gelmesi hazin bir durumdur.<\/p>\n<p style=\"text-align: justify;\">Bu bulu\u015fmaya kim karar verdi, hangi etkili siyaset\u00e7i i\u015fin i\u00e7inde, biliyorum ama ismini yazmak istemiyorum. Zira \u201cBelgen, kayd\u0131n var m\u0131?\u201d sorusuna cevap veremem.<\/p>\n<p style=\"text-align: justify;\">Kald\u0131 ki bunlar\u0131 bana aktaran ki\u015finin zarar g\u00f6rmesini istemiyorum..<\/p>\n<p style=\"text-align: justify;\">Evet yukar\u0131da \u201cBenim ba\u015f\u0131ma gelenleri Rasim iyi bilir\u201d demi\u015ftim.<\/p>\n<p style=\"text-align: justify;\">27 Nisan muht\u0131ras\u0131, kapatma davas\u0131, ba\u015fart\u00fcs\u00fc de\u011fi\u015fikli\u011fi gibi alengirli mevzularda T\u00fcrkiye\u2019nin en marka programlar\u0131 olan 32. G\u00fcn\u2019de, Siyaset Meydan\u0131\u2019nda, Teke Tek\u2019te, Objektif\u2019te, Bas\u0131n Kulisi\u2019nde, T\u00fcrkiye\u2019nin Nabz\u0131\u2019nda, \u0130skele Sancak\u2019ta, Tarafs\u0131z B\u00f6lge\u2019de en keskin m\u00fccadeleyi verenlerden biri ben iken bir \u201c\u00e7\u00f6p gibi kullan\u0131l\u0131p\u201d at\u0131lanlardan biri de ben oldum.<\/p>\n<p style=\"text-align: justify;\">Yine Sevilay Y\u00fckselir i\u015fte o g\u00fcnlerde yani daha 3-4 y\u0131l \u00f6ncesine kadar \u201cAbdullah G\u00fcl \u00c7ankaya\u2019ya \u00e7\u0131karsa oras\u0131 tarikat yuvas\u0131 olur, oras\u0131 Atat\u00fcrk\u2019\u00fcn k\u00f6\u015fk\u00fc, heyyy.. \u201cderken, Ayd\u0131n Do\u011fan ve ekibi Ak Parti\u2019ye a\u011fz\u0131na geleni s\u00f6ylerken birileri bedel \u00f6d\u00fcyordu.<\/p>\n<p style=\"text-align: justify;\">Ama Sevilay Y\u00fckselir\u2019e Sabah\u2019\u0131n \u201cg\u00f6be\u011fi\u201dnin teslim edilmesinden imtina edilmedi\u011fini de hepimiz biliyoruz!<\/p>\n<p style=\"text-align: justify;\">Neticede yamuk duru\u015f, dik duru\u015fa kar\u015f\u0131 bir kez daha galip gelmi\u015fti.<\/p>\n<p style=\"text-align: justify;\">Ben Ahmet Hakan\u2019\u0131n Tarafs\u0131z B\u00f6lgesi\u2019ne ve Habert\u00fcrk\u2019e s\u0131k s\u0131k \u00e7\u0131karken Rasim\u2019in sesi hala kulaklar\u0131mdad\u0131r..<\/p>\n<p style=\"text-align: justify;\">\u201cFikri, Ahmet Hakan\u2019\u0131n program\u0131na \u00e7\u0131kma, onlar sak\u0131ncal\u0131..\u201d diyen Rasim\u2019di..<\/p>\n<p style=\"text-align: justify;\">Tarafs\u0131z B\u00f6lge\u2019ye \u00e7\u0131karken k\u00f6\u015fesinde \u201cFikri Aky\u00fcz art\u0131k kapa\u011f\u0131 H\u00fcrriyet\u2019e atar\u201d diyen ise Sevilay Y\u00fckselir\u2019di..<\/p>\n<p style=\"text-align: justify;\">Ne oldu? Dev\u015firildim mi? O programlarda \u00c7etin Do\u011fan\u2019la, \u0130lhan Cihaner\u2019le, Canat Ar\u0131tman\u2019la, Tansel \u00c7\u00f6la\u015fan\u2019la, daha pek \u00e7ok m\u00fczmin muhalifle bir ideal u\u011fruna di\u015fe di\u015f m\u00fccadele ederken fikirlerimden mi d\u00f6nd\u00fcm?<\/p>\n<p style=\"text-align: justify;\">Hay\u0131flanmak anlam\u0131nda s\u00f6ylemiyorum ama ben hala bir kenar semtte 750 TL kira bedelli bir dairede otururken, 2006 model bir otomobile sahip olan biri olarak beni dev\u015firebilecek bir tek mahlukun olmas\u0131 m\u00fcmk\u00fcn m\u00fcd\u00fcr?<\/p>\n<p style=\"text-align: justify;\">Hala Ayd\u0131n Do\u011fan\u2019\u0131n bu memleketin ba\u015f\u0131na y\u0131llarca \u00e7orap \u00f6rd\u00fc\u011f\u00fcn\u00fc s\u00f6yl\u00fcyorum..<\/p>\n<p style=\"text-align: justify;\">Neticede, Rasim karde\u015fim, benden sana bir a\u011fabey tavsiyesi..<\/p>\n<p style=\"text-align: justify;\">Ya, ka\u00e7ak\u00e7\u0131 dedi\u011fin bir adam\u0131 eve \u00e7a\u011f\u0131mayacakt\u0131n..<\/p>\n<p style=\"text-align: justify;\">Ya da evine \u00e7a\u011f\u0131rma ihtimali bulunan birine ka\u00e7ak\u00e7\u0131 demeyecektin..<\/p>\n<p style=\"text-align: justify;\">Hele hele, bug\u00fcn seni destekler g\u00f6r\u00fcnen camiam\u0131z\u0131n \u201ca\u011fabeylerinin\u201d bir kalemde adam\u0131 \u00e7\u00f6p gibi f\u0131rlat\u0131p ataca\u011f\u0131n\u0131 \u00f6ng\u00f6rmeliydin.<\/p>\n<p style=\"text-align: justify;\">Ama belki de sen do\u011fru yoldas\u0131n..!<\/p>\n<p style=\"text-align: justify;\">\u00c7\u00fcnk\u00fc ben iktidar\u0131n icraat\u0131n\u0131n %80\u2019inini vicdani huzurla desteklerken ad\u0131m \u201cyalaka\u201d oldu..<\/p>\n<p style=\"text-align: justify;\">\u0130ktidar\u0131n icraat\u0131n\u0131n % 20\u2019sine tepki verirken ad\u0131m \u201cSen de mi Br\u00fct\u00fcs?\u201d oldu..<\/p>\n<p style=\"text-align: justify;\">Rasim, iktidara yak\u0131n sitelerden baz\u0131lar\u0131 bak daha d\u00fcn nas\u0131l bir utanmazca man\u015fet att\u0131:<\/p>\n<p style=\"text-align: justify;\">\u201cMehmet Altan kovulduktan sonra Star\u2019\u0131n tiraj\u0131 patlama yapt\u0131\u201d.<\/p>\n<p style=\"text-align: justify;\"><a href=\"http:\/\/haber.gazetevatan.com\/istifa-getiren-yazi\/428836\/11\/Haber\" target=\"_blank\">Kaynak : VATAN Gazetesi<\/a><\/p>\n","protected":false},"excerpt":{"rendered":"<p style=\"text-align: center;\">\n<p style=\"text-align: justify;\">Muhafazakar bas\u0131n\u0131n etkili kalemlerinden Fikri Aky\u00fcz, Rasim Ozan K\u00fctahyal\u0131 ve Nagehan Al\u00e7\u0131&#8217;y\u0131 ele\u015ftirdi\u011fi k\u00f6\u015fe yaz\u0131s\u0131 nedeniyle Yeni Akt\u00fcel&#8217;den istifa etmek zorunda kald\u0131<\/p>\n<p style=\"text-align: justify;\">Fikri Aky\u00fcz Rotahaber.com&#8217;da yay\u0131nlanan yaz\u0131 y\u00fcz\u00fcnden Yeni Akt\u00fcel&#8217;den istifa etti.<\/p>\n<p style=\"text-align: justify;\">Haber programc\u0131s\u0131 ve k\u00f6\u015fe yazar\u0131 Fikri Aky\u00fcz, Sabah-ATV grubuna ba\u011fl\u0131 Yeni Akt\u00fcel Dergisi&#8217;nden istifa <\/p>\n","protected":false},"author":1,"featured_media":0,"comment_status":"open","ping_status":"open","sticky":false,"template":"","format":"standard","meta":{"footnotes":""},"categories":[105],"tags":[879,649,880,883,882,346,881],"class_list":["post-48299","post","type-post","status-publish","format-standard","hentry","category-gundem","tag-fikri-akyuz","tag-nagehan-alci","tag-rasim-ozan-kutahyali","tag-rotahaber-com","tag-sabah-atv-grubu","tag-serhat-albayrak","tag-yeni-aktuel","odd"],"_links":{"self":[{"href":"http:\/\/www.korhanyilmaz.com\/index.php?rest_route=\/wp\/v2\/posts\/48299","targetHints":{"allow":["GET"]}}],"collection":[{"href":"http:\/\/www.korhanyilmaz.com\/index.php?rest_route=\/wp\/v2\/posts"}],"about":[{"href":"http:\/\/www.korhanyilmaz.com\/index.php?rest_route=\/wp\/v2\/types\/post"}],"author":[{"embeddable":true,"href":"http:\/\/www.korhanyilmaz.com\/index.php?rest_route=\/wp\/v2\/users\/1"}],"replies":[{"embeddable":true,"href":"http:\/\/www.korhanyilmaz.com\/index.php?rest_route=%2Fwp%2Fv2%2Fcomments&post=48299"}],"version-history":[{"count":0,"href":"http:\/\/www.korhanyilmaz.com\/index.php?rest_route=\/wp\/v2\/posts\/48299\/revisions"}],"wp:attachment":[{"href":"http:\/\/www.korhanyilmaz.com\/index.php?rest_route=%2Fwp%2Fv2%2Fmedia&parent=48299"}],"wp:term":[{"taxonomy":"category","embeddable":true,"href":"http:\/\/www.korhanyilmaz.com\/index.php?rest_route=%2Fwp%2Fv2%2Fcategories&post=48299"},{"taxonomy":"post_tag","embeddable":true,"href":"http:\/\/www.korhanyilmaz.com\/index.php?rest_route=%2Fwp%2Fv2%2Ftags&post=48299"}],"curies":[{"name":"wp","href":"https:\/\/api.w.org\/{rel}","templated":true}]}}