{"id":48289,"date":"2012-02-03T15:41:51","date_gmt":"2012-02-03T13:41:51","guid":{"rendered":"http:\/\/www.korhanyilmaz.com\/?p=48289"},"modified":"2012-02-04T01:59:51","modified_gmt":"2012-02-03T23:59:51","slug":"basbugun-avukatindan-iddianame-aciklamasi","status":"publish","type":"post","link":"http:\/\/www.korhanyilmaz.com\/?p=48289","title":{"rendered":"Ba\u015fbu\u011f&#8217;un avukat\u0131ndan iddianame a\u00e7\u0131klamas\u0131"},"content":{"rendered":"<div id=\"attachment_48290\" style=\"width: 320px\" class=\"wp-caption aligncenter\"><a href=\"http:\/\/www.korhanyilmaz.com\/wp-content\/uploads\/2012\/02\/9591.jpg\"  class=\"lightview\"><img loading=\"lazy\" decoding=\"async\" aria-describedby=\"caption-attachment-48290\" class=\" wp-image-48290 \" src=\"http:\/\/www.korhanyilmaz.com\/wp-content\/uploads\/2012\/02\/9591.jpg\" alt=\"\" width=\"310\" height=\"232\" \/><\/a><p id=\"caption-attachment-48290\" class=\"wp-caption-text\">\u0130lker Ba\u015fbu\u011f Vekili Avukat \u0130lkay Sezer ( AR\u015e\u0130V )<\/p><\/div>\n<p style=\"text-align: justify;\">&#8220;Mehmet \u0130lker Ba\u015fbu\u011f Vekili Avukat \u0130lkay Sezer&#8221; imzas\u0131yla yap\u0131lan yaz\u0131l\u0131 a\u00e7\u0131klamada eski Genelkurmay Ba\u015fbakan\u0131 \u0130lker Ba\u015fbu\u011f hakk\u0131nda su\u00e7 duyurusunda bulunulmas\u0131yla ba\u015flay\u0131p, k\u0131sa s\u00fcrede ifadeye \u00e7a\u011fr\u0131lmas\u0131 ve iddianamenin Yarg\u0131tay Cumhuriyet Ba\u015fsavc\u0131l\u0131\u011f\u0131&#8217;n\u0131n karar\u0131n\u0131 a\u00e7\u0131klamas\u0131 beklemeksizin 02 \u0130stanbul 13. A\u011f\u0131r Ceza Mahkemesi&#8217;ne g\u00f6nderilmesinin dikkat \u00e7ekici oldu\u011fu vurguland\u0131.\u00a0<!--more--><\/p>\n<p style=\"text-align: justify;\"><span style=\"text-decoration: underline;\">A\u00e7\u0131klamada \u015f\u00f6yle denildi<\/span>:<\/p>\n<p style=\"text-align: justify;\">1. 6 Ocak 2012 tarihinde m\u00fcvekkilimiz Emekli Orgeneral \u0130lker Ba\u015fbu\u011f tutuklanm\u0131\u015ft\u0131r.<\/p>\n<p style=\"text-align: justify;\">2. 12 Ocak 2012 tarihinde, Anayasa&#8217;n\u0131n 148\u2019inci maddesi gere\u011fince g\u00f6reve ve tutuklama karar\u0131na itiraz edilmi\u015ftir.<\/p>\n<p style=\"text-align: justify;\">3. 17 Ocak 2012 tarihinde g\u00f6reve ve tutuklama karar\u0131ma yap\u0131lan itiraz \u0130stanbul 12. A\u011f\u0131r Ceza Mahkemesi taraf\u0131ndan reddedilmi\u015ftir.<\/p>\n<p style=\"text-align: justify;\">4. 20 Ocak 2012 tarihinde Yarg\u0131tay Cumhuriyet Ba\u015fsavc\u0131l\u0131\u011f\u0131&#8217;na m\u00fcracaat edilerek T\u00fcrkiye&#8217;deki sayg\u0131n ve de\u011ferli hukuk\u00e7ular\u0131n belirtti\u011fi \u015eekilde, telafisi m\u00fcmk\u00fcn olmayacak zararlara meydan verilmemesi i\u00e7in Anayasa&#8217;n\u0131n 148\u2019inci maddesi gere\u011fince soru\u015fturma dosyas\u0131n\u0131n derhal istenmesi talep edilmi\u015ftir.<\/p>\n<p style=\"text-align: justify;\">5. 26 Ocak 2012 g\u00fcn\u00fc saat 08.50&#8217;de \u0130stanbul Cumhuriyet Ba\u015fsavc\u0131l\u0131\u011f\u0131&#8217;na (CMK m.250 ile Yetkili Birim) yaz\u0131l\u0131 olarak, Yarg\u0131tay Cumhuriyet Ba\u015fsavc\u0131l\u0131\u011f\u0131&#8217;na m\u00fcracaat edildi\u011fi bildirilerek, Yarg\u0131tay Cumhuriyet Ba\u015fsavc\u0131l\u0131\u011f\u0131 taraf\u0131ndan verilecek karara kadar beklenilmesi talep edilmi\u015ftir.<\/p>\n<p style=\"text-align: justify;\">6. 2 \u015fubat 2012 g\u00fcn\u00fc \u00f6\u011flen saatlerinde Yarg\u0131tay Cumhuriyet Ba\u015fsavc\u0131l\u0131\u011f\u0131&#8217;na ayr\u0131ca bir hukuki m\u00fctalaa sunulmu\u015ftur.<\/p>\n<p style=\"text-align: justify;\">7. Yukar\u0131da belirtilen s\u00fcre\u00e7 devam ederken ve Yarg\u0131tay Cumhuriyet Ba\u015fsavc\u0131l\u0131\u011f\u0131&#8217;n\u0131n talebimize ili\u015fkin bir karar\u0131 beklenilmeden, 2 \u015eubat 2012 g\u00fcn\u00fc \u00f6\u011fleden sonra, m\u00fcvekkilim hakk\u0131ndan haz\u0131rlanan iddianamenin \u0130stanbul 13. A\u011f\u0131r Ceza Mahkemesi&#8217;ne g\u00f6nderildi\u011fi bas\u0131ndan \u00f6\u011frenilmi\u015ftir. Bu iddianame \u0130stanbul 13. A\u011f\u0131r Ceza Mahkemesi taraf\u0131ndan kabul edilmesini m\u00fcteakip taraf\u0131m\u0131za verilecektir.<\/p>\n<p style=\"text-align: justify;\">8. 30 Aral\u0131k 2011 tarihinde mahkeme taraf\u0131ndan m\u00fcvekkilimiz hakk\u0131nda su\u00e7 duyurusunda bulunulmas\u0131, 5 Ocak 2012 tarihinde k\u0131sa bir s\u00fcre i\u00e7inde ifadeye \u00e7a\u011fr\u0131lmas\u0131, iddianamenin Yarg\u0131tay Cumhuriyet Ba\u015fsavc\u0131l\u0131\u011f\u0131&#8217;n\u0131n karar\u0131n\u0131 a\u00e7\u0131klamas\u0131 beklemeksizin 2 \u015eubat 2012 tarihinde \u0130stanbul 13. A\u011f\u0131r Ceza Mahkemesi&#8217;ne g\u00f6nderilmesi dikkat \u00e7ekicidir.<\/p>\n<p style=\"text-align: justify;\">9. Bas\u0131na yans\u0131d\u0131\u011f\u0131 kadar\u0131yla iddianamede yer alan su\u00e7lamalar ile tutuklama karar\u0131nda yer alan su\u00e7lamalar\u0131n ayn\u0131 oldu\u011fu anla\u015f\u0131lmaktad\u0131r.<\/p>\n<p style=\"text-align: justify;\"><strong>Su\u00e7lamalardan birisi \u2018Silahl\u0131 Ter\u00f6r \u00d6rg\u00fct\u00fc Kurma veya Y\u00f6netme&#8217;dir.<\/strong><\/p>\n<p style=\"text-align: justify;\">Anayasa&#8217;n\u0131n 117\u2019nci maddesine g\u00f6re Genelkurmay Ba\u015fkan\u0131; Silahl\u0131 Kuvvetlerin Komutan\u0131 olup, sava\u015fta Ba\u015fkomutanl\u0131k g\u00f6revlerini Cumhurba\u015fkan\u0131 nam\u0131na yerine getirir.<\/p>\n<p style=\"text-align: justify;\">Bir kimseye ayn\u0131 zamanda, hem T\u00fcrk Silahl\u0131 Kuvvetleri&#8217;nin Komutan\u0131, hem de Silahl\u0131 Ter\u00f6r \u00d6rg\u00fct\u00fc&#8217;n\u00fcn y\u00f6neticisi demenin, her \u015feyden \u00f6nce T\u00fcrk Silahl\u0131 Kuvvetlerine ve onun Komutan\u0131na y\u00f6neltilebilecek en a\u011f\u0131r su\u00e7lama oldu\u011fu kanaatindeyiz.<\/p>\n<p style=\"text-align: justify;\">Bu su\u00e7laman\u0131n ki\u015fisel s\u0131n\u0131rda kald\u0131\u011f\u0131n\u0131 iddia etmek de d\u00fc\u015f\u00fcn\u00fclemez. \u00c7\u00fcnk\u00fc su\u00e7lamalar m\u00fcvekkilimizin yaln\u0131zca Genelkurmay Ba\u015fkanl\u0131\u011f\u0131 g\u00f6rev s\u00fcresini kapsamaktad\u0131r.<\/p>\n<p style=\"text-align: justify;\">Di\u011fer su\u00e7lama ise \u201cT\u00fcrkiye Cumhuriyeti H\u00fck\u00fcmetini Ortadan Kald\u0131rmaya veya G\u00f6revini Yapmas\u0131n\u0131 Engellemeye Te\u015febb\u00fcs Etme&#8217;dir&#8221;<\/p>\n<p style=\"text-align: justify;\">Bu su\u00e7laman\u0131n temel dayana\u011f\u0131n\u0131n \u201c\u0130nternet \u00fczerinden h\u00fck\u00fcmet aleyhine propaganda yap\u0131lmas\u0131&#8221; iddias\u0131 oldu\u011fu d\u00fc\u015f\u00fcn\u00fclmektedir.<\/p>\n<p style=\"text-align: justify;\">10. \u0130stanbul 13. A\u011f\u0131r Ceza Mahkemesi taraf\u0131ndan 29 Temmuz 2011 tarihinde kabul edilen iddianameye bak\u0131l\u0131r ise; daha \u00f6nceki y\u0131llarda i\u015fletilmeye ba\u015flanm\u0131\u015f internet sitelerinin ilgili Kanuna \u015eekil ve teknik a\u00e7\u0131dan uyumlu olmad\u0131klar\u0131 i\u00e7in \u015eubat 2009 ay\u0131 i\u00e7erisinde kapat\u0131lm\u0131\u015f olduklar\u0131, iddianame eklerinde bulunan tespit raporlar\u0131nda ise 30 A\u011fustos 2008 tarihinden kapat\u0131ld\u0131klar\u0131 tarihe kadar da bu sitelerde g\u00fcncelleme yap\u0131lmad\u0131\u011f\u0131 g\u00f6r\u00fcl\u00fcr. Dolay\u0131s\u0131yla \u015eubat 2009&#8217;dan 30 A\u011fustos 2010 tarihine kadar Genelkurmay Ba\u015fkanl\u0131\u011f\u0131&#8217;n\u0131n resmi internet sitesi hari\u00e7 i\u015fletmekte oldu\u011fu herhangi bir site bulunmamaktad\u0131r. Kamuoyunun bilgi ve takdirine sayg\u0131yla sunulur. &#8220;<\/p>\n<p style=\"text-align: justify;\"><span style=\"color: #888888;\">Haber :\u00a0Selahattin G\u00dcNDAY &#8211; \u0130STANBUL DHA<\/span><\/p>\n<p style=\"text-align: justify;\"><a href=\"http:\/\/www.hurriyet.com.tr\/gundem\/19838451.asp\" target=\"_blank\">Kaynak : H\u00fcrriyet.com.tr<\/a><\/p>\n","protected":false},"excerpt":{"rendered":"<p id=\"caption-attachment-48290\" class=\"wp-caption-text\">\u0130lker Ba\u015fbu\u011f Vekili Avukat \u0130lkay Sezer ( AR\u015e\u0130V )<\/p>\n<p style=\"text-align: justify;\">&#8220;Mehmet \u0130lker Ba\u015fbu\u011f Vekili Avukat \u0130lkay Sezer&#8221; imzas\u0131yla yap\u0131lan yaz\u0131l\u0131 a\u00e7\u0131klamada eski Genelkurmay Ba\u015fbakan\u0131 \u0130lker Ba\u015fbu\u011f hakk\u0131nda su\u00e7 duyurusunda bulunulmas\u0131yla ba\u015flay\u0131p, k\u0131sa s\u00fcrede ifadeye \u00e7a\u011fr\u0131lmas\u0131 ve iddianamenin Yarg\u0131tay Cumhuriyet Ba\u015fsavc\u0131l\u0131\u011f\u0131&#8217;n\u0131n karar\u0131n\u0131 a\u00e7\u0131klamas\u0131 beklemeksizin 02 \u0130stanbul 13. A\u011f\u0131r Ceza Mahkemesi&#8217;ne g\u00f6nderilmesinin dikkat \u00e7ekici <\/p>\n","protected":false},"author":1,"featured_media":0,"comment_status":"open","ping_status":"open","sticky":false,"template":"","format":"standard","meta":{"footnotes":""},"categories":[105],"tags":[],"class_list":["post-48289","post","type-post","status-publish","format-standard","hentry","category-gundem","odd"],"_links":{"self":[{"href":"http:\/\/www.korhanyilmaz.com\/index.php?rest_route=\/wp\/v2\/posts\/48289","targetHints":{"allow":["GET"]}}],"collection":[{"href":"http:\/\/www.korhanyilmaz.com\/index.php?rest_route=\/wp\/v2\/posts"}],"about":[{"href":"http:\/\/www.korhanyilmaz.com\/index.php?rest_route=\/wp\/v2\/types\/post"}],"author":[{"embeddable":true,"href":"http:\/\/www.korhanyilmaz.com\/index.php?rest_route=\/wp\/v2\/users\/1"}],"replies":[{"embeddable":true,"href":"http:\/\/www.korhanyilmaz.com\/index.php?rest_route=%2Fwp%2Fv2%2Fcomments&post=48289"}],"version-history":[{"count":0,"href":"http:\/\/www.korhanyilmaz.com\/index.php?rest_route=\/wp\/v2\/posts\/48289\/revisions"}],"wp:attachment":[{"href":"http:\/\/www.korhanyilmaz.com\/index.php?rest_route=%2Fwp%2Fv2%2Fmedia&parent=48289"}],"wp:term":[{"taxonomy":"category","embeddable":true,"href":"http:\/\/www.korhanyilmaz.com\/index.php?rest_route=%2Fwp%2Fv2%2Fcategories&post=48289"},{"taxonomy":"post_tag","embeddable":true,"href":"http:\/\/www.korhanyilmaz.com\/index.php?rest_route=%2Fwp%2Fv2%2Ftags&post=48289"}],"curies":[{"name":"wp","href":"https:\/\/api.w.org\/{rel}","templated":true}]}}