{"id":48281,"date":"2012-02-03T16:40:04","date_gmt":"2012-02-03T14:40:04","guid":{"rendered":"http:\/\/www.korhanyilmaz.com\/?p=48281"},"modified":"2012-02-03T20:11:08","modified_gmt":"2012-02-03T18:11:08","slug":"basbakanliktan-santaj-aciklamasi","status":"publish","type":"post","link":"http:\/\/www.korhanyilmaz.com\/?p=48281","title":{"rendered":"Ba\u015fbakanl\u0131k&#8217;tan &#8216;\u015fantaj&#8217; a\u00e7\u0131klamas\u0131"},"content":{"rendered":"<p style=\"text-align: center;\"><a href=\"http:\/\/www.korhanyilmaz.com\/wp-content\/uploads\/2012\/02\/9589.jpg\"  class=\"lightview\"><img loading=\"lazy\" decoding=\"async\" class=\"aligncenter  wp-image-48282\" src=\"http:\/\/www.korhanyilmaz.com\/wp-content\/uploads\/2012\/02\/9589.jpg\" alt=\"\" width=\"320\" height=\"214\" \/><\/a><\/p>\n<p style=\"text-align: justify;\">Ba\u015fbakanl\u0131k, Ba\u015fbakan Recep Tayyip Erdo\u011fan ile eski Genelkurmay Ba\u015fkan\u0131 Orgeneral Ya\u015far B\u00fcy\u00fckan\u0131t aras\u0131nda ger\u00e7ekle\u015fen g\u00f6r\u00fc\u015fmeye dair bug\u00fcn baz\u0131 gazetelerde ileri s\u00fcr\u00fclen \u015fantaj iddias\u0131n\u0131n ger\u00e7e\u011fi yans\u0131tmad\u0131\u011f\u0131n\u0131 bildirdi.<\/p>\n<p style=\"text-align: justify;\">Ba\u015fbakanl\u0131k\u2019tan yap\u0131lan bas\u0131n a\u00e7\u0131klamas\u0131nda, &#8220;\u0130stanbul\u2019da Ba\u015fbakanl\u0131k Dolmabah\u00e7e \u00c7al\u0131\u015fma Ofisi\u2019nde 4 May\u0131s 2007 tarihinde Ba\u015fbakan Recep Tayyip Erdo\u011fan ile d\u00f6nemin Genelkurmay Ba\u015fkan\u0131 Orgeneral Ya\u015far B\u00fcy\u00fckan\u0131t aras\u0131nda ger\u00e7ekle\u015fen g\u00f6r\u00fc\u015fmeye dair bug\u00fcn baz\u0131 gazetelerde ileri s\u00fcr\u00fclen \u015fantaj iddias\u0131 ger\u00e7e\u011fi yans\u0131tmamaktad\u0131r&#8221; denildi.<!--more--><\/p>\n<p style=\"text-align: justify;\">A\u00e7\u0131klamaya \u015f\u00f6yle devam edildi:<\/p>\n<p style=\"text-align: justify;\">&#8220;Mesnetsiz iddialar\u0131n haber olarak sunulmas\u0131, kamuoyunu do\u011fru bilgilendirme ilkesiyle de ba\u011fda\u015fmamaktad\u0131r. \u0130lgili yay\u0131n organlar\u0131na kar\u015f\u0131 her t\u00fcrl\u00fc hukuki hakk\u0131n\u0131 mahfuz tutan Say\u0131n Ba\u015fbakan\u0131m\u0131z, ger\u00e7ekle \u00f6rt\u00fc\u015fmeyen bu t\u00fcr iddialar\u0131 esefle kar\u015f\u0131lamaktad\u0131r.&#8221;<\/p>\n<p style=\"text-align: justify;\"><strong>BA\u015eBAKANLI\u011eIN YALANLADI\u011eI HABER NEYD\u0130?\u00a0<\/strong><\/p>\n<p style=\"text-align: justify;\">S\u00f6z konusu haberlerde yay\u0131nlanan bir kitaba dayan\u0131larak, T\u00fcrk Polisinin, 21 Kas\u0131m\u2019da b\u00fcy\u00fckel\u00e7ili\u011fe, AKP H\u00fck\u00fcmeti\u2019ni y\u0131kmay\u0131 hedefledi\u011fi iddia edilen karanl\u0131k grup Ergenekon hakk\u0131ndaki soru\u015fturmalar\u0131yla ilgili geni\u015f kapsaml\u0131 bir brifing verdi\u011fi belirtiliyor.<\/p>\n<p style=\"text-align: justify;\">\u0130ddialara g\u00f6re, ABD\u2019li yetkililere rapor sunarcas\u0131na verilen brifingin ayr\u0131nt\u0131lar\u0131n\u0131 i\u00e7eren belgenin 4. maddesinde ise Ya\u015far B\u00fcy\u00fckan\u0131t ile ilgili bilgiler yer al\u0131yor. Buna g\u00f6re polis, Eski\u015fehir\u2019de bir eve yapt\u0131\u011f\u0131 operasyonda cephanelikle beraber \u00e7ok say\u0131da belge ve rapora ula\u015f\u0131yor. Bu belgeler aras\u0131nda ise B\u00fcy\u00fckan\u0131t\u2019\u0131n k\u0131z\u0131n\u0131n mahrem g\u00f6r\u00fcnt\u00fclerinin oldu\u011fu foto\u011fraflar ve belgeler var. Belge\u2019nin son b\u00f6l\u00fcm\u00fcnde Ya\u015far B\u00fcy\u00fckan\u0131t\u2019\u0131n k\u0131z\u0131yla ilgili \u015fu ifadeler yer al\u0131yor:<\/p>\n<p style=\"text-align: justify;\">&#8220;(T\u00fcrk Polisi) Eski Genelkurmay Ba\u015fkan\u0131 B\u00fcy\u00fckan\u0131t\u2019\u0131n k\u0131z\u0131n\u0131n cinsel aktiviteleri ile ilgili foto\u011fraflar ve belgeler bulmu\u015ftu.&#8221;<\/p>\n<p style=\"text-align: justify;\"><a href=\"http:\/\/siyaset.milliyet.com.tr\/basbakanlik-tan-santaj-aciklamasi\/siyaset\/siyasetdetay\/03.02.2012\/1497678\/default.htm\" target=\"_blank\">Kaynak : Milliyet.com.tr<\/a><\/p>\n","protected":false},"excerpt":{"rendered":"<p style=\"text-align: center;\">\n<p style=\"text-align: justify;\">Ba\u015fbakanl\u0131k, Ba\u015fbakan Recep Tayyip Erdo\u011fan ile eski Genelkurmay Ba\u015fkan\u0131 Orgeneral Ya\u015far B\u00fcy\u00fckan\u0131t aras\u0131nda ger\u00e7ekle\u015fen g\u00f6r\u00fc\u015fmeye dair bug\u00fcn baz\u0131 gazetelerde ileri s\u00fcr\u00fclen \u015fantaj iddias\u0131n\u0131n ger\u00e7e\u011fi yans\u0131tmad\u0131\u011f\u0131n\u0131 bildirdi.<\/p>\n<p style=\"text-align: justify;\">Ba\u015fbakanl\u0131k\u2019tan yap\u0131lan bas\u0131n a\u00e7\u0131klamas\u0131nda, &#8220;\u0130stanbul\u2019da Ba\u015fbakanl\u0131k Dolmabah\u00e7e \u00c7al\u0131\u015fma Ofisi\u2019nde 4 May\u0131s 2007 tarihinde Ba\u015fbakan Recep Tayyip Erdo\u011fan ile d\u00f6nemin Genelkurmay Ba\u015fkan\u0131 Orgeneral <\/p>\n","protected":false},"author":1,"featured_media":0,"comment_status":"open","ping_status":"open","sticky":false,"template":"","format":"standard","meta":{"footnotes":""},"categories":[105],"tags":[],"class_list":["post-48281","post","type-post","status-publish","format-standard","hentry","category-gundem","odd"],"_links":{"self":[{"href":"http:\/\/www.korhanyilmaz.com\/index.php?rest_route=\/wp\/v2\/posts\/48281","targetHints":{"allow":["GET"]}}],"collection":[{"href":"http:\/\/www.korhanyilmaz.com\/index.php?rest_route=\/wp\/v2\/posts"}],"about":[{"href":"http:\/\/www.korhanyilmaz.com\/index.php?rest_route=\/wp\/v2\/types\/post"}],"author":[{"embeddable":true,"href":"http:\/\/www.korhanyilmaz.com\/index.php?rest_route=\/wp\/v2\/users\/1"}],"replies":[{"embeddable":true,"href":"http:\/\/www.korhanyilmaz.com\/index.php?rest_route=%2Fwp%2Fv2%2Fcomments&post=48281"}],"version-history":[{"count":0,"href":"http:\/\/www.korhanyilmaz.com\/index.php?rest_route=\/wp\/v2\/posts\/48281\/revisions"}],"wp:attachment":[{"href":"http:\/\/www.korhanyilmaz.com\/index.php?rest_route=%2Fwp%2Fv2%2Fmedia&parent=48281"}],"wp:term":[{"taxonomy":"category","embeddable":true,"href":"http:\/\/www.korhanyilmaz.com\/index.php?rest_route=%2Fwp%2Fv2%2Fcategories&post=48281"},{"taxonomy":"post_tag","embeddable":true,"href":"http:\/\/www.korhanyilmaz.com\/index.php?rest_route=%2Fwp%2Fv2%2Ftags&post=48281"}],"curies":[{"name":"wp","href":"https:\/\/api.w.org\/{rel}","templated":true}]}}